{"id":14449,"date":"2021-08-17T22:21:40","date_gmt":"2021-08-17T22:21:40","guid":{"rendered":"https:\/\/cordoba.gob.ar\/?p=12208"},"modified":"2021-08-17T22:21:40","modified_gmt":"2021-08-17T22:21:40","slug":"en-el-mes-de-las-infancias-los-titeres-llegan-a-los-parques-educativos-y-al-cabildo","status":"publish","type":"post","link":"http:\/\/cordobadirecto.com\/index.php\/2021\/08\/17\/en-el-mes-de-las-infancias-los-titeres-llegan-a-los-parques-educativos-y-al-cabildo\/","title":{"rendered":"En el mes de las Infancias, los t\u00edteres llegan a los Parques Educativos y al Cabildo"},"content":{"rendered":"<div><img src=\"http:\/\/cordobadirecto.com\/wp-content\/uploads\/2021\/08\/en-el-mes-de-las-infancias-los-titeres-llegan-a-los-parques-educativos-y-al-cabildo.jpg\" class=\"ff-og-image-inserted\"><\/div>\n<ul>\n<li><strong>Se trata del teatro \u201cT\u00edteres con burbujas\u201d, con funciones presenciales en el Cabildo y en los Parques Educativos.<\/strong><\/li>\n<li><strong>Los cupos son limitados y con reserva previa completando este <a href=\"https:\/\/bit.ly\/3ySlmoj\">formulario.<\/a><\/strong><\/li>\n<\/ul>\n<hr>\n<p>La Municipalidad de C\u00f3rdoba, a trav\u00e9s de Subsecretar\u00eda de Cultura dependiente de la Secretar\u00eda de Gobierno, ofrecer\u00e1 funciones de teatro de t\u00edteres para ni\u00f1os en el Patio Mayor del Cabildo y en los cuatro Parques Educativos.<\/p>\n<p>En el mes de las Infancias vuelve la actividad cultural que se llev\u00f3 a cabo durante el receso invernal 2021 para los m\u00e1s chicos: el ciclo \u201cT\u00edteres con burbujas\u201d, abierto a todo p\u00fablico y con cupos limitados, se respetar\u00e1n los protocolos sanitarios vigentes a la fecha. Cabe recordar que se debe llegar 15 minutos antes del horario de cada funci\u00f3n.<\/p>\n<p>Organizado en el marco del programa \u201cCentro Integral de T\u00edteres H\u00e9ctor Di Mauro\u201d, que lleva adelante la Direcci\u00f3n de Cultura Viva, se establece una grilla con los d\u00edas y horarios que se detallan a continuaci\u00f3n:<\/p>\n<p><strong>Funciones en el Cabildo<\/strong><\/p>\n<p><strong>S\u00e1bado 21 de agosto <\/strong><\/p>\n<p>16 hs \u2013 \u201cUn Color\u00edn\u2026 Nada Colorado\u201d por grupo Astrolabio<\/p>\n<p><strong>S\u00e1bado 28 de agosto <\/strong><\/p>\n<p>16 hs&nbsp;\u2013 &nbsp;\u201cLos t\u00edteres de Don Zoilo\u201d por Gabriel Almeida<\/p>\n<p><strong>Funciones en los Parques Educativos:<\/strong><\/p>\n<p><strong>&nbsp;<\/strong><strong>Jueves 19 de agosto <\/strong><\/p>\n<p>Parque Educativo Sureste<\/p>\n<p>10 hs \u201cDentina, doctora de dientes\u201d por Grupo T\u00edteres El lucero<\/p>\n<p>14 hs \u201cRenata\u201d por Cecilia Di Mauro, Sebasti\u00e1n Cabrera.<\/p>\n<p>Parque Educativo Este<\/p>\n<p>14 hs \u201cEl Investigatopo\u201d por grupo Chachakun<\/p>\n<p>16 hs \u201cLos c\u00f3micos del 900\u201d por grupo El chonchon<\/p>\n<p><strong>Mi\u00e9rcoles 25 de agosto<\/strong><\/p>\n<p>Parque Educativo Sur<\/p>\n<p>10.30 y 15.30 hs \u201cPoroto el semillo\u201d por Teatro Fresca Viruta<\/p>\n<p><strong>Jueves 26 de agosto<\/strong><\/p>\n<p>Parque Educativo Norte.<\/p>\n<p>11 h y 15 hs \u201cEl circo peque\u00f1o m\u00e1s grande del mundo\u201d por el grupo Teatro de T\u00edteres y Marionetas Colibr\u00ed<\/p>\n<p><strong>Mi\u00e9rcoles 01 de Setiembre <\/strong><\/p>\n<p>Parque Educativo Noroeste.<\/p>\n<p>10,30 h y 15 hs \u201cHay un naranjo en mi huerto\u201d por grupo Manos a la obra<\/p>\n","protected":false},"excerpt":{"rendered":"<p>Se trata del teatro \u201cT\u00edteres con burbujas\u201d, con funciones presenciales en el Cabildo y en los Parques Educativos. Los cupos son limitados y con reserva previa completando este formulario. La Municipalidad de C\u00f3rdoba, a trav\u00e9s de Subsecretar\u00eda de Cultura dependiente de la Secretar\u00eda de Gobierno, ofrecer\u00e1 funciones de teatro de t\u00edteres para ni\u00f1os en el [&hellip;]<\/p>\n","protected":false},"author":1,"featured_media":14450,"comment_status":"closed","ping_status":"closed","sticky":false,"template":"","format":"standard","meta":[],"categories":[44],"tags":[],"_links":{"self":[{"href":"http:\/\/cordobadirecto.com\/index.php\/wp-json\/wp\/v2\/posts\/14449"}],"collection":[{"href":"http:\/\/cordobadirecto.com\/index.php\/wp-json\/wp\/v2\/posts"}],"about":[{"href":"http:\/\/cordobadirecto.com\/index.php\/wp-json\/wp\/v2\/types\/post"}],"author":[{"embeddable":true,"href":"http:\/\/cordobadirecto.com\/index.php\/wp-json\/wp\/v2\/users\/1"}],"replies":[{"embeddable":true,"href":"http:\/\/cordobadirecto.com\/index.php\/wp-json\/wp\/v2\/comments?post=14449"}],"version-history":[{"count":0,"href":"http:\/\/cordobadirecto.com\/index.php\/wp-json\/wp\/v2\/posts\/14449\/revisions"}],"wp:featuredmedia":[{"embeddable":true,"href":"http:\/\/cordobadirecto.com\/index.php\/wp-json\/wp\/v2\/media\/14450"}],"wp:attachment":[{"href":"http:\/\/cordobadirecto.com\/index.php\/wp-json\/wp\/v2\/media?parent=14449"}],"wp:term":[{"taxonomy":"category","embeddable":true,"href":"http:\/\/cordobadirecto.com\/index.php\/wp-json\/wp\/v2\/categories?post=14449"},{"taxonomy":"post_tag","embeddable":true,"href":"http:\/\/cordobadirecto.com\/index.php\/wp-json\/wp\/v2\/tags?post=14449"}],"curies":[{"name":"wp","href":"https:\/\/api.w.org\/{rel}","templated":true}]}}