{"id":144625,"date":"2023-11-27T04:31:09","date_gmt":"2023-11-27T04:31:09","guid":{"rendered":"https:\/\/puntoapunto.com.ar\/?p=353706"},"modified":"2023-11-27T04:31:09","modified_gmt":"2023-11-27T04:31:09","slug":"administracion-milei-el-hexagono-de-poder-y-como-se-cocina-la-reforma-del-estado","status":"publish","type":"post","link":"http:\/\/cordobadirecto.com\/index.php\/2023\/11\/27\/administracion-milei-el-hexagono-de-poder-y-como-se-cocina-la-reforma-del-estado\/","title":{"rendered":"Administraci\u00f3n Milei: el \u00abhex\u00e1gono de poder\u00bb y c\u00f3mo se cocina la reforma del Estado"},"content":{"rendered":"<div class=\"g g-36\">\n<div class=\"g-dyn a-29 c-1\"><a class=\"gofollow\" data-track=\"MjksMzYsMSw2MA==\" href=\"https:\/\/www.harmoniechateau.com.ar\/\" target=\"_blank\" rel=\"noopener\"><img decoding=\"async\" class=\"lazyload\" src=\"http:\/\/cordobadirecto.com\/wp-content\/uploads\/2023\/11\/administracion-milei-el-hexagono-de-poder-y-como-se-cocina-la-reforma-del-estado.jpg\"><\/a><\/div>\n<\/div>\n<p>&nbsp;\n<\/p>\n<p>Como una partida de truco entre 6 y dos equipos con identidades y condiciones diferenciadas. Propuesta, argumentaci\u00f3n, an\u00e1lisis y definici\u00f3n. As\u00ed viene trabajando la mesa chica que dise\u00f1a la estrategia de corto, mediano y largo plazo del pr\u00f3ximo gobierno de Javier Milei.<br \/>En el bunker principal de La Libertad Avanza, en el piso 21 del Hotel Libertador, donde hace varias semanas viene trabajando el libertario y parte de sus colaboradores desde el lunes 20, la \u201cmesa\u201d tiene conformaci\u00f3n m\u00e1s estructurada.\n<\/p>\n<p>Desde el espacio que ser\u00e1 gobierno se habla de un equipo chico que trabaja intensamente por la ma\u00f1ana en la estructura de la estrat\u00e9gica del gobierno. De un lado de hex\u00e1gono operan tres v\u00e9rtices \u201ccreativos\u201d: Javier Milei, Karina Milei y Santiago Caputo, el polit\u00f3logo y publicista a quien el presidente electo considera el arquitecto del triunfo del domingo 19 de noviembre.<br \/>Los otros tres v\u00e9rtices son \u201clos pragm\u00e1ticos\u201d: Guillermo Francos \u2013quien asumir\u00eda el ministerio del Interior-, Nicol\u00e1s Posse \u2013de extrema confianza de Milei, trabajaron junto en Corporaci\u00f3n Am\u00e9rica y lider\u00f3 los equipos t\u00e9cnicos, suena como jefe de Gabinete- y Diana Mondino, de las primeras en sumarse a LLA y que asumir\u00eda en Canciller\u00eda.\n<\/p>\n<p>De hecho la m\u00e1s demandada por estos d\u00edas fue la cordobesa, quien tuvo que ajustarse a varios roles: como miembro de la mesa chica estrat\u00e9gica, como enlace gestionando futuros funcionarios, pero principalmente trabajando en la transici\u00f3n de gobierno y Canciller\u00eda. \u201cHay que sacarse el sombrero porque la asunci\u00f3n del mando depende de ella, log\u00edstica, invitaciones a los jefes de Estado, contactos. Adem\u00e1s ve temas del Mercosur, relaci\u00f3n con socios comerciales del bloque, rehenes de Israel. Y logr\u00f3 algo muy importante, en 48 horas se comunicaron para felicitar a Milei los principales l\u00edderes del mundo como Joe Biden, el Papa Francisco o Macron. Xi Jinping mand\u00f3 una carta y no es com\u00fan que se comuniquen ni manden nada. Ah\u00ed se vio la mano de Diana con la Embajada\u201d, reconocen en LLA.\n<\/p>\n<p><strong>Operaci\u00f3n<\/strong>. Por lo que se pudo reconstruir, las reuniones del equipo de trabajo arrancan entre las 8 y las 8.30 (a excepci\u00f3n del lunes 20 que empezaron mucho m\u00e1s temprano) y se extienden hasta la tarde noche y m\u00e1s. Pero el primer tramo del d\u00eda, hasta media ma\u00f1ana est\u00e1 concentrado en la definici\u00f3n y negociaci\u00f3n por los nombres. All\u00ed participa el hex\u00e1gono en pleno, que luego va mutando por la agenda de sus integrantes.<\/p>\n<p>Lo que se vi\u00f3 la semana pasada fue clave en ese sentido: el eje \u201cpragm\u00e1tico\u201d del hex\u00e1gono de gobierno logr\u00f3 instalar la idea de que era important\u00edsimo darle un perfil t\u00e9cnico y profesional a la primera y segunda l\u00ednea de la administraci\u00f3n.<br \/>As\u00ed es que se defini\u00f3 la llegada de Luis Caputo como ministro de Econom\u00eda (al cierre de esta edici\u00f3n resta su confirmaci\u00f3n oficial) o Demian Reidel para dirigir el Banco Central. Reidel ya fue director del \u201cBecerra\u201d entre 2015 y 2018 y hab\u00eda sido convocado por Federico Sturzenegger para una tarea fundamental que cumpli\u00f3: quitar el cepo.\n<\/p>\n<p>En la designaci\u00f3n de Caputo como de Reidel pueden verse claramente dos elementos: la influencia que comienza a gravitar por parte del expresidente Macri, pero tambi\u00e9n el cambio de rumbo que est\u00e1 adoptando el armado de Milei para llegar al 10 de diciembre: as\u00ed se baj\u00f3 a Emilio Ocampo, un te\u00f3rico del sistema monetario e impulsor de la dolarizaci\u00f3n. Y lo mismo cabe para Horacio Marin, el pr\u00f3ximo CEO y presidente de YPF. Hombre de Paolo Rocca, se desempe\u00f1aba como presidente de Tecpetrol, la firma petrolera del holding Techint.\n<\/p>\n<p><strong>M\u00e1s pragmatismo y cordobesismo<\/strong>. Franco Mogetta, de Transporte de C\u00f3rdoba a Transporte de la Naci\u00f3n y el propio pase de Osvaldo Giordano, el actual ministro de Finanzas de Schiaretti y ex titular de la Caja de Jubilaciones de la Provincia, para hacerse cargo de Anses es otra muestra de que el pragmatismo le est\u00e1 ganando la batalla al dogmatismo.\n<\/p>\n<p>Esta semana se confirmar\u00e1 otro pase del gobierno de C\u00f3rdoba a la Naci\u00f3n: Daniel Tillard deja la presidencia de Bancor para dirigir el Banco Naci\u00f3n. Tillard tiene excelente relaci\u00f3n con Mondino \u2013a quien conoce desde la universidad- y muy buen concepto de Francos, de quien considera \u201cfue el mejor presidente del Bapro\u201d.\n<\/p>\n<p>El actual ministro de Agua, Ambiente y Servicios P\u00fablicos, Fabi\u00e1n L\u00f3pez y el exministro de Infraestructura de C\u00f3rdoba, Hugo Testa, son dos nombres que podr\u00edan sumarse en los pr\u00f3ximos d\u00edas.\n<\/p>\n<p><strong>Pr\u00f3ximos pasos<\/strong>. Para lo que viene la mesa chica del gobierno est\u00e1 enfocada en tres aspectos: primero, terminar de armar los equipos y dejar los cargos listos, al menos para las primeras, segundas y terceras l\u00edneas. Todav\u00eda resta la confirmaci\u00f3n de nombres en danza y cubrir cientos de puestos pol\u00edticos no solo en la administraci\u00f3n central sino en organismos descentralizados y en las dependencias que Naci\u00f3n tiene en las provincias.\n<\/p>\n<p>En segundo lugar, y algo que comenzar\u00e1 a verse con m\u00e1s potencia en estas semanas ser\u00e1 explicitar la herencia. \u201cNo se har\u00e1 en t\u00e9rminos conceptuales, sino vamos a los n\u00fameros. Se pondr\u00e1 foco en blanquear la herencia en t\u00e9rminos espec\u00edficos: cu\u00e1nto son las Leliqs, qu\u00e9 significan al 300%, porque b\u00e1sicamente es la duplicaci\u00f3n de la base monetaria cada 80 d\u00edas. Son 15 bases monetarias por a\u00f1o. Cu\u00e1nto es la deuda no pagada con los importadores, que quede bien claro todo eso. No queremos que se diga desastre econ\u00f3mico como una chicana, sino ser concretos sobre lo que recibimos\u201d, anticiparon fuentes del gobierno a&nbsp;<strong>PERFIL CORDOBA<\/strong>.\n<\/p>\n<p>Y tercero lo que se prepara como una de las primeras medidas de gobierno: la confecci\u00f3n del paquete de leyes para la reforma del Estado. Esa reforma se trabajar\u00e1 etapabilizada o por cap\u00edtulos. Por lo que pudo conocer este medio, para el pr\u00f3logo y los primeros cap\u00edtulos ya hay definici\u00f3n:\n<\/p>\n<p>Se empieza por la eliminaci\u00f3n de ministerios, secretarias y otras dependencias para achicar el organigrama del Estado. Ahora lo que se est\u00e1 ajustando en por d\u00f3nde pasa la motosierra. Como se sabe, los ministerios de Desarrollo Social, Salud y Educaci\u00f3n se fusionan en el Ministerio de Capital Humano. Pero hay ministerios enteros que hay intenci\u00f3n de eliminar como Obras P\u00fablicas; Transporte, Turismo y Deportes, Ambiente y Desarrollo Sostenible; Ciencia, Tecnolog\u00eda e Innovaci\u00f3n; Cultura; Desarrollo Territorial y H\u00e1bitat; de las Mujeres, G\u00e9neros y Diversidad.\n<\/p>\n<p>\u201cHoy gastas m\u00e1s de lo que recaudas, entonces inicialmente ten\u00e9s que equiparar eso si y la idea de Milei es super\u00e1vit fiscal hay que pasar una motosierra con nafta a todo lo que da. Eso empieza ahora\u201d, remarcan en LLA.\n<\/p>\n<p>El otro cap\u00edtulo de la reforma del Estado que tendr\u00e1 lugar ahora es el cambio de esquema en la obra p\u00fablica: se insistir\u00e1 con adoptar el esquema de obra p\u00fablica apalancada con financiamiento privado, algo que ya est\u00e1 siendo resistido por las empresas del sector y que es mirado con desconfianza por gobernadores, intendentes y jefes comunales que se preguntan c\u00f3mo se financiar\u00e1 la peque\u00f1a obra que no es atractiva para el sector privado.\n<\/p>\n<p><strong>Qu\u00e9 no entra ahora<\/strong>. La privatizaci\u00f3n de empresas p\u00fablicas y avanzar hacia una dolarizaci\u00f3n o al menos un esquema donde conviva m\u00e1s de una moneda quedar\u00e1 para la siguiente etapa. La dolarizaci\u00f3n depende en sus tiempos de la reducci\u00f3n del d\u00e9ficit fiscal y de la instrumentaci\u00f3n que se use para eliminar las Leliqs. Para las empresas p\u00fablicas se ver\u00e1 caso por caso, pero hay algunos objetivos y plazos anotados: en LLA quieren que Aerol\u00edneas Argentinas ya no est\u00e9 en la \u00f3rbita del Estado para diciembre de 2024.\n<\/p>\n<p><strong>Qu\u00e9 no se toca<\/strong>. \u201cNo vamos a tocar subsidios. Hay que entender que la ayuda estatal no es un privilegio estatal, hay que separar eso. Los que reciben ayuda estatal son v\u00edctimas, no victimarios. Los subsidios no se tocan, no se puede asfixiar a la Argentina por culpa de los privilegiados, se va a ir fuertemente contra los privilegios\u201d, insisten en LLA.\n<\/p>\n<div class=\"g g-38\">\n<div class=\"g-dyn a-12 c-1\"><a class=\"gofollow\" data-track=\"MTIsMzgsMSw2MA==\" href=\"https:\/\/hospitalprivado.com.ar\/landing-trasplante.html\" target=\"_blank\" rel=\"noopener\"><img decoding=\"async\" class=\"lazyload\" src=\"http:\/\/cordobadirecto.com\/wp-content\/uploads\/2023\/11\/administracion-milei-el-hexagono-de-poder-y-como-se-cocina-la-reforma-del-estado.gif\"><\/a><\/div>\n<\/div>\n","protected":false},"excerpt":{"rendered":"<p>&nbsp; Como una partida de truco entre 6 y dos equipos con identidades y condiciones diferenciadas. Propuesta, argumentaci\u00f3n, an\u00e1lisis y definici\u00f3n. As\u00ed viene trabajando la mesa chica que dise\u00f1a la estrategia de corto, mediano y largo plazo del pr\u00f3ximo gobierno de Javier Milei.En el bunker principal de La Libertad Avanza, en el piso 21 del [&hellip;]<\/p>\n","protected":false},"author":1,"featured_media":144626,"comment_status":"closed","ping_status":"closed","sticky":false,"template":"","format":"standard","meta":[],"categories":[23,25],"tags":[],"_links":{"self":[{"href":"http:\/\/cordobadirecto.com\/index.php\/wp-json\/wp\/v2\/posts\/144625"}],"collection":[{"href":"http:\/\/cordobadirecto.com\/index.php\/wp-json\/wp\/v2\/posts"}],"about":[{"href":"http:\/\/cordobadirecto.com\/index.php\/wp-json\/wp\/v2\/types\/post"}],"author":[{"embeddable":true,"href":"http:\/\/cordobadirecto.com\/index.php\/wp-json\/wp\/v2\/users\/1"}],"replies":[{"embeddable":true,"href":"http:\/\/cordobadirecto.com\/index.php\/wp-json\/wp\/v2\/comments?post=144625"}],"version-history":[{"count":0,"href":"http:\/\/cordobadirecto.com\/index.php\/wp-json\/wp\/v2\/posts\/144625\/revisions"}],"wp:featuredmedia":[{"embeddable":true,"href":"http:\/\/cordobadirecto.com\/index.php\/wp-json\/wp\/v2\/media\/144626"}],"wp:attachment":[{"href":"http:\/\/cordobadirecto.com\/index.php\/wp-json\/wp\/v2\/media?parent=144625"}],"wp:term":[{"taxonomy":"category","embeddable":true,"href":"http:\/\/cordobadirecto.com\/index.php\/wp-json\/wp\/v2\/categories?post=144625"},{"taxonomy":"post_tag","embeddable":true,"href":"http:\/\/cordobadirecto.com\/index.php\/wp-json\/wp\/v2\/tags?post=144625"}],"curies":[{"name":"wp","href":"https:\/\/api.w.org\/{rel}","templated":true}]}}