{"id":144675,"date":"2023-11-26T23:25:59","date_gmt":"2023-11-26T23:25:59","guid":{"rendered":"https:\/\/www.ole.com.ar\/autos\/franco-colapinto-abu-dabi-abandono-formula-2_0_hi9vT1s0RM.html"},"modified":"2023-11-26T23:25:59","modified_gmt":"2023-11-26T23:25:59","slug":"colapinto-del-abandono-en-su-primera-carrera-en-formula-2-al-aprendizaje-para-2024","status":"publish","type":"post","link":"http:\/\/cordobadirecto.com\/index.php\/2023\/11\/26\/colapinto-del-abandono-en-su-primera-carrera-en-formula-2-al-aprendizaje-para-2024\/","title":{"rendered":"Colapinto: del abandono en su primera carrera en F\u00f3rmula 2 al aprendizaje para 2024"},"content":{"rendered":"<div><img src=\"http:\/\/cordobadirecto.com\/wp-content\/uploads\/2023\/11\/colapinto-del-abandono-en-su-primera-carrera-en-formula-2-al-aprendizaje-para-2024.jpg\" class=\"ff-og-image-inserted\"><\/div>\n<div readability=\"12.490196078431\">\n<p>Pas\u00f3 el debut de <strong><a href=\"https:\/\/www.ole.com.ar\/tema\/franco-colapinto.html\" title=\"Franco Colapinto\" alt=\"Franco Colapinto\" class=\"slug\">Franco Colapinto<\/a><\/strong> en la <strong>F\u00f3rmula 2<\/strong>. Si bien har\u00e1 su gran presentaci\u00f3n en 2024, cuando ya forme parte del grupo formal de la categor\u00eda telonera de la F1, el pilarense de 20 a\u00f1os vivi\u00f3 su primera experiencia a bordo del auto del equipo MP Motorsport. Y la realidad es que finaliz\u00f3 el fin de semana con un sabor semiamargo, puesto que<strong> no pudo concluir la carrera por problemas mec\u00e1nicos.<\/strong><\/p>\n<\/div>\n<div readability=\"15\">\n<p>En el circuito de Abu Dabi, Colapinto, quien hab\u00eda finalizado 19\u00b0 en el Sprint, sufri\u00f3 con su monoplaza en la vuelta de calentamiento: <strong>se le par\u00f3 el motor<\/strong>. Sin embargo, pudo solucionar el inconveniente y larg\u00f3 con el resto. A pesar de haber arrancado desde atr\u00e1s, avanz\u00f3 en el clasificador y lleg\u00f3 a estar 9\u00b0 tras 10 giros.<\/p>\n<\/div>\n<div readability=\"11\">\n<p>\u201cFue muy importante para entender c\u00f3mo tendr\u00e9 que trabajar\u201d, dijo Franco, quien probar\u00e1 esta semana un auto de F1 de Williams, en su rol de piloto de la Academia inglesa.<\/p>\n<\/div>\n","protected":false},"excerpt":{"rendered":"<p>Pas\u00f3 el debut de Franco Colapinto en la F\u00f3rmula 2. Si bien har\u00e1 su gran presentaci\u00f3n en 2024, cuando ya forme parte del grupo formal de la categor\u00eda telonera de la F1, el pilarense de 20 a\u00f1os vivi\u00f3 su primera experiencia a bordo del auto del equipo MP Motorsport. Y la realidad es que finaliz\u00f3 [&hellip;]<\/p>\n","protected":false},"author":1,"featured_media":144676,"comment_status":"closed","ping_status":"closed","sticky":false,"template":"","format":"standard","meta":[],"categories":[21],"tags":[],"_links":{"self":[{"href":"http:\/\/cordobadirecto.com\/index.php\/wp-json\/wp\/v2\/posts\/144675"}],"collection":[{"href":"http:\/\/cordobadirecto.com\/index.php\/wp-json\/wp\/v2\/posts"}],"about":[{"href":"http:\/\/cordobadirecto.com\/index.php\/wp-json\/wp\/v2\/types\/post"}],"author":[{"embeddable":true,"href":"http:\/\/cordobadirecto.com\/index.php\/wp-json\/wp\/v2\/users\/1"}],"replies":[{"embeddable":true,"href":"http:\/\/cordobadirecto.com\/index.php\/wp-json\/wp\/v2\/comments?post=144675"}],"version-history":[{"count":0,"href":"http:\/\/cordobadirecto.com\/index.php\/wp-json\/wp\/v2\/posts\/144675\/revisions"}],"wp:featuredmedia":[{"embeddable":true,"href":"http:\/\/cordobadirecto.com\/index.php\/wp-json\/wp\/v2\/media\/144676"}],"wp:attachment":[{"href":"http:\/\/cordobadirecto.com\/index.php\/wp-json\/wp\/v2\/media?parent=144675"}],"wp:term":[{"taxonomy":"category","embeddable":true,"href":"http:\/\/cordobadirecto.com\/index.php\/wp-json\/wp\/v2\/categories?post=144675"},{"taxonomy":"post_tag","embeddable":true,"href":"http:\/\/cordobadirecto.com\/index.php\/wp-json\/wp\/v2\/tags?post=144675"}],"curies":[{"name":"wp","href":"https:\/\/api.w.org\/{rel}","templated":true}]}}