{"id":144685,"date":"2023-11-26T22:13:00","date_gmt":"2023-11-26T22:13:00","guid":{"rendered":"http:\/\/cordobadirecto.com\/index.php\/2023\/11\/26\/el-padre-de-los-argentinos-secuestrados-por-hamas-confirmo-que-estan-vivos-y-bien\/"},"modified":"2023-11-26T22:13:00","modified_gmt":"2023-11-26T22:13:00","slug":"el-padre-de-los-argentinos-secuestrados-por-hamas-confirmo-que-estan-vivos-y-bien","status":"publish","type":"post","link":"http:\/\/cordobadirecto.com\/index.php\/2023\/11\/26\/el-padre-de-los-argentinos-secuestrados-por-hamas-confirmo-que-estan-vivos-y-bien\/","title":{"rendered":"El padre de los argentinos secuestrados por Hamas confirm\u00f3 que &#8220;est\u00e1n vivos&#8221; y &#8220;bien&#8221;"},"content":{"rendered":"<figure class=\"mb-3\"><img loading=\"lazy\" data-src=\"http:\/\/cordobadirecto.com\/wp-content\/uploads\/2023\/11\/el-padre-de-los-argentinos-secuestrados-por-hamas-confirmo-que-estan-vivos-y-bien.jpg\" src=\"https:\/\/www.telam.com.ar\/assets\/img\/not_image.png\" class=\" lazy \" width=\"100%\" height=\"100%\" alt=\"Foto Victoria Gesualdi\"><figcaption> Foto: Victoria Gesualdi <\/figcaption><\/figure>\n<p>El padre de dos de los argentinos desaparecidos el 7 de octubre, tras el ataque a Israel por el movimiento islamista palestino Hamas, sospechados de estar cautivos en la Franja de Gaza, <strong>confirm\u00f3 &#8220;que se encuentran vivos&#8221; y &#8220;est\u00e1n bien&#8221;, luego de que algunas rehenes liberadas testificaran haberlos visto<\/strong>.<\/p>\n<p>El periodista y educador argentino-israel\u00ed <strong>Itzik Horn, quien vive hace m\u00e1s de 20 a\u00f1os en Israel, es padre de Yair y Eitan Horn, dos argentinos que se encontraban desaparecidos<\/strong> y que se presum\u00eda que hab\u00edan sido secuestrados por Hamas, durante el ataque en el que fueron tomados unos 240 rehenes y fueron asesinadas unas 1.200 personas, en su mayor\u00eda civiles.<\/p>\n<p><strong>&#8220;Queridos amigos, tengo que darles una muy buena noticia. Entre las 13 personas que liberaron, 12 eran del kibutz Nir Oz, que es el kibutz de donde se llevaron a los chicos y por diversas fuentes me comenz\u00f3 a llegar que una de las liberadas los vio&#8221;<\/strong>, detall\u00f3 Horn en un mensaje de audio que tuvo acceso T\u00e9lam.<\/p>\n<p>&#8220;Otra camino a los t\u00faneles a Gaza con Eitan y otra que en el mismo coche que se la llevaron a ella se los llevaron a Iair y a Eitan; y otra avis\u00f3 que estuvieron encerradas en la misma habitaci\u00f3n en el mismo lugar en los t\u00faneles&#8221;, contin\u00fao.<\/p>\n<p>&#8220;Los chicos efectivamente est\u00e1n bien, est\u00e1n vivos, qu\u00e9 es lo m\u00e1s importante, y bueno ahora hay que armarse de paciencia, esto va a ir para muy largo, pero lo m\u00e1s importante es que los chicos est\u00e1n vivos&#8221;, precis\u00f3 Horn, con quien T\u00e9lam mantuvo un intercambio de mensajes por Whatsapp para confirmar la noticia.<\/p>\n<blockquote class><p>&#8220;Los chicos efectivamente est\u00e1n bien, est\u00e1n vivos, qu\u00e9 es lo m\u00e1s importante, y bueno ahora hay que armarse de paciencia, esto va a ir para muy largo, pero lo m\u00e1s importante es que los chicos est\u00e1n vivos&#8221;<\/p><\/blockquote>\n<p>Horn no tiene informaci\u00f3n de que sus hijos vayan a ser liberados en el marco del acuerdo entre Israel y Hamas, mediado por Qatar, donde hasta el momento se privilegia liberar a mujeres mayores y madres con ni\u00f1os.<\/p>\n<p>La historia de los dos argentinos desaparecidos se hab\u00eda difundido en las redes sociales por medio de un video que cont\u00f3 con la participaci\u00f3n del actor Ricardo Dar\u00edn, junto a familiares y amigos de los dos hermanos, quienes exigieron la liberaci\u00f3n de los rehenes captura por Hamas.<\/p>\n<p>&#8220;Liberen a la gente inocente, por favor detengan esto&#8221;, se pronunci\u00f3 Dar\u00edn en el video.<\/p>\n<blockquote class=\"twitter-tweet\" readability=\"5.5416666666667\">\n<p lang=\"es\" dir=\"ltr\">Una campa\u00f1a para pedir por la liberaci\u00f3n de argentinos secuestrados por Hamas en la Franja de Gaza fue lanzada por personalidades como Ricardo Dar\u00edn junto familiares y amigos de los hermanos Iair y Eitan Horn<a href=\"https:\/\/t.co\/l2POX6ZxE1\">https:\/\/t.co\/l2POX6ZxE1<\/a> <a href=\"https:\/\/t.co\/pdOLwEvu7S\">pic.twitter.com\/pdOLwEvu7S<\/a><\/p>\n<p>\u2014 Agencia T\u00e9lam (@AgenciaTelam) <a href=\"https:\/\/twitter.com\/AgenciaTelam\/status\/1712147752287683069?ref_src=twsrc%5Etfw\">October 11, 2023<\/a><\/p><\/blockquote>\n<p>En el texto que acompa\u00f1aba al video de la campa\u00f1a se hab\u00eda precisado que los hermanos Horn &#8220;desaparecieron sin rastro, se sospecha que el grupo Hamas los tiene, cualquier dato de su paradero ser\u00e1 agradecido, pedimos su pronta vuelta a casa sanos y salvos&#8221;.<\/p>\n<p>Su padre hab\u00eda expresado el pasado 11 de octubre que sus hijos no estaban en los hospitales israel\u00edes, no hab\u00edan encontrado sus cuerpos y que &#8220;ninguna organizaci\u00f3n gubernamental tom\u00f3 contacto&#8221; con ellos.<\/p>\n<p>Miembros armados y uniformados de Hamas entregaron 24 rehenes (13 israel\u00edes, diez tailandeses y un filipino) al Comit\u00e9 Internacional de la Cruz Roja (CICR) para ser llevados a Israel a trav\u00e9s de Egipto.<\/p>\n<p>En un primer momento, circul\u00f3 una informaci\u00f3n que aseguraba que dos de las liberadas, Danielle Aloni y su hija Emilia, ten\u00edan nacionalidad argentina, pero una fuente de la Embajada de Israel en Buenos Aires consultada por T\u00e9lam dijo que estas personas tienen familiares en la Argentina, pero no son ciudadanas del pa\u00eds, tras un acuerdo de tregua temporal para intercambiar a los capturados en la Franja de Gaza por presos palestinos y permitir el ingreso de ayuda humanitaria al enclave costero<\/p>\n<p>De su lado, Israel excarcel\u00f3 a 39 palestinos presos en sus c\u00e1rceles.<\/p>\n<p>La puesta en libertad de los rehenes en la Franja de Gaza se produjo 49 d\u00edas despu\u00e9s de su secuestro, tras el ataque de milicianos palestinos del 7 de octubre, en el que mataron a m\u00e1s de 1.200 personas, en su gran mayor\u00eda civiles, y secuestraron a m\u00e1s de 240 personas, entre ellos una veintena de argentinos.<\/p>\n<p>Ese ataque, provoc\u00f3 una guerra abierta entre Israel y el grupo islamista en el enclave palestino, donde se registraron hasta cerca de 15.000 muertos, de los cuales 6.100 son ni\u00f1os, seg\u00fan Hamas, que gobierna la Franja de Gaza.<\/p>\n<p>Por su parte Qatar anunci\u00f3 este s\u00e1bado que una segunda tanda de 13 rehenes israel\u00edes y 7 extranjeros cautivos en la Franja de Gaza ser\u00e1n liberados &#8220;esta noche&#8221; a cambio de 39 presos palestinos, en el segundo d\u00eda de tregua entre Israel y Hamas.<\/p>\n","protected":false},"excerpt":{"rendered":"<p>Foto: Victoria Gesualdi El padre de dos de los argentinos desaparecidos el 7 de octubre, tras el ataque a Israel por el movimiento islamista palestino Hamas, sospechados de estar cautivos en la Franja de Gaza, confirm\u00f3 &#8220;que se encuentran vivos&#8221; y &#8220;est\u00e1n bien&#8221;, luego de que algunas rehenes liberadas testificaran haberlos visto. El periodista y [&hellip;]<\/p>\n","protected":false},"author":1,"featured_media":144686,"comment_status":"closed","ping_status":"closed","sticky":false,"template":"","format":"standard","meta":[],"categories":[24],"tags":[],"_links":{"self":[{"href":"http:\/\/cordobadirecto.com\/index.php\/wp-json\/wp\/v2\/posts\/144685"}],"collection":[{"href":"http:\/\/cordobadirecto.com\/index.php\/wp-json\/wp\/v2\/posts"}],"about":[{"href":"http:\/\/cordobadirecto.com\/index.php\/wp-json\/wp\/v2\/types\/post"}],"author":[{"embeddable":true,"href":"http:\/\/cordobadirecto.com\/index.php\/wp-json\/wp\/v2\/users\/1"}],"replies":[{"embeddable":true,"href":"http:\/\/cordobadirecto.com\/index.php\/wp-json\/wp\/v2\/comments?post=144685"}],"version-history":[{"count":0,"href":"http:\/\/cordobadirecto.com\/index.php\/wp-json\/wp\/v2\/posts\/144685\/revisions"}],"wp:featuredmedia":[{"embeddable":true,"href":"http:\/\/cordobadirecto.com\/index.php\/wp-json\/wp\/v2\/media\/144686"}],"wp:attachment":[{"href":"http:\/\/cordobadirecto.com\/index.php\/wp-json\/wp\/v2\/media?parent=144685"}],"wp:term":[{"taxonomy":"category","embeddable":true,"href":"http:\/\/cordobadirecto.com\/index.php\/wp-json\/wp\/v2\/categories?post=144685"},{"taxonomy":"post_tag","embeddable":true,"href":"http:\/\/cordobadirecto.com\/index.php\/wp-json\/wp\/v2\/tags?post=144685"}],"curies":[{"name":"wp","href":"https:\/\/api.w.org\/{rel}","templated":true}]}}