{"id":144823,"date":"2023-11-28T22:00:35","date_gmt":"2023-11-28T22:00:35","guid":{"rendered":"https:\/\/cordoba.gob.ar\/?p=53615"},"modified":"2023-11-28T22:00:35","modified_gmt":"2023-11-28T22:00:35","slug":"la-ciudad-de-cordoba-ya-tiene-su-bandera-oficial","status":"publish","type":"post","link":"http:\/\/cordobadirecto.com\/index.php\/2023\/11\/28\/la-ciudad-de-cordoba-ya-tiene-su-bandera-oficial\/","title":{"rendered":"La ciudad de C\u00f3rdoba ya tiene su bandera oficial"},"content":{"rendered":"<div><img src=\"http:\/\/cordobadirecto.com\/wp-content\/uploads\/2023\/11\/la-ciudad-de-cordoba-ya-tiene-su-bandera-oficial.jpg\" class=\"ff-og-image-inserted\"><\/div>\n<ul>\n<li><strong>El intendente Mart\u00edn Llaryora firm\u00f3 la promulgaci\u00f3n de la ordenanza que determina la entrada en vigencia del emblema municipal.<\/strong><\/li>\n<li><strong>El jefe Comunal estuvo acompa\u00f1ado por el creador de la bandera, Agust\u00edn Luj\u00e1n D\u00edaz.<\/strong><\/li>\n<li><strong>En la nueva insignia se encuentran reflejados los s\u00edmbolos de la historia, la identidad y la cultura del pueblo de C\u00f3rdoba.<\/strong><\/li>\n<li><strong><strong><strong>A partir de ahora, pasar\u00e1 a integrar el conjunto de banderas que habitualmente flamean en la capital cordobesa.<\/strong><\/strong><\/strong><br \/>\n<hr>\n<\/li>\n<\/ul>\n<p>El intendente Mart\u00edn Llaryora firm\u00f3 la promulgaci\u00f3n de la ordenanza que determina la entrada en vigencia de la bandera oficial de la ciudad de C\u00f3rdoba, instituida el pasado jueves 23 de noviembre por el Concejo Deliberante.<\/p>\n<p>Llaryora estuvo acompa\u00f1ado por el creador de la insigna, Agust\u00edn Luj\u00e1n D\u00edaz, ganador del concurso p\u00fablico \u00abToda la Ciudad en una Bandera\u00bb, cuyo proyecto de ordenanza fuera firmado por el intendente el 19 de julio de 2022.<\/p>\n<p>Su creaci\u00f3n surge por la importancia social y simb\u00f3lica de contar con una insignia y la importancia de poseer los s\u00edmbolos que reflejan la historia, la identidad y la cultura del pueblo de C\u00f3rdoba.<\/p>\n<p>El nuevo emblema municipal exhibe franjas horizontales en rojo, blanco y amarillo, con un sol jesuita en el centro, el mismo que fuera utilizado en la fundaci\u00f3n de C\u00f3rdoba.<\/p>\n<p>Cada color lleva consigo significados que expresan el ser de la ciudad. El rojo simboliza el coraje, fortaleza y potencial del pueblo cordob\u00e9s, adem\u00e1s de hacer referencia a las comunidades de pueblos originarios que habitaron este suelo. El blanco representa la convivencia en armon\u00eda y la posici\u00f3n de la ciudad, como centro geogr\u00e1fico y estrat\u00e9gico. Por \u00faltimo, el color amarillo manifiesta la alegr\u00eda, energ\u00eda y vivacidad de los cordobeses.<\/p>\n<p>A su vez, el sol jesuita que se encuentra en la franja central a\u00f1ade una capa adicional de simbolismo, honrando la importancia pol\u00edtica, social, cultural, educativa y religiosa de esa congregaci\u00f3n en la historia de C\u00f3rdoba.<\/p>\n<p>La insignia pasar\u00e1 a integrar el conjunto de banderas que habitualmente flamean en la capital, junto a la de la provincia y a la bandera nacional.<\/p>\n<p>Sobre el creador de la bandera de la ciudad<\/p>\n<p>El dise\u00f1o ganador, titulado \u00abHornero de la Docta\u00bb, es obra de Agust\u00edn Luj\u00e1n D\u00edaz, un estudiante de cuarto a\u00f1o de Derecho de la UNC de 22 a\u00f1os, vecino del barrio Villa Allende Parque.<\/p>\n<p>Agust\u00edn realiz\u00f3 sus estudios primarios en el Colegio Santa Teresita y en el Colegio Nacional de Monserrat curs\u00f3 su secundaria.<\/p>\n<p>Actualmente vive con su familia. Su padre es carpintero, su madre es ama de casa a la vez que trabaja en el Centro Operativo N\u00ba3 del CPC Arguello.<\/p>\n<p>Descubri\u00f3 el concurso mientras buscaba en google y decidi\u00f3 participar porque siempre supo que C\u00f3rdoba necesitaba una bandera.<\/p>\n<p>Su inspiraci\u00f3n provino de varios factores como sus conocimientos de cultura general, historia, letras, pol\u00edtica, sociolog\u00eda, dise\u00f1o gr\u00e1fico, y vexiolog\u00eda que refiere al estudio sobre las banderas.<\/p>\n<p>Al ser consultado sobre qu\u00e9 lo inspir\u00f3 a hacer la bandera de la ciudad, Agust\u00edn se\u00f1al\u00f3: <em>\u00abMuchos se preguntan por qu\u00e9 quer\u00eda hacer la bandera, yo me pregunto mejor: \u00bfpor qu\u00e9 no? Desde chico sab\u00eda que solo ten\u00edamos un escudo, mientras que otras ciudades m\u00e1s chicas o con menos trayectoria que C\u00f3rdoba ya ten\u00edan bandera de hace rato. Entonces puse manos a la obra y particip\u00e9 del concurso\u201d<\/em><\/p>\n<p><em>\u201cAlgunos me dicen que esto es justicia divina, porque me merec\u00eda este reconocimiento por tanto esfuerzo y por hacer historia en mi ciudad que tanto amo\u201d<\/em>, afirm\u00f3 el ganador<\/p>\n","protected":false},"excerpt":{"rendered":"<p>El intendente Mart\u00edn Llaryora firm\u00f3 la promulgaci\u00f3n de la ordenanza que determina la entrada en vigencia del emblema municipal. El jefe Comunal estuvo acompa\u00f1ado por el creador de la bandera, Agust\u00edn Luj\u00e1n D\u00edaz. En la nueva insignia se encuentran reflejados los s\u00edmbolos de la historia, la identidad y la cultura del pueblo de C\u00f3rdoba. A [&hellip;]<\/p>\n","protected":false},"author":1,"featured_media":144824,"comment_status":"closed","ping_status":"closed","sticky":false,"template":"","format":"standard","meta":[],"categories":[44],"tags":[],"_links":{"self":[{"href":"http:\/\/cordobadirecto.com\/index.php\/wp-json\/wp\/v2\/posts\/144823"}],"collection":[{"href":"http:\/\/cordobadirecto.com\/index.php\/wp-json\/wp\/v2\/posts"}],"about":[{"href":"http:\/\/cordobadirecto.com\/index.php\/wp-json\/wp\/v2\/types\/post"}],"author":[{"embeddable":true,"href":"http:\/\/cordobadirecto.com\/index.php\/wp-json\/wp\/v2\/users\/1"}],"replies":[{"embeddable":true,"href":"http:\/\/cordobadirecto.com\/index.php\/wp-json\/wp\/v2\/comments?post=144823"}],"version-history":[{"count":0,"href":"http:\/\/cordobadirecto.com\/index.php\/wp-json\/wp\/v2\/posts\/144823\/revisions"}],"wp:featuredmedia":[{"embeddable":true,"href":"http:\/\/cordobadirecto.com\/index.php\/wp-json\/wp\/v2\/media\/144824"}],"wp:attachment":[{"href":"http:\/\/cordobadirecto.com\/index.php\/wp-json\/wp\/v2\/media?parent=144823"}],"wp:term":[{"taxonomy":"category","embeddable":true,"href":"http:\/\/cordobadirecto.com\/index.php\/wp-json\/wp\/v2\/categories?post=144823"},{"taxonomy":"post_tag","embeddable":true,"href":"http:\/\/cordobadirecto.com\/index.php\/wp-json\/wp\/v2\/tags?post=144823"}],"curies":[{"name":"wp","href":"https:\/\/api.w.org\/{rel}","templated":true}]}}