{"id":144975,"date":"2023-11-30T17:49:28","date_gmt":"2023-11-30T17:49:28","guid":{"rendered":"https:\/\/www.ole.com.ar\/autos\/franco-colapinto-formula2-test-abu-dhabi_0_Wv1MpQunok.html"},"modified":"2023-11-30T17:49:28","modified_gmt":"2023-11-30T17:49:28","slug":"colapinto-sigue-mejorando-en-la-formula-2-quedo-5-en-las-practicas","status":"publish","type":"post","link":"http:\/\/cordobadirecto.com\/index.php\/2023\/11\/30\/colapinto-sigue-mejorando-en-la-formula-2-quedo-5-en-las-practicas\/","title":{"rendered":"Colapinto sigue mejorando en la F\u00f3rmula 2: qued\u00f3 5\u00b0 en las pr\u00e1cticas"},"content":{"rendered":"<div><img src=\"http:\/\/cordobadirecto.com\/wp-content\/uploads\/2023\/12\/colapinto-sigue-mejorando-en-la-formula-2-quedo-5-en-las-practicas.jpg\" class=\"ff-og-image-inserted\"><\/div>\n<div readability=\"39\">\n<p>El pilarense de 20 a\u00f1os, que particip\u00f3 durante todo 2023 en la F\u00f3rmula 3, categor\u00eda en la que finaliz\u00f3 4\u00b0 con 110 unidades, <strong>se anot\u00f3 un tiempo de 1m36s978<\/strong> y mejor\u00f3 el ritmo que hab\u00eda tenido en la primera jornada de pruebas (1m37s105). Despu\u00e9s de 91 giros, termin\u00f3 a poco menos de 600 mil\u00e9simas del brasile\u00f1o Gabriel Bortoleto.<\/p>\n<\/div>\n<div readability=\"37\">\n<p>&#8220;Franco estuvo muy bien en la tanda matutina, completando m\u00e1s de 300 kil\u00f3metros sin problemas y a buen ritmo. Prob\u00f3 varios de los compuestos de Pirelli y aport\u00f3 informaci\u00f3n valiosa y comentarios interesantes sobre el FW45&#8221;, dijo Dave Robson, el jefe de rendimiento de veh\u00edculos de Williams.<\/p>\n<\/div>\n<div readability=\"35\">\n<p>Antes de iniciar su per\u00edodo de descanso, Colapinto tendr\u00e1 una \u00faltima chance de entrenar con el auto del equipo MP Motorsport. Este viernes saldr\u00e1 al asfalto de Abu Dhabi a las 2 y luego volver\u00e1 a las 7. Ambas pruebas duran tres horas cada una.<\/p>\n<\/div>\n","protected":false},"excerpt":{"rendered":"<p>El pilarense de 20 a\u00f1os, que particip\u00f3 durante todo 2023 en la F\u00f3rmula 3, categor\u00eda en la que finaliz\u00f3 4\u00b0 con 110 unidades, se anot\u00f3 un tiempo de 1m36s978 y mejor\u00f3 el ritmo que hab\u00eda tenido en la primera jornada de pruebas (1m37s105). Despu\u00e9s de 91 giros, termin\u00f3 a poco menos de 600 mil\u00e9simas del [&hellip;]<\/p>\n","protected":false},"author":1,"featured_media":144976,"comment_status":"closed","ping_status":"closed","sticky":false,"template":"","format":"standard","meta":[],"categories":[21],"tags":[],"_links":{"self":[{"href":"http:\/\/cordobadirecto.com\/index.php\/wp-json\/wp\/v2\/posts\/144975"}],"collection":[{"href":"http:\/\/cordobadirecto.com\/index.php\/wp-json\/wp\/v2\/posts"}],"about":[{"href":"http:\/\/cordobadirecto.com\/index.php\/wp-json\/wp\/v2\/types\/post"}],"author":[{"embeddable":true,"href":"http:\/\/cordobadirecto.com\/index.php\/wp-json\/wp\/v2\/users\/1"}],"replies":[{"embeddable":true,"href":"http:\/\/cordobadirecto.com\/index.php\/wp-json\/wp\/v2\/comments?post=144975"}],"version-history":[{"count":0,"href":"http:\/\/cordobadirecto.com\/index.php\/wp-json\/wp\/v2\/posts\/144975\/revisions"}],"wp:featuredmedia":[{"embeddable":true,"href":"http:\/\/cordobadirecto.com\/index.php\/wp-json\/wp\/v2\/media\/144976"}],"wp:attachment":[{"href":"http:\/\/cordobadirecto.com\/index.php\/wp-json\/wp\/v2\/media?parent=144975"}],"wp:term":[{"taxonomy":"category","embeddable":true,"href":"http:\/\/cordobadirecto.com\/index.php\/wp-json\/wp\/v2\/categories?post=144975"},{"taxonomy":"post_tag","embeddable":true,"href":"http:\/\/cordobadirecto.com\/index.php\/wp-json\/wp\/v2\/tags?post=144975"}],"curies":[{"name":"wp","href":"https:\/\/api.w.org\/{rel}","templated":true}]}}