{"id":146990,"date":"2024-01-16T22:11:25","date_gmt":"2024-01-16T22:11:25","guid":{"rendered":"https:\/\/puntoapunto.com.ar\/?p=355967"},"modified":"2024-01-16T22:11:25","modified_gmt":"2024-01-16T22:11:25","slug":"metalurgicos-se-suben-al-reclamo-por-las-retenciones-no-vamos-a-permitir-que-maten-la-produccion","status":"publish","type":"post","link":"http:\/\/cordobadirecto.com\/index.php\/2024\/01\/16\/metalurgicos-se-suben-al-reclamo-por-las-retenciones-no-vamos-a-permitir-que-maten-la-produccion\/","title":{"rendered":"Metal\u00fargicos se suben al reclamo por las retenciones: \u00abno vamos a permitir que maten la producci\u00f3n\u00bb"},"content":{"rendered":"<p>&nbsp;\n<\/p>\n<p>El gobernador <strong>Mart\u00edn Llaryora<\/strong> se reuni\u00f3 con los principales referentes de la <strong>industria metal\u00fargica<\/strong>&nbsp;de la provincia de C\u00f3rdoba, quienes coincidieron en trazar un&nbsp;<strong>panorama sombr\u00edo<\/strong>&nbsp;para su sector si prospera el&nbsp;<strong>esquema de retenciones para las exportaciones propuesto por el Gobierno Nacional.<\/strong>\n<\/p>\n<p>Como ya lo hizo con sectores del&nbsp;<strong>campo y de los biocombustibles,<\/strong>&nbsp;el mandatario provincial se manifest\u00f3 a favor de la producci\u00f3n y en contra de un esquema impositivo que afectar\u00e1 el desarrollo productivo del interior.\n<\/p>\n<p>En este caso, el encuentro gir\u00f3 en torno a la preocupaci\u00f3n por el impacto negativo que estas medidas tendr\u00e1n en el sector de la producci\u00f3n de<strong>&nbsp;maquinaria agr\u00edcola<\/strong>&nbsp;de la provincia.\n<\/p>\n<p>\u201cEl planteo es claro, <strong>hay que eliminar las <a href=\"https:\/\/puntoapunto.com.ar\/bios-y-retenciones-provincia-insiste-para-frenar-los-cambios-de-milei\/\" target=\"_blank\" rel=\"noopener\">retenciones<\/a> de exportaci\u00f3n<\/strong>, tanto al sector de biocombustibles como al sector de econom\u00edas regionales y al sector de maquinarias agr\u00edcolas\u201d, resumi\u00f3 el ministro<strong>&nbsp;Pedro Dellarossa<\/strong>.\n<\/p>\n<p>\u00abEn el caso de los fabricantes de maquinaria agr\u00edcola, tanto los motorizados, como los sin motor, <strong>las retenciones deben volver a cero porque aplicarles el 15% los deja afuera para poder competir en el exterior\u00bb<\/strong>, agreg\u00f3.\n<\/p>\n<p>Hace pocos d\u00edas, el ministro mantuvo una reuni\u00f3n con la <a href=\"https:\/\/afamac.com.ar\/\" target=\"_blank\" rel=\"noopener\"><strong>Asociaci\u00f3n de Fabricantes de Maquinaria Agr\u00edcola<\/strong><\/a> y con representantes de la Industria Metalmec\u00e1nica y Componentes de C\u00f3rdoba. \u201c<strong>Queremos colaborar, pero no vamos a permitir que se mate la producci\u00f3n,<\/strong> porque eso ser\u00eda caer mucho m\u00e1s abajo de lo que estamos ahora. Es fundamental proteger a la industria cordobesa\u201d, indic\u00f3 el funcionario.\n<\/p>\n<p>Tras el encuentro, el vicepresidente primero de la <a href=\"https:\/\/www.uic.org.ar\/portal\/\" target=\"_blank\" rel=\"noopener\">Uni\u00f3n Industrial de C\u00f3rdoba<\/a>,&nbsp;<strong>Marcelo Uribarren<\/strong>, destac\u00f3 la posibilidad de plantearle al gobernador la preocupaci\u00f3n de todo el sector por las medidas del Gobierno Nacional.&nbsp;\u201cAunque estamos totalmente comprometidos con que la b\u00fasqueda de un equilibrio de las cuentas p\u00fablicas debe ser obligatoria, creemos que la soluci\u00f3n no es la adecuada\u201d, sostuvo.\n<\/p>\n<p>Sobre el esquema de retenciones planteado en el marco de la Ley \u00d3mnibus, afirm\u00f3 que&nbsp;\u201cdebe ser modificada de una manera que busque el objetivo que el Gobierno plantea, pero que no perjudique de esta manera tan gravosa a la producci\u00f3n\u201d.\n<\/p>\n<p>En el mismo sentido, el presidente de la C\u00e1mara de Industriales Metal\u00fargicos y componente de la Provincia de C\u00f3rdoba,&nbsp;<strong>Gustavo Del Boca<\/strong>, advirti\u00f3 que las retenciones&nbsp;\u201cvan a llevar, sin dudas, a que perdamos mercados y tambi\u00e9n fuentes de trabajo\u201d.\n<\/p>\n<p><strong>Luciana Mengo<\/strong>, presidenta de la Asociaci\u00f3n de Fabricantes de Maquinarias Agr\u00edcolas y Agrocomponentes remarc\u00f3 el impacto negativo que las retenciones tienen en el interior provincial, donde se encuentra radicado el 99% de las empresas pymes del sector, la mayor\u00eda de origen familiar.\n<\/p>\n<p>\u201cSomos muy importantes en las econom\u00edas de los pueblos y tenemos una contenci\u00f3n social y un rol social muy fuerte\u201d, sostuvo.&nbsp;\u201c<strong>Esta medida totalmente descontrolada de aplicar un impuesto tan distorsivo como una retenci\u00f3n del 15%<\/strong> atenta fuertemente sobre la continuidad de seriamente muchos puestos de trabajo\u201d,&nbsp;advirti\u00f3 Mengo.\n<\/p>\n<p><strong>Daniel Urc\u00eda<\/strong>, director ejecutivo de la <strong>Asociaci\u00f3n de Frigor\u00edficos e Industriales de la Carne <\/strong>y vicepresidente 4\u00b0 de la Uni\u00f3n Industrial de C\u00f3rdoba destac\u00f3 que&nbsp;\u201cel gobernador Llaryora est\u00e1 absolutamente comprometido con todo lo que es la actividad productiva, conoce los sectores, conoce la problem\u00e1tica\u201d.\n<\/p>\n<p>Sobre las retenciones, opin\u00f3 que&nbsp;\u201cmuchos sectores van a quedar en una dif\u00edcil situaci\u00f3n y si esa situaci\u00f3n implica disminuci\u00f3n de fuentes laborales, menor producci\u00f3n, indudablemente que trae un efecto inmediato en la zona donde est\u00e1n instalados\u201d.\n<\/p>\n<footer class=\"author-bio-section\">\n<p class=\"author-name\">Punto a Punto<\/p>\n<p class=\"author-image\"><img loading=\"lazy\" alt height=\"90\" width=\"90\" class=\"avatar avatar-90 photo lazyload\" src=\"http:\/\/cordobadirecto.com\/wp-content\/uploads\/2024\/01\/metalurgicos-se-suben-al-reclamo-por-las-retenciones-no-vamos-a-permitir-que-maten-la-produccion.jpg\" srcset=\"http:\/\/cordobadirecto.com\/wp-content\/uploads\/2024\/01\/metalurgicos-se-suben-al-reclamo-por-las-retenciones-no-vamos-a-permitir-que-maten-la-produccion.jpg 2x\"><\/p>\n<p class=\"author-bio\">El medio de los negocios <a href=\"https:\/\/puntoapunto.com.ar\/cdn-cgi\/l\/email-protection#5e3f392b2d2a37301e2e3f2e703d3133703f2c\" target=\"_blank\" rel=\"nofollow noopener\" title=\"E-mail\" class=\"tooltip\"><i class=\"fa fa-envelope-square fa-2x\"><\/i> <\/a> <a href=\"https:\/\/es-la.facebook.com\/puntoapuntook\/\" target=\"_blank\" rel=\"nofollow noopener\" title=\"Facebook\" class=\"tooltip\"><i class=\"fa fa-facebook-official fa-2x\"><\/i> <\/a> <a href=\"http:\/\/@puntoapuntocba\" target=\"_blank\" rel=\"nofollow noopener\" title=\"Twitter\" class=\"tooltip\"><i class=\"fa fa-twitter-square fa-2x\"><\/i> <\/a> <a href=\"https:\/\/ar.linkedin.com\/company\/punto-a-punto-crdoba\" target=\"_blank\" rel=\"nofollow noopener\" title=\"LinkedIn\" class=\"tooltip\"><i class=\"fa fa-linkedin-square fa-2x\"><\/i> <\/a> <a href=\"https:\/\/www.youtube.com\/c\/PuntoaPuntoARG\" target=\"_blank\" rel=\"nofollow noopener\" title=\"Youtube\" class=\"tooltip\"><i class=\"fa fa-youtube-square fa-2x\"><\/i> <\/a><\/p>\n<\/footer>\n<div class=\"g g-38\">\n<div class=\"g-dyn a-12 c-1\"><a class=\"gofollow\" data-track=\"MTIsMzgsMSw2MA==\" href=\"https:\/\/hospitalprivado.com.ar\/landing-trasplante.html\" target=\"_blank\" rel=\"noopener\"><img class=\"lazyload\" src=\"http:\/\/cordobadirecto.com\/wp-content\/uploads\/2024\/01\/metalurgicos-se-suben-al-reclamo-por-las-retenciones-no-vamos-a-permitir-que-maten-la-produccion.gif\"><\/a><\/div>\n<\/div>\n","protected":false},"excerpt":{"rendered":"<p>&nbsp; El gobernador Mart\u00edn Llaryora se reuni\u00f3 con los principales referentes de la industria metal\u00fargica&nbsp;de la provincia de C\u00f3rdoba, quienes coincidieron en trazar un&nbsp;panorama sombr\u00edo&nbsp;para su sector si prospera el&nbsp;esquema de retenciones para las exportaciones propuesto por el Gobierno Nacional. Como ya lo hizo con sectores del&nbsp;campo y de los biocombustibles,&nbsp;el mandatario provincial se manifest\u00f3 [&hellip;]<\/p>\n","protected":false},"author":1,"featured_media":146991,"comment_status":"closed","ping_status":"closed","sticky":false,"template":"","format":"standard","meta":[],"categories":[25],"tags":[],"_links":{"self":[{"href":"http:\/\/cordobadirecto.com\/index.php\/wp-json\/wp\/v2\/posts\/146990"}],"collection":[{"href":"http:\/\/cordobadirecto.com\/index.php\/wp-json\/wp\/v2\/posts"}],"about":[{"href":"http:\/\/cordobadirecto.com\/index.php\/wp-json\/wp\/v2\/types\/post"}],"author":[{"embeddable":true,"href":"http:\/\/cordobadirecto.com\/index.php\/wp-json\/wp\/v2\/users\/1"}],"replies":[{"embeddable":true,"href":"http:\/\/cordobadirecto.com\/index.php\/wp-json\/wp\/v2\/comments?post=146990"}],"version-history":[{"count":0,"href":"http:\/\/cordobadirecto.com\/index.php\/wp-json\/wp\/v2\/posts\/146990\/revisions"}],"wp:featuredmedia":[{"embeddable":true,"href":"http:\/\/cordobadirecto.com\/index.php\/wp-json\/wp\/v2\/media\/146991"}],"wp:attachment":[{"href":"http:\/\/cordobadirecto.com\/index.php\/wp-json\/wp\/v2\/media?parent=146990"}],"wp:term":[{"taxonomy":"category","embeddable":true,"href":"http:\/\/cordobadirecto.com\/index.php\/wp-json\/wp\/v2\/categories?post=146990"},{"taxonomy":"post_tag","embeddable":true,"href":"http:\/\/cordobadirecto.com\/index.php\/wp-json\/wp\/v2\/tags?post=146990"}],"curies":[{"name":"wp","href":"https:\/\/api.w.org\/{rel}","templated":true}]}}