{"id":147012,"date":"2024-01-17T13:12:52","date_gmt":"2024-01-17T13:12:52","guid":{"rendered":"https:\/\/www.ole.com.ar\/opinion\/dakar-amor-dolor-muerte-pasion-78-victimas_0_D68hQaEso8.html"},"modified":"2024-01-17T13:12:52","modified_gmt":"2024-01-17T13:12:52","slug":"dakar-con-amor-y-dolor-pero-siga-siga","status":"publish","type":"post","link":"http:\/\/cordobadirecto.com\/index.php\/2024\/01\/17\/dakar-con-amor-y-dolor-pero-siga-siga\/","title":{"rendered":"Dakar: con amor y dolor pero siga-siga"},"content":{"rendered":"<p><time class=\"createDate\" datetime=\"2024-01-17T10:12:52-03:00\">17\/01\/2024 10:12hs.<\/time><\/p>\n<div id=\"storyBody\">\n<div class=\"custom-text \" readability=\"34.483775811209\">\n<p>Al mismo tiempo el <a href=\"https:\/\/www.ole.com.ar\/tema\/dakar.html\" title=\"Dakar\" alt=\"Dakar\" class=\"slug\">Dakar <\/a>suma seguidores y detractores; pasi\u00f3n y bronca; amor y odio. Sin medias tintas. Pasa de p\u00e1gina pese a que en el medio sus arenas del desierto se inunden con l\u00e1grimas de tristeza por una v\u00edctima. <strong>Del otro lado de la hoja quiz\u00e1 la cr\u00f3nica tenga m\u00e1s de poes\u00eda que de noticia desgarradora<\/strong>. T\u00f3menlo o d\u00e9jenlo.<\/p>\n<\/div>\n<div class=\"custom-text \" readability=\"36\">\n<p>No es cuento ni exageraci\u00f3n este primer p\u00e1rrafo, es la vida misma que se sufre y disfruta en la carrera que naci\u00f3 uniendo Par\u00eds con Dakar, despu\u00e9s recorri\u00f3 diez a\u00f1os los caminos de Sudam\u00e9rica y <strong>hace cinco surca el desierto de Arabia Saudita<\/strong>.<\/p>\n<\/div>\n<div class=\"sc-e7b891c4-0 jPbnQF\"><img alt=\"Carles Falc\u00f3n muri\u00f3 el lunes.\" src=\"http:\/\/cordobadirecto.com\/wp-content\/uploads\/2024\/01\/dakar-con-amor-y-dolor-pero-siga-siga.jpg\" width=\"720\" height=\"100\" decoding=\"async\" data-nimg=\"future\" loading=\"lazy\"><span class=\"epigraphe\">Carles Falc\u00f3n muri\u00f3 el lunes.<\/span><\/div>\n<div class=\"custom-text \" readability=\"38.419512195122\">\n<p>El lunes <a href=\"https:\/\/www.ole.com.ar\/tema\/XNummGcGPq.html\" target=\"_self\" title=\"se conoci\u00f3 el fallecimiento de un piloto de motos, el espa\u00f1ol Carles Falc\u00f3n\" alt=\"se conoci\u00f3 el fallecimiento de un piloto de motos, el espa\u00f1ol Carles Falc\u00f3n\" rel=\"noopener\">se conoci\u00f3 el fallecimiento de un piloto de motos, el espa\u00f1ol Carles Falc\u00f3n<\/a>, que se hab\u00eda accidentado el tercer d\u00eda de competencia, y por sus m\u00faltiples fracturas y edema cerebral pas\u00f3 una semana en coma hasta que su cuerpo dijo basta formalmente. El catal\u00e1n de 46 a\u00f1os era, como la mayor\u00eda de los que se anota en esta carrera, un piloto entusiasta, que amaba las dos ruedas y juntaba los euros con el objetivo de llegar a la meta sin importar la posici\u00f3n. De hecho, <strong>corr\u00eda con un amigo que se accident\u00f3 en el 2022 y se hab\u00edan propuesto llegar, esta vez, los dos al final. Tr\u00e1gico el destino<\/strong>.<\/p>\n<\/div>\n<div class=\"sc-e7b891c4-0 jPbnQF\"><img alt=\"Jorge Mart\u00ednez Boero, \u00fanico piloto argentino fallecido por el Dakar.\" src=\"http:\/\/cordobadirecto.com\/wp-content\/uploads\/2024\/01\/dakar-con-amor-y-dolor-pero-siga-siga-1.jpg\" width=\"720\" height=\"100\" decoding=\"async\" data-nimg=\"future\" loading=\"lazy\"><span class=\"epigraphe\">Jorge Mart\u00ednez Boero, \u00fanico piloto argentino fallecido por el Dakar.<\/span><\/div>\n<div class=\"custom-text \" readability=\"24.847058823529\">\n<p>Al otro d\u00eda, cambio de p\u00e1gina y la historia apunta a un <a href=\"https:\/\/www.ole.com.ar\/tema\/b0nHWPEW6V.html\" target=\"_self\" title=\"marido y mujer argentinos que ganaron una etapa en el segmento de autos liviano\" alt=\"marido y mujer argentinos que ganaron una etapa en el segmento de autos liviano\" rel=\"noopener\">marido y mujer argentinos que ganaron una etapa en el segmento de autos liviano<\/a>s. \u00c9l le propuso matrimonio en 2019 luego de ser campe\u00f3n en cuatriciclos. Un cuento de amor, perdices y felicidad&#8230;<\/p>\n<\/div>\n<div class=\"custom-text \" readability=\"37.759336099585\">\n<p>Pero <strong>and\u00e1 a cont\u00e1rselo a los amigos y familiares <a href=\"https:\/\/www.ole.com.ar\/tema\/WnSbcvVPWJ.html\" target=\"_self\" title=\"de los 78 muertos del Dakar\" alt=\"de los 78 muertos del Dakar\" rel=\"noopener\">de los 78 muertos del Dakar<\/a> en sus 46 ediciones<\/strong>. No solo pilotos y mec\u00e1nicos, la mayor\u00eda, o casi, espectadores e infortunadas v\u00edctimas que se cruzaron en el camino de autos y camiones, como madres e hijos senegaleses de los que ni siquiera se sabe su nombre; son un n\u00famero. Se agacha la cabeza, se encienden los motores y se corre \u201cen honor de\u201d. <strong>Con amor y dolor en la misma acelerada. Porque el Dakar est\u00e1 encima de todo.<\/strong><\/p>\n<\/div>\n<div class=\"sc-e7b891c4-0 jPbnQF\"><img alt=\"Thierry Sabine, el creador del Dakar, muri\u00f3 en un accidente en el 86.\" src=\"http:\/\/cordobadirecto.com\/wp-content\/uploads\/2024\/01\/dakar-con-amor-y-dolor-pero-siga-siga-2.jpg\" width=\"720\" height=\"100\" decoding=\"async\" data-nimg=\"future\" loading=\"lazy\"><span class=\"epigraphe\">Thierry Sabine, el creador del Dakar, muri\u00f3 en un accidente en el 86.<\/span><\/div>\n<div class=\"sc-a7166897-0 exHLBh\" readability=\"6\">\n<section readability=\"2\"><picture><img alt=\"Dakar: 1-2 de los Benavides y And\u00fajar estira la diferencia\" src=\"http:\/\/cordobadirecto.com\/wp-content\/uploads\/2024\/01\/dakar-con-amor-y-dolor-pero-siga-siga-3.jpg\" width=\"290\" height=\"290\" decoding=\"async\" data-nimg=\"future\" loading=\"lazy\"><\/picture>\n<p><span>Mir\u00e1 tambi\u00e9n<\/span><\/p>\n<hr>\n<h3>Dakar: 1-2 de los Benavides y And\u00fajar estira la diferencia<\/h3>\n<\/p>\n<\/section>\n<\/div>\n<div class=\"sc-a7166897-0 exHLBh\" readability=\"6\">\n<section readability=\"2\"><picture><img alt=\"Dakar: And\u00fajar aguanta los trapos en cuatri\" src=\"http:\/\/cordobadirecto.com\/wp-content\/uploads\/2024\/01\/dakar-con-amor-y-dolor-pero-siga-siga-4.jpg\" width=\"290\" height=\"290\" decoding=\"async\" data-nimg=\"future\" loading=\"lazy\"><\/picture>\n<p><span>Mir\u00e1 tambi\u00e9n<\/span><\/p>\n<hr>\n<h3>Dakar: And\u00fajar aguanta los trapos en cuatri<\/h3>\n<\/p>\n<\/section>\n<\/div>\n<div class=\"sc-a7166897-0 exHLBh\" readability=\"6\">\n<section readability=\"2\"><picture><img alt=\"Los Cavigliasso: el matrimonio argentino que corre el Dakar y \u00a1gan\u00f3 una etapa!\" src=\"http:\/\/cordobadirecto.com\/wp-content\/uploads\/2024\/01\/dakar-con-amor-y-dolor-pero-siga-siga-5.jpg\" width=\"290\" height=\"290\" decoding=\"async\" data-nimg=\"future\" loading=\"lazy\"><\/picture>\n<p><span>Mir\u00e1 tambi\u00e9n<\/span><\/p>\n<hr>\n<h3>Los Cavigliasso: el matrimonio argentino que corre el Dakar y \u00a1gan\u00f3 una etapa!<\/h3>\n<\/p>\n<\/section>\n<\/div>\n<\/div>\n","protected":false},"excerpt":{"rendered":"<p>17\/01\/2024 10:12hs. Al mismo tiempo el Dakar suma seguidores y detractores; pasi\u00f3n y bronca; amor y odio. Sin medias tintas. Pasa de p\u00e1gina pese a que en el medio sus arenas del desierto se inunden con l\u00e1grimas de tristeza por una v\u00edctima. Del otro lado de la hoja quiz\u00e1 la cr\u00f3nica tenga m\u00e1s de poes\u00eda [&hellip;]<\/p>\n","protected":false},"author":1,"featured_media":147013,"comment_status":"closed","ping_status":"closed","sticky":false,"template":"","format":"standard","meta":[],"categories":[21],"tags":[],"_links":{"self":[{"href":"http:\/\/cordobadirecto.com\/index.php\/wp-json\/wp\/v2\/posts\/147012"}],"collection":[{"href":"http:\/\/cordobadirecto.com\/index.php\/wp-json\/wp\/v2\/posts"}],"about":[{"href":"http:\/\/cordobadirecto.com\/index.php\/wp-json\/wp\/v2\/types\/post"}],"author":[{"embeddable":true,"href":"http:\/\/cordobadirecto.com\/index.php\/wp-json\/wp\/v2\/users\/1"}],"replies":[{"embeddable":true,"href":"http:\/\/cordobadirecto.com\/index.php\/wp-json\/wp\/v2\/comments?post=147012"}],"version-history":[{"count":0,"href":"http:\/\/cordobadirecto.com\/index.php\/wp-json\/wp\/v2\/posts\/147012\/revisions"}],"wp:featuredmedia":[{"embeddable":true,"href":"http:\/\/cordobadirecto.com\/index.php\/wp-json\/wp\/v2\/media\/147013"}],"wp:attachment":[{"href":"http:\/\/cordobadirecto.com\/index.php\/wp-json\/wp\/v2\/media?parent=147012"}],"wp:term":[{"taxonomy":"category","embeddable":true,"href":"http:\/\/cordobadirecto.com\/index.php\/wp-json\/wp\/v2\/categories?post=147012"},{"taxonomy":"post_tag","embeddable":true,"href":"http:\/\/cordobadirecto.com\/index.php\/wp-json\/wp\/v2\/tags?post=147012"}],"curies":[{"name":"wp","href":"https:\/\/api.w.org\/{rel}","templated":true}]}}