{"id":147037,"date":"2024-01-18T06:24:01","date_gmt":"2024-01-18T06:24:01","guid":{"rendered":"http:\/\/cordobadirecto.com\/index.php\/2024\/01\/18\/javier-milei-se-reunio-con-georgieva-en-davos-para-ratificar-su-programa-economico\/"},"modified":"2024-01-18T06:24:01","modified_gmt":"2024-01-18T06:24:01","slug":"javier-milei-se-reunio-con-georgieva-en-davos-para-ratificar-su-programa-economico","status":"publish","type":"post","link":"http:\/\/cordobadirecto.com\/index.php\/2024\/01\/18\/javier-milei-se-reunio-con-georgieva-en-davos-para-ratificar-su-programa-economico\/","title":{"rendered":"Javier Milei se reuni\u00f3 con Georgieva en Davos para ratificar su programa econ\u00f3mico"},"content":{"rendered":"<p>El presidente estuvo acompa\u00f1ado por el jefe de Gabinete, Nicol\u00e1s Posse, el ministro de <b>Econom\u00eda<\/b> &#8230; Propietario: Diario La <b>Nueva<\/b> SRL | Director: Gustavo&nbsp;&#8230; <\/p>\n","protected":false},"excerpt":{"rendered":"<p>El presidente estuvo acompa\u00f1ado por el jefe de Gabinete, Nicol\u00e1s Posse, el ministro de Econom\u00eda &#8230; Propietario: Diario La Nueva SRL | Director: Gustavo&nbsp;&#8230;<\/p>\n","protected":false},"author":1,"featured_media":0,"comment_status":"closed","ping_status":"closed","sticky":false,"template":"","format":"standard","meta":[],"categories":[40],"tags":[],"_links":{"self":[{"href":"http:\/\/cordobadirecto.com\/index.php\/wp-json\/wp\/v2\/posts\/147037"}],"collection":[{"href":"http:\/\/cordobadirecto.com\/index.php\/wp-json\/wp\/v2\/posts"}],"about":[{"href":"http:\/\/cordobadirecto.com\/index.php\/wp-json\/wp\/v2\/types\/post"}],"author":[{"embeddable":true,"href":"http:\/\/cordobadirecto.com\/index.php\/wp-json\/wp\/v2\/users\/1"}],"replies":[{"embeddable":true,"href":"http:\/\/cordobadirecto.com\/index.php\/wp-json\/wp\/v2\/comments?post=147037"}],"version-history":[{"count":0,"href":"http:\/\/cordobadirecto.com\/index.php\/wp-json\/wp\/v2\/posts\/147037\/revisions"}],"wp:attachment":[{"href":"http:\/\/cordobadirecto.com\/index.php\/wp-json\/wp\/v2\/media?parent=147037"}],"wp:term":[{"taxonomy":"category","embeddable":true,"href":"http:\/\/cordobadirecto.com\/index.php\/wp-json\/wp\/v2\/categories?post=147037"},{"taxonomy":"post_tag","embeddable":true,"href":"http:\/\/cordobadirecto.com\/index.php\/wp-json\/wp\/v2\/tags?post=147037"}],"curies":[{"name":"wp","href":"https:\/\/api.w.org\/{rel}","templated":true}]}}