{"id":147038,"date":"2024-01-18T10:23:32","date_gmt":"2024-01-18T10:23:32","guid":{"rendered":"https:\/\/www.bbc.com\/mundo\/articles\/czr8r44j7rlo"},"modified":"2024-01-18T10:23:32","modified_gmt":"2024-01-18T10:23:32","slug":"pakistan-lanza-ataque-contra-iran-en-represalia-tras-la-ofensiva-de-teheran-en-su-territorio","status":"publish","type":"post","link":"http:\/\/cordobadirecto.com\/index.php\/2024\/01\/18\/pakistan-lanza-ataque-contra-iran-en-represalia-tras-la-ofensiva-de-teheran-en-su-territorio\/","title":{"rendered":"Pakist\u00e1n lanza ataque contra Ir\u00e1n en represalia tras la ofensiva de Teher\u00e1n en su territorio"},"content":{"rendered":"<figure class=\"bbc-1qn0xuy\" readability=\"1.5\">\n<div class=\"bbc-sni631\" readability=\"8\"><picture><img loading=\"lazy\" src=\"http:\/\/cordobadirecto.com\/wp-content\/uploads\/2024\/01\/pakistan-lanza-ataque-contra-iran-en-represalia-tras-la-ofensiva-de-teheran-en-su-territorio.jpg\" srcset=\"http:\/\/cordobadirecto.com\/wp-content\/uploads\/2024\/01\/pakistan-lanza-ataque-contra-iran-en-represalia-tras-la-ofensiva-de-teheran-en-su-territorio-3.jpg 240w, http:\/\/cordobadirecto.com\/wp-content\/uploads\/2024\/01\/pakistan-lanza-ataque-contra-iran-en-represalia-tras-la-ofensiva-de-teheran-en-su-territorio-4.jpg 320w, http:\/\/cordobadirecto.com\/wp-content\/uploads\/2024\/01\/pakistan-lanza-ataque-contra-iran-en-represalia-tras-la-ofensiva-de-teheran-en-su-territorio-5.jpg 480w, http:\/\/cordobadirecto.com\/wp-content\/uploads\/2024\/01\/pakistan-lanza-ataque-contra-iran-en-represalia-tras-la-ofensiva-de-teheran-en-su-territorio-6.jpg 624w, http:\/\/cordobadirecto.com\/wp-content\/uploads\/2024\/01\/pakistan-lanza-ataque-contra-iran-en-represalia-tras-la-ofensiva-de-teheran-en-su-territorio-7.jpg 800w\" sizes=\"(min-width: 1008px) 760px, 100vw\" alt=\"La televisi\u00f3n paquistan\u00ed informando sobre los ataques.\" width=\"976\" height=\"549\" class=\"bbc-1uwua2r\"><\/picture>\n<p class=\"bbc-kaivkm\" role=\"text\"><span class=\"bbc-m04vo2\">Fuente de la imagen, <\/span><span lang=\"en-GB\">REUTERS<\/span><\/p>\n<\/div><figcaption dir=\"ltr\" class=\"bbc-1jsyunq e6i104o0\" readability=\"1\"><span role=\"text\" readability=\"2\"><span class=\"bbc-m04vo2\">Pie de foto, <\/span><\/p>\n<p>La televisi\u00f3n paquistan\u00ed informando sobre los ataques.<\/p>\n<p><\/span><\/figcaption><\/figure>\n<section role=\"region\" aria-labelledby=\"article-byline\" class=\"bbc-1vjaf6b\"><strong id=\"article-byline\" aria-hidden=\"true\" class=\"bbc-m04vo2\">Article information<\/strong><\/p>\n<ul role=\"list\" class=\"bbc-1rvtlej\">\n<li><span role=\"text\"><span class=\"bbc-m04vo2\">Author, <\/span><span class=\"bbc-1ypcc2\"> Frances Mao<\/span><\/span><\/li>\n<li><span role=\"text\"><span class=\"bbc-m04vo2\">Role, <!-- --> <\/span><span class=\"bbc-1y5sx98\">BBC News, Singapur<\/span><\/span><\/li>\n<li class=\"bbc-v8pmqw\">\n<div dir=\"ltr\" class=\"bbc-19j92fr ebmt73l0\"><time datetime=\"2024-01-18\" class=\"bbc-1dafq0j e1mklfmt0\">18 enero 2024, 10:23 GMT<\/time><\/p>\n<p><time datetime=\"2024-01-18\" class=\"bbc-1dafq0j e1mklfmt0\">Actualizado 2 horas<\/time><\/p>\n<\/div>\n<\/li>\n<\/ul>\n<\/section>\n<div dir=\"ltr\" class=\"bbc-19j92fr ebmt73l0\" readability=\"9\">\n<p dir=\"ltr\" class=\"bbc-hhl7in e17g058b0\"><b>Pakist\u00e1n lanz\u00f3 este jueves un ataque con misiles contra Ir\u00e1n, en represalia contra una serie de ataques llevados a cabo por Teher\u00e1n el martes. <\/b><\/p>\n<\/div>\n<div dir=\"ltr\" class=\"bbc-19j92fr ebmt73l0\" readability=\"8\">\n<p dir=\"ltr\" class=\"bbc-hhl7in e17g058b0\">Al menos nueve personas murieron en el ataque, seg\u00fan reportaron los medios estatales iran\u00edes. <\/p>\n<\/div>\n<div dir=\"ltr\" class=\"bbc-19j92fr ebmt73l0\" readability=\"9\">\n<p dir=\"ltr\" class=\"bbc-hhl7in e17g058b0\">Seg\u00fan Pakist\u00e1n, su ofensiva atac\u00f3 &#8220;escondites terroristas&#8221; en la provincia iran\u00ed de Sist\u00e1n-Baluchist\u00e1n.<\/p>\n<\/div>\n<div dir=\"ltr\" class=\"bbc-19j92fr ebmt73l0\" readability=\"9\">\n<p dir=\"ltr\" class=\"bbc-hhl7in e17g058b0\">Los ataques a\u00e9reos se producen en un momento en que <b>las tensiones en Medio Oriente siguen en aumento<\/b>, con crisis que salpican a varios pa\u00edses. <\/p>\n<\/div>\n<div dir=\"ltr\" class=\"bbc-19j92fr ebmt73l0\" readability=\"11\">\n<p dir=\"ltr\" class=\"bbc-hhl7in e17g058b0\">Israel est\u00e1 en guerra contra el grupo palestino Ham\u00e1s en Gaza, mientras intercambia disparos con Hezbol\u00e1, un grupo respaldado por Ir\u00e1n, en L\u00edbano. <\/p>\n<\/div>\n<div dir=\"ltr\" class=\"bbc-19j92fr ebmt73l0\" readability=\"9\">\n<p dir=\"ltr\" class=\"bbc-hhl7in e17g058b0\">Paralelamente, grupos respaldados por Ir\u00e1n en Irak y Siria se encuentran ejecutando ataques contra las fuerzas estadounidenses en la regi\u00f3n. <\/p>\n<\/div>\n<div dir=\"ltr\" class=\"bbc-19j92fr ebmt73l0\" readability=\"10\">\n<p dir=\"ltr\" class=\"bbc-hhl7in e17g058b0\">La semana pasada, Estados Unidos y Reino Unido respondieron con un ataque a los hut\u00edes, un grupo respaldado por Ir\u00e1n en Yemen que ha estado atacando el transporte mar\u00edtimo en la zona. <\/p>\n<\/div>\n<div dir=\"ltr\" class=\"bbc-19j92fr ebmt73l0\" readability=\"8\">\n<p dir=\"ltr\" class=\"bbc-hhl7in e17g058b0\"><b>Pakist\u00e1n e Ir\u00e1n se han acusado mutuamente<\/b> durante mucho tiempo de albergar a grupos militantes que llevan a cabo ataques desde regiones a lo largo de la frontera que comparten.<\/p>\n<\/div>\n<figure class=\"bbc-1qn0xuy\">\n<div class=\"bbc-sni631\"><picture><img src=\"http:\/\/cordobadirecto.com\/wp-content\/uploads\/2024\/01\/pakistan-lanza-ataque-contra-iran-en-represalia-tras-la-ofensiva-de-teheran-en-su-territorio-1.jpg\" srcset=\"http:\/\/cordobadirecto.com\/wp-content\/uploads\/2024\/01\/pakistan-lanza-ataque-contra-iran-en-represalia-tras-la-ofensiva-de-teheran-en-su-territorio-8.jpg 240w, http:\/\/cordobadirecto.com\/wp-content\/uploads\/2024\/01\/pakistan-lanza-ataque-contra-iran-en-represalia-tras-la-ofensiva-de-teheran-en-su-territorio-9.jpg 320w, http:\/\/cordobadirecto.com\/wp-content\/uploads\/2024\/01\/pakistan-lanza-ataque-contra-iran-en-represalia-tras-la-ofensiva-de-teheran-en-su-territorio-10.jpg 480w, http:\/\/cordobadirecto.com\/wp-content\/uploads\/2024\/01\/pakistan-lanza-ataque-contra-iran-en-represalia-tras-la-ofensiva-de-teheran-en-su-territorio-11.jpg 624w, http:\/\/cordobadirecto.com\/wp-content\/uploads\/2024\/01\/pakistan-lanza-ataque-contra-iran-en-represalia-tras-la-ofensiva-de-teheran-en-su-territorio-12.jpg 800w\" sizes=\"(min-width: 1008px) 760px, 100vw\" alt=\"Captura de pantalla de un v\u00eddeo que supuestamente muestra las consecuencias del ataque\" loading=\"lazy\" width=\"976\" height=\"549\" class=\"bbc-1uwua2r\"><\/picture>\n<p class=\"bbc-kaivkm\" role=\"text\"><span class=\"bbc-m04vo2\">Fuente de la imagen, <\/span><span lang=\"en-GB\">UGC<\/span><\/p>\n<\/div><figcaption dir=\"ltr\" class=\"bbc-1jsyunq e6i104o0\" readability=\"1\"><span role=\"text\" readability=\"2\"><span class=\"bbc-m04vo2\">Pie de foto, <\/span><\/p>\n<p>Captura de pantalla de un v\u00eddeo que supuestamente muestra las consecuencias del ataque<\/p>\n<p><\/span><\/figcaption><\/figure>\n<div dir=\"ltr\" class=\"bbc-19j92fr ebmt73l0\" readability=\"11\">\n<p dir=\"ltr\" class=\"bbc-hhl7in e17g058b0\">El jueves, el Ministerio de Asuntos Exteriores de Pakist\u00e1n confirm\u00f3 sus ataques, que seg\u00fan los medios iran\u00edes tuvieron lugar alrededor de la ciudad de Saravan, en el sur del pa\u00eds. <\/p>\n<\/div>\n<div dir=\"ltr\" class=\"bbc-19j92fr ebmt73l0\" readability=\"8\">\n<p dir=\"ltr\" class=\"bbc-hhl7in e17g058b0\">Pakist\u00e1n asegur\u00f3 que hab\u00eda actuado como respuesta a reportes de inteligencia cre\u00edble sobre inminentes actividades terroristas a gran escala. <\/p>\n<\/div>\n<div dir=\"ltr\" class=\"bbc-19j92fr ebmt73l0\" readability=\"9\">\n<p dir=\"ltr\" class=\"bbc-hhl7in e17g058b0\">Agreg\u00f3 que varios &#8220;terroristas&#8221; fueron asesinados, se\u00f1alando que &#8220;respeta plenamente&#8221; la soberan\u00eda y la integridad territorial de Ir\u00e1n. <\/p>\n<\/div>\n<div dir=\"ltr\" class=\"bbc-19j92fr ebmt73l0\" readability=\"10\">\n<p dir=\"ltr\" class=\"bbc-hhl7in e17g058b0\">Sin embargo, justific\u00f3 los ataques de este jueves diciendo que forman parte de &#8220;una manifestaci\u00f3n de la <b>determinaci\u00f3n inquebrantable de Pakist\u00e1n de proteger y defender su seguridad<\/b> nacional contra todas las amenazas&#8221;.<\/p>\n<\/div>\n<div dir=\"ltr\" class=\"bbc-19j92fr ebmt73l0\" readability=\"12\">\n<p dir=\"ltr\" class=\"bbc-hhl7in e17g058b0\">Pakist\u00e1n conden\u00f3 ferozmente el ataque de Ir\u00e1n el martes que afect\u00f3 un \u00e1rea de la provincia paquistan\u00ed de Baluchist\u00e1n, cerca de la frontera iran\u00ed, y que, seg\u00fan Islamabad, mat\u00f3 a dos ni\u00f1os.<\/p>\n<\/div>\n<div dir=\"ltr\" class=\"bbc-19j92fr ebmt73l0\" readability=\"9\">\n<p dir=\"ltr\" class=\"bbc-hhl7in e17g058b0\">Ir\u00e1n insisti\u00f3 en que sus ataques estaban dirigidos s\u00f3lo a Jaish al-Adl, un grupo musulm\u00e1n sunita de etnia baluchi que ha llevado a cabo ataques dentro de Ir\u00e1n.<\/p>\n<\/div>\n<p><h2 id=\"Oportunidad-para-alejarse-del-abismo\" tabindex=\"-1\" class=\"bbc-1f03ibc eglt09e0\">&#8220;Oportunidad para alejarse del abismo&#8221;<\/h2>\n<\/p>\n<div dir=\"ltr\" class=\"bbc-19j92fr ebmt73l0\" readability=\"8\">\n<p dir=\"ltr\" class=\"bbc-hhl7in e17g058b0\">A principios de semana, Ir\u00e1n tambi\u00e9n atac\u00f3 objetivos en Irak y Siria. <\/p>\n<\/div>\n<div dir=\"ltr\" class=\"bbc-19j92fr ebmt73l0\" readability=\"12\">\n<p dir=\"ltr\" class=\"bbc-hhl7in e17g058b0\">Teher\u00e1n afirm\u00f3 que los ataques estaban dirigidos contra Estado Isl\u00e1mico y la agencia de espionaje israel\u00ed Mossad, quienes, seg\u00fan Teher\u00e1n, estuvieron involucrados en un ataque con bomba en la ciudad iran\u00ed de Kerman a principios de este mes en el que murieron 84 personas.<\/p>\n<\/div>\n<div dir=\"ltr\" class=\"bbc-19j92fr ebmt73l0\" readability=\"9\">\n<p dir=\"ltr\" class=\"bbc-hhl7in e17g058b0\">De acuerdo a analistas, la respuesta de Pakist\u00e1n es una repuesta sim\u00e9trica a la ofensiva iran\u00ed al ser presentada como un ataque espec\u00edfico contra los insurgentes.<\/p>\n<\/div>\n<div dir=\"ltr\" class=\"bbc-19j92fr ebmt73l0\" readability=\"13\">\n<p dir=\"ltr\" class=\"bbc-hhl7in e17g058b0\">&#8220;Las represalias de Pakist\u00e1n aumentan el riesgo de una escalada, pero tambi\u00e9n brindan la oportunidad para alejarse del abismo. De hecho, ahora las dos partes est\u00e1n empatadas&#8221;, explica Michael Kugelman, director del Centro Wilson para Asia Meridional.<\/p>\n<\/div>\n<div dir=\"ltr\" class=\"bbc-19j92fr ebmt73l0\" readability=\"10\">\n<p dir=\"ltr\" class=\"bbc-hhl7in e17g058b0\">China, un fuerte aliado de ambas naciones, ha pedido a las dos partes que muestren moderaci\u00f3n y eviten una escalada.<\/p>\n<\/div>\n<figure class=\"bbc-1qn0xuy\">\n<div class=\"bbc-sni631\"><picture><img src=\"http:\/\/cordobadirecto.com\/wp-content\/uploads\/2024\/01\/pakistan-lanza-ataque-contra-iran-en-represalia-tras-la-ofensiva-de-teheran-en-su-territorio-2.jpg\" srcset=\"http:\/\/cordobadirecto.com\/wp-content\/uploads\/2024\/01\/pakistan-lanza-ataque-contra-iran-en-represalia-tras-la-ofensiva-de-teheran-en-su-territorio-13.jpg 240w, http:\/\/cordobadirecto.com\/wp-content\/uploads\/2024\/01\/pakistan-lanza-ataque-contra-iran-en-represalia-tras-la-ofensiva-de-teheran-en-su-territorio-14.jpg 320w, http:\/\/cordobadirecto.com\/wp-content\/uploads\/2024\/01\/pakistan-lanza-ataque-contra-iran-en-represalia-tras-la-ofensiva-de-teheran-en-su-territorio-15.jpg 480w, http:\/\/cordobadirecto.com\/wp-content\/uploads\/2024\/01\/pakistan-lanza-ataque-contra-iran-en-represalia-tras-la-ofensiva-de-teheran-en-su-territorio-16.jpg 624w, http:\/\/cordobadirecto.com\/wp-content\/uploads\/2024\/01\/pakistan-lanza-ataque-contra-iran-en-represalia-tras-la-ofensiva-de-teheran-en-su-territorio-17.jpg 800w\" sizes=\"(min-width: 1008px) 760px, 100vw\" alt=\"l\u00ednea gris\" loading=\"lazy\" width=\"800\" height=\"100\" class=\"bbc-1uwua2r\"><\/picture><\/div>\n<\/figure>\n<div dir=\"ltr\" class=\"bbc-19j92fr ebmt73l0\" readability=\"8\">\n<p dir=\"ltr\" class=\"bbc-hhl7in e17g058b0\"><i class=\"bbc-h1y5j7 eih42320\">Y recuerda que puedes recibir notificaciones. Descarga la \u00faltima versi\u00f3n de nuestra app y act\u00edvalas para no perderte nuestro mejor contenido.<\/i><\/p>\n<\/div>\n","protected":false},"excerpt":{"rendered":"<p>Fuente de la imagen, REUTERS Pie de foto, La televisi\u00f3n paquistan\u00ed informando sobre los ataques. Article information Author, Frances Mao Role, BBC News, Singapur 18 enero 2024, 10:23 GMT Actualizado 2 horas Pakist\u00e1n lanz\u00f3 este jueves un ataque con misiles contra Ir\u00e1n, en represalia contra una serie de ataques llevados a cabo por Teher\u00e1n el [&hellip;]<\/p>\n","protected":false},"author":1,"featured_media":147039,"comment_status":"closed","ping_status":"closed","sticky":false,"template":"","format":"standard","meta":[],"categories":[24],"tags":[],"_links":{"self":[{"href":"http:\/\/cordobadirecto.com\/index.php\/wp-json\/wp\/v2\/posts\/147038"}],"collection":[{"href":"http:\/\/cordobadirecto.com\/index.php\/wp-json\/wp\/v2\/posts"}],"about":[{"href":"http:\/\/cordobadirecto.com\/index.php\/wp-json\/wp\/v2\/types\/post"}],"author":[{"embeddable":true,"href":"http:\/\/cordobadirecto.com\/index.php\/wp-json\/wp\/v2\/users\/1"}],"replies":[{"embeddable":true,"href":"http:\/\/cordobadirecto.com\/index.php\/wp-json\/wp\/v2\/comments?post=147038"}],"version-history":[{"count":0,"href":"http:\/\/cordobadirecto.com\/index.php\/wp-json\/wp\/v2\/posts\/147038\/revisions"}],"wp:featuredmedia":[{"embeddable":true,"href":"http:\/\/cordobadirecto.com\/index.php\/wp-json\/wp\/v2\/media\/147039"}],"wp:attachment":[{"href":"http:\/\/cordobadirecto.com\/index.php\/wp-json\/wp\/v2\/media?parent=147038"}],"wp:term":[{"taxonomy":"category","embeddable":true,"href":"http:\/\/cordobadirecto.com\/index.php\/wp-json\/wp\/v2\/categories?post=147038"},{"taxonomy":"post_tag","embeddable":true,"href":"http:\/\/cordobadirecto.com\/index.php\/wp-json\/wp\/v2\/tags?post=147038"}],"curies":[{"name":"wp","href":"https:\/\/api.w.org\/{rel}","templated":true}]}}