{"id":147078,"date":"2024-01-19T12:14:54","date_gmt":"2024-01-19T12:14:54","guid":{"rendered":"https:\/\/www.bbc.com\/mundo\/articles\/c6pldlpw047o"},"modified":"2024-01-19T12:14:54","modified_gmt":"2024-01-19T12:14:54","slug":"la-improbable-historia-de-amor-entre-una-influencer-uribista-y-el-guerrillero-hijo-del-mono-jojoy-uno-de-los-principales-comandantes-de-las-farc","status":"publish","type":"post","link":"http:\/\/cordobadirecto.com\/index.php\/2024\/01\/19\/la-improbable-historia-de-amor-entre-una-influencer-uribista-y-el-guerrillero-hijo-del-mono-jojoy-uno-de-los-principales-comandantes-de-las-farc\/","title":{"rendered":"La improbable historia de amor entre una influencer uribista y el guerrillero hijo del Mono Jojoy, uno de los principales comandantes de las FARC"},"content":{"rendered":"<figure class=\"bbc-1qn0xuy\" readability=\"1.5\">\n<div class=\"bbc-sni631\" readability=\"8\"><picture><img loading=\"lazy\" src=\"http:\/\/cordobadirecto.com\/wp-content\/uploads\/2024\/01\/la-improbable-historia-de-amor-entre-una-influencer-uribista-y-el-guerrillero-hijo-del-mono-jojoy-uno-de-los-principales-comandantes-de-las-farc.jpg\" srcset=\"http:\/\/cordobadirecto.com\/wp-content\/uploads\/2024\/01\/la-improbable-historia-de-amor-entre-una-influencer-uribista-y-el-guerrillero-hijo-del-mono-jojoy-uno-de-los-principales-comandantes-de-las-farc-18.jpg 240w, http:\/\/cordobadirecto.com\/wp-content\/uploads\/2024\/01\/la-improbable-historia-de-amor-entre-una-influencer-uribista-y-el-guerrillero-hijo-del-mono-jojoy-uno-de-los-principales-comandantes-de-las-farc-19.jpg 320w, http:\/\/cordobadirecto.com\/wp-content\/uploads\/2024\/01\/la-improbable-historia-de-amor-entre-una-influencer-uribista-y-el-guerrillero-hijo-del-mono-jojoy-uno-de-los-principales-comandantes-de-las-farc-20.jpg 480w, http:\/\/cordobadirecto.com\/wp-content\/uploads\/2024\/01\/la-improbable-historia-de-amor-entre-una-influencer-uribista-y-el-guerrillero-hijo-del-mono-jojoy-uno-de-los-principales-comandantes-de-las-farc-21.jpg 624w, http:\/\/cordobadirecto.com\/wp-content\/uploads\/2024\/01\/la-improbable-historia-de-amor-entre-una-influencer-uribista-y-el-guerrillero-hijo-del-mono-jojoy-uno-de-los-principales-comandantes-de-las-farc-22.jpg 800w\" sizes=\"(min-width: 1008px) 760px, 100vw\" alt=\"Catalina y Jorge el d\u00eda de su boda en 2021\" width=\"950\" height=\"534\" class=\"bbc-1uwua2r\"><\/picture>\n<p class=\"bbc-kaivkm\" role=\"text\"><span class=\"bbc-m04vo2\">Fuente de la imagen, <\/span><span lang=\"en-GB\">Cortes\u00eda<\/span><\/p>\n<\/div><figcaption dir=\"ltr\" class=\"bbc-1jsyunq e6i104o0\" readability=\"1\"><span role=\"text\" readability=\"2\"><span class=\"bbc-m04vo2\">Pie de foto, <\/span><\/p>\n<p>Catalina y Jorge el d\u00eda de su boda en 2021.<\/p>\n<p><\/span><\/figcaption><\/figure>\n<section role=\"region\" aria-labelledby=\"article-byline\" class=\"bbc-1vjaf6b\"><strong id=\"article-byline\" aria-hidden=\"true\" class=\"bbc-m04vo2\">Article information<\/strong><\/p>\n<ul role=\"list\" class=\"bbc-1rvtlej\">\n<li><span role=\"text\"><span class=\"bbc-m04vo2\">Author, <\/span><span class=\"bbc-1ypcc2\">Andrea D\u00edaz Cardona<\/span><\/span><\/li>\n<li><span role=\"text\"><span class=\"bbc-m04vo2\">Role, <!-- --> <\/span><span class=\"bbc-1y5sx98\">BBC News Mundo<\/span><\/span><\/li>\n<li class=\"bbc-v8pmqw\">\n<p><time datetime=\"2024-01-19\" class=\"bbc-1dafq0j e1mklfmt0\">1 hora<\/time><\/p>\n<\/li>\n<\/ul>\n<\/section>\n<div dir=\"ltr\" class=\"bbc-19j92fr ebmt73l0\" readability=\"10\">\n<p dir=\"ltr\" class=\"bbc-hhl7in e17g058b0\"><b>Catalina abri\u00f3 la puerta de su apartamento en Bogot\u00e1. Vio a Jorge, un amigo de su amiga, y de inmediato le llam\u00f3 la atenci\u00f3n.<\/b><\/p>\n<\/div>\n<div dir=\"ltr\" class=\"bbc-19j92fr ebmt73l0\" readability=\"10\">\n<p dir=\"ltr\" class=\"bbc-hhl7in e17g058b0\">Jorge es alto, tra\u00eda ropa casual, estaba perfectamente afeitado y ol\u00eda muy rico, recuerda.<\/p>\n<\/div>\n<div dir=\"ltr\" class=\"bbc-19j92fr ebmt73l0\" readability=\"7\">\n<p dir=\"ltr\" class=\"bbc-hhl7in e17g058b0\">A Jorge le pas\u00f3 algo similar.<\/p>\n<\/div>\n<div dir=\"ltr\" class=\"bbc-19j92fr ebmt73l0\" readability=\"9\">\n<p dir=\"ltr\" class=\"bbc-hhl7in e17g058b0\">&#8220;Hubo atracci\u00f3n. Catalina es rubia de ojos verdes, tiene una cara hermosa&#8221;, dice.<\/p>\n<\/div>\n<div dir=\"ltr\" class=\"bbc-19j92fr ebmt73l0\" readability=\"7\">\n<p dir=\"ltr\" class=\"bbc-hhl7in e17g058b0\">La noche de fiesta avanz\u00f3 y el karaoke tom\u00f3 fuerza.<\/p>\n<\/div>\n<div dir=\"ltr\" class=\"bbc-19j92fr ebmt73l0\" readability=\"8\">\n<p dir=\"ltr\" class=\"bbc-hhl7in e17g058b0\">&#8220;<i class=\"bbc-h1y5j7 eih42320\">Hasta que, te conociiiii\u2026 Al partiiiiir un beso y una flor\u2026<\/i>&#8220;<\/p>\n<\/div>\n<div dir=\"ltr\" class=\"bbc-19j92fr ebmt73l0\" readability=\"11\">\n<p dir=\"ltr\" class=\"bbc-hhl7in e17g058b0\">En alg\u00fan momento Jorge cont\u00f3, con cierto orgullo, que cumpl\u00eda a\u00f1os el 14 de junio, el mismo d\u00eda que naci\u00f3 el Che Guevara.<\/p>\n<\/div>\n<div dir=\"ltr\" class=\"bbc-19j92fr ebmt73l0\" readability=\"7\">\n<p dir=\"ltr\" class=\"bbc-hhl7in e17g058b0\">A Catalina le caus\u00f3 risa nerviosa que hablara del l\u00edder de la revoluci\u00f3n cubana y no le crey\u00f3.<\/p>\n<\/div>\n<div dir=\"ltr\" class=\"bbc-19j92fr ebmt73l0\" readability=\"7\">\n<p dir=\"ltr\" class=\"bbc-hhl7in e17g058b0\">Le pareci\u00f3 demasiada coincidencia porque ella tambi\u00e9n naci\u00f3 en esa fecha.<\/p>\n<\/div>\n<div dir=\"ltr\" class=\"bbc-19j92fr ebmt73l0\" readability=\"8\">\n<p dir=\"ltr\" class=\"bbc-hhl7in e17g058b0\">&#8211; <i class=\"bbc-h1y5j7 eih42320\">Mu\u00e9strame tu c\u00e9dula <\/i>(identificaci\u00f3n), le dijo desafi\u00e1ndolo.<\/p>\n<\/div>\n<div dir=\"ltr\" class=\"bbc-19j92fr ebmt73l0\" readability=\"7\">\n<p dir=\"ltr\" class=\"bbc-hhl7in e17g058b0\">Jorge la sac\u00f3 de su billetera.<\/p>\n<\/div>\n<div dir=\"ltr\" class=\"bbc-19j92fr ebmt73l0\" readability=\"10\">\n<p dir=\"ltr\" class=\"bbc-hhl7in e17g058b0\">&#8211; \u00a1<b><i class=\"bbc-h1y5j7 eih42320\">No puede ser, cumplimos a\u00f1os el mismo d\u00eda y tenemos el mismo apellido!<\/i><\/b>, reaccion\u00f3 a\u00fan m\u00e1s sorprendida.<\/p>\n<\/div>\n<div dir=\"ltr\" class=\"bbc-19j92fr ebmt73l0\" readability=\"9\">\n<p dir=\"ltr\" class=\"bbc-hhl7in e17g058b0\">Lo que sigui\u00f3 fue para Catalina Su\u00e1rez y Jorge Su\u00e1rez el comienzo de un amor, que solo unos a\u00f1os antes habr\u00eda sido imposible. Al menos en Colombia.<\/p>\n<\/div>\n<div dir=\"ltr\" class=\"bbc-19j92fr ebmt73l0\" readability=\"8\">\n<p dir=\"ltr\" class=\"bbc-hhl7in e17g058b0\">Porque est\u00e1n en orillas pol\u00edticas opuestas en el pa\u00eds que ha tenido el conflicto interno m\u00e1s antiguo de Am\u00e9rica Latina.<\/p>\n<\/div>\n<div dir=\"ltr\" class=\"bbc-19j92fr ebmt73l0\" readability=\"12\">\n<p dir=\"ltr\" class=\"bbc-hhl7in e17g058b0\">Un conflicto de m\u00e1s de 60 a\u00f1os en el que seg\u00fan cifras de la Comisi\u00f3n de la Verdad se han registrado m\u00e1s de 7,5 millones de personas desplazadas, m\u00e1s de 450.000 homicidios, 120.000 desapariciones forzadas y 50.000 secuestros.<\/p>\n<\/div>\n<div dir=\"ltr\" class=\"bbc-19j92fr ebmt73l0\" readability=\"12\">\n<p dir=\"ltr\" class=\"bbc-hhl7in e17g058b0\">Un conflicto que ha dividido a Colombia durante generaciones y cre\u00f3 un contexto en el que <b>eran m\u00ednimas las probabilidades<\/b> de que una mujer de derecha, hija de empresarios y seguidora ac\u00e9rrima del expresidente \u00c1lvaro Uribe se enamorara de un hombre de izquierda, hijo de guerrilleros y que combati\u00f3 en la selva durante 16 a\u00f1os.<\/p>\n<\/div>\n<div dir=\"ltr\" class=\"bbc-19j92fr ebmt73l0\" readability=\"11\">\n<p dir=\"ltr\" class=\"bbc-hhl7in e17g058b0\">Pero luego lleg\u00f3 el proceso de paz entre el gobierno y las FARC, la guerrilla m\u00e1s antigua del pa\u00eds, y Colombia cambi\u00f3 al punto que Jorge termin\u00f3 en un karaoke en el apartamento de Catalina esa noche de 2020.<\/p>\n<\/div>\n<div dir=\"ltr\" class=\"bbc-19j92fr ebmt73l0\" readability=\"9\">\n<p dir=\"ltr\" class=\"bbc-hhl7in e17g058b0\">Lo que sigue es la historia de esta pareja improbable, pero tambi\u00e9n de alguna manera es la historia de una parte del conflicto que ha desangrado a Colombia.<\/p>\n<\/div>\n<p><h2 id=\"Jorge-el-guerrillero\" tabindex=\"-1\" class=\"bbc-1f03ibc eglt09e0\">Jorge, el guerrillero<\/h2>\n<\/p>\n<figure class=\"bbc-1qn0xuy\" readability=\"1.5\">\n<div class=\"bbc-sni631\" readability=\"8\"><picture><img src=\"http:\/\/cordobadirecto.com\/wp-content\/uploads\/2024\/01\/la-improbable-historia-de-amor-entre-una-influencer-uribista-y-el-guerrillero-hijo-del-mono-jojoy-uno-de-los-principales-comandantes-de-las-farc-1.jpg\" srcset=\"http:\/\/cordobadirecto.com\/wp-content\/uploads\/2024\/01\/la-improbable-historia-de-amor-entre-una-influencer-uribista-y-el-guerrillero-hijo-del-mono-jojoy-uno-de-los-principales-comandantes-de-las-farc-23.jpg 240w, http:\/\/cordobadirecto.com\/wp-content\/uploads\/2024\/01\/la-improbable-historia-de-amor-entre-una-influencer-uribista-y-el-guerrillero-hijo-del-mono-jojoy-uno-de-los-principales-comandantes-de-las-farc-24.jpg 320w, http:\/\/cordobadirecto.com\/wp-content\/uploads\/2024\/01\/la-improbable-historia-de-amor-entre-una-influencer-uribista-y-el-guerrillero-hijo-del-mono-jojoy-uno-de-los-principales-comandantes-de-las-farc-25.jpg 480w, http:\/\/cordobadirecto.com\/wp-content\/uploads\/2024\/01\/la-improbable-historia-de-amor-entre-una-influencer-uribista-y-el-guerrillero-hijo-del-mono-jojoy-uno-de-los-principales-comandantes-de-las-farc-26.jpg 624w, http:\/\/cordobadirecto.com\/wp-content\/uploads\/2024\/01\/la-improbable-historia-de-amor-entre-una-influencer-uribista-y-el-guerrillero-hijo-del-mono-jojoy-uno-de-los-principales-comandantes-de-las-farc-27.jpg 800w\" sizes=\"(min-width: 1008px) 760px, 100vw\" alt=\"Jorge cuando ten\u00eda 4 a\u00f1os en Bogot\u00e1\" loading=\"lazy\" width=\"1290\" height=\"1586\" class=\"bbc-1uwua2r\"><\/picture>\n<p class=\"bbc-kaivkm\" role=\"text\"><span class=\"bbc-m04vo2\">Fuente de la imagen, <\/span><span lang=\"en-GB\">Cortes\u00eda<\/span><\/p>\n<\/div><figcaption dir=\"ltr\" class=\"bbc-1jsyunq e6i104o0\" readability=\"1\"><span role=\"text\" readability=\"2\"><span class=\"bbc-m04vo2\">Pie de foto, <\/span><\/p>\n<p>Jorge cuando ten\u00eda 4 a\u00f1os en Bogot\u00e1.<\/p>\n<p><\/span><\/figcaption><\/figure>\n<div dir=\"ltr\" class=\"bbc-19j92fr ebmt73l0\" readability=\"8\">\n<p dir=\"ltr\" class=\"bbc-hhl7in e17g058b0\">Jorge naci\u00f3 en la selva en 1984, pero se cri\u00f3 en la ciudad.<\/p>\n<\/div>\n<div dir=\"ltr\" class=\"bbc-19j92fr ebmt73l0\" readability=\"10\">\n<p dir=\"ltr\" class=\"bbc-hhl7in e17g058b0\">Es hijo de V\u00edctor Julio Su\u00e1rez Rojas, el Mono Jojoy, uno de los principales comandantes de las extintas Fuerzas Armadas Revolucionarias de Colombia (FARC-EP). <\/p>\n<\/div>\n<div dir=\"ltr\" class=\"bbc-19j92fr ebmt73l0\" readability=\"11\">\n<p dir=\"ltr\" class=\"bbc-hhl7in e17g058b0\">\u201cNac\u00ed en un campamento ubicado en una selva tropical h\u00fameda en la que hab\u00eda paludismo y empec\u00e9 a enfermarme. Mis padres, ambos guerrilleros, decidieron llevarme a Bogot\u00e1&#8221;, relata Jorge.<\/p>\n<\/div>\n<div dir=\"ltr\" class=\"bbc-19j92fr ebmt73l0\" readability=\"9\">\n<p dir=\"ltr\" class=\"bbc-hhl7in e17g058b0\">\u201cMi pap\u00e1 era amigo de una familia comunista que me adopt\u00f3 cuando ten\u00eda 6 meses. Mi abuelo adoptivo fue un l\u00edder sindical muy importante y mi abuela adoptiva se form\u00f3 en el magisterio como profesora. Tambi\u00e9n es de ideas de izquierda.\u201d<\/p>\n<\/div>\n<div dir=\"ltr\" class=\"bbc-19j92fr ebmt73l0\" readability=\"11\">\n<p dir=\"ltr\" class=\"bbc-hhl7in e17g058b0\">Jorge creci\u00f3 en medio de intelectuales que le inculcaron el h\u00e1bito de leer, desde &#8220;El Principito&#8221; de Saint-Exup\u00e9ry, hasta &#8220;El Capital&#8221; de Marx, pasando por &#8220;El Viejo y el Mar&#8221; de Hemingway. <\/p>\n<\/div>\n<div dir=\"ltr\" class=\"bbc-19j92fr ebmt73l0\" readability=\"9\">\n<p dir=\"ltr\" class=\"bbc-hhl7in e17g058b0\">En su casa se criticaba la persecuci\u00f3n al partido comunista, se hablaba de las grandes revoluciones y se escuchaban las canciones de los trovadores cubanos Silvio Rodr\u00edguez y Pablo Milan\u00e9s.<\/p>\n<\/div>\n<div dir=\"ltr\" class=\"bbc-19j92fr ebmt73l0\" readability=\"7\">\n<p dir=\"ltr\" class=\"bbc-hhl7in e17g058b0\">Nunca le ocultaron que hab\u00eda sido adoptado.<\/p>\n<\/div>\n<div dir=\"ltr\" class=\"bbc-19j92fr ebmt73l0\" readability=\"10\">\n<p dir=\"ltr\" class=\"bbc-hhl7in e17g058b0\">\u201cMi familia siempre fue muy clara. Desde los 6 a\u00f1os me dec\u00edan: su pap\u00e1 es V\u00edctor Julio Su\u00e1rez, el <b>Mono Jojoy<\/b>, y siempre le dije &#8216;pap\u00e1&#8217; a pesar de no convivir con \u00e9l\u201d.<\/p>\n<\/div>\n<div dir=\"ltr\" class=\"bbc-19j92fr ebmt73l0\" readability=\"8\">\n<p dir=\"ltr\" class=\"bbc-hhl7in e17g058b0\">Tampoco le mintieron sobre la complejidad que implicaba ser hijo de uno de los comandantes m\u00e1s buscados de las FARC. <\/p>\n<\/div>\n<div dir=\"ltr\" class=\"bbc-19j92fr ebmt73l0\" readability=\"13\">\n<p dir=\"ltr\" class=\"bbc-hhl7in e17g058b0\">\u201cYo me acuerdo que cuando ten\u00eda 8 a\u00f1os, hab\u00eda una propaganda del gobierno en televisi\u00f3n en la que aparec\u00edan fotos de varias personas y dec\u00edan: &#8216;Recompensa, tambi\u00e9n caer\u00e1n&#8217;. Y en mi familia me dec\u00edan: &#8216;Mira, el que est\u00e1 all\u00e1, ese es tu pap\u00e1&#8217;\u201d.<\/p>\n<\/div>\n<figure class=\"bbc-1qn0xuy\" readability=\"1.5\">\n<div class=\"bbc-sni631\" readability=\"8\"><picture><img src=\"http:\/\/cordobadirecto.com\/wp-content\/uploads\/2024\/01\/la-improbable-historia-de-amor-entre-una-influencer-uribista-y-el-guerrillero-hijo-del-mono-jojoy-uno-de-los-principales-comandantes-de-las-farc-2.jpg\" srcset=\"http:\/\/cordobadirecto.com\/wp-content\/uploads\/2024\/01\/la-improbable-historia-de-amor-entre-una-influencer-uribista-y-el-guerrillero-hijo-del-mono-jojoy-uno-de-los-principales-comandantes-de-las-farc-28.jpg 240w, http:\/\/cordobadirecto.com\/wp-content\/uploads\/2024\/01\/la-improbable-historia-de-amor-entre-una-influencer-uribista-y-el-guerrillero-hijo-del-mono-jojoy-uno-de-los-principales-comandantes-de-las-farc-29.jpg 320w, http:\/\/cordobadirecto.com\/wp-content\/uploads\/2024\/01\/la-improbable-historia-de-amor-entre-una-influencer-uribista-y-el-guerrillero-hijo-del-mono-jojoy-uno-de-los-principales-comandantes-de-las-farc-30.jpg 480w, http:\/\/cordobadirecto.com\/wp-content\/uploads\/2024\/01\/la-improbable-historia-de-amor-entre-una-influencer-uribista-y-el-guerrillero-hijo-del-mono-jojoy-uno-de-los-principales-comandantes-de-las-farc-31.jpg 624w, http:\/\/cordobadirecto.com\/wp-content\/uploads\/2024\/01\/la-improbable-historia-de-amor-entre-una-influencer-uribista-y-el-guerrillero-hijo-del-mono-jojoy-uno-de-los-principales-comandantes-de-las-farc-32.jpg 800w\" sizes=\"(min-width: 1008px) 760px, 100vw\" alt=\"El Mono Jojoy en 2001\" loading=\"lazy\" width=\"1532\" height=\"862\" class=\"bbc-1uwua2r\"><\/picture>\n<p class=\"bbc-kaivkm\" role=\"text\"><span class=\"bbc-m04vo2\">Fuente de la imagen, <\/span><span lang=\"en-GB\">Getty Images<\/span><\/p>\n<\/div><figcaption dir=\"ltr\" class=\"bbc-1jsyunq e6i104o0\" readability=\"2\"><span role=\"text\" readability=\"4\"><span class=\"bbc-m04vo2\">Pie de foto, <\/span><\/p>\n<p>El Mono Jojoy en La Macarena, Colombia, en 2001.<\/p>\n<p><\/span><\/figcaption><\/figure>\n<div dir=\"ltr\" class=\"bbc-19j92fr ebmt73l0\" readability=\"8\">\n<p dir=\"ltr\" class=\"bbc-hhl7in e17g058b0\">Eran los a\u00f1os 90 y aunque en su casa no hab\u00eda secretos, <b>en el mundo exterior era diferente.<\/b><\/p>\n<\/div>\n<div dir=\"ltr\" class=\"bbc-19j92fr ebmt73l0\" readability=\"7\">\n<p dir=\"ltr\" class=\"bbc-hhl7in e17g058b0\">\u201cEran muy claros en que fuera del contexto familiar no pod\u00eda hablar nada de ese tema&#8221;. <\/p>\n<\/div>\n<div dir=\"ltr\" class=\"bbc-19j92fr ebmt73l0\" readability=\"10\">\n<p dir=\"ltr\" class=\"bbc-hhl7in e17g058b0\">Pero pese al silencio obligado, y a que ninguno de sus amigos conoc\u00eda su origen, Jorge siente que tuvo una infancia feliz e incluso privilegiada.<\/p>\n<\/div>\n<div dir=\"ltr\" class=\"bbc-19j92fr ebmt73l0\" readability=\"8\">\n<p dir=\"ltr\" class=\"bbc-hhl7in e17g058b0\">Estudi\u00f3 en una escuela de m\u00fasica y cuando entr\u00f3 a bachillerato su familia lo matricul\u00f3 en un colegio biling\u00fce de clase media alta.<\/p>\n<\/div>\n<div dir=\"ltr\" class=\"bbc-19j92fr ebmt73l0\" readability=\"11\">\n<p dir=\"ltr\" class=\"bbc-hhl7in e17g058b0\">\u201cAh\u00ed tuve que ser especialmente cuidadoso, porque tambi\u00e9n estudiaban hijos de algunos pol\u00edticos. No pod\u00eda cometer ni un error, porque si contaba la historia real de mi familia nos pod\u00eda poner en peligro\u201d.<\/p>\n<\/div>\n<div dir=\"ltr\" class=\"bbc-19j92fr ebmt73l0\" readability=\"7\">\n<p dir=\"ltr\" class=\"bbc-hhl7in e17g058b0\">Por eso mismo evitaba tener una vida social muy activa.<\/p>\n<\/div>\n<div dir=\"ltr\" class=\"bbc-19j92fr ebmt73l0\" readability=\"11\">\n<p dir=\"ltr\" class=\"bbc-hhl7in e17g058b0\">\u201cA m\u00ed me encantaba Met\u00e1lica, me vest\u00eda con pantalones anchos y andaba mucho en patines en l\u00ednea, pero creo que por mucho habr\u00e9 ido a una o dos fiestas en esa \u00e9poca. No pod\u00eda correr ning\u00fan riesgo\u201d.<\/p>\n<\/div>\n<div dir=\"ltr\" class=\"bbc-19j92fr ebmt73l0\" readability=\"7\">\n<p dir=\"ltr\" class=\"bbc-hhl7in e17g058b0\">Esa doble vida dur\u00f3 hasta el a\u00f1o 2000 cuando \u00e9l estaba en d\u00e9cimo grado.<\/p>\n<\/div>\n<div dir=\"ltr\" class=\"bbc-19j92fr ebmt73l0\" readability=\"9\">\n<p dir=\"ltr\" class=\"bbc-hhl7in e17g058b0\">\u201cNo pude graduarme porque <b>cuando ten\u00eda 16 a\u00f1os fui declarado objetivo militar<\/b> por parte de Carlos Casta\u00f1o, uno de los principales jefes de los grupos paramilitares en Colombia.<\/p>\n<\/div>\n<div dir=\"ltr\" class=\"bbc-19j92fr ebmt73l0\" readability=\"9\">\n<p dir=\"ltr\" class=\"bbc-hhl7in e17g058b0\">\u201cA partir de ese momento me pod\u00edan secuestrar, asesinar o hacer cualquier cosa para chantajear a mi pap\u00e1\u201d.<\/p>\n<\/div>\n<div dir=\"ltr\" class=\"bbc-19j92fr ebmt73l0\" readability=\"8\">\n<p dir=\"ltr\" class=\"bbc-hhl7in e17g058b0\">Unos hombres empezaron a seguirlo a \u00e9l y a su familia: ya no hab\u00eda tiempo para tramitar un exilio en el exterior.<\/p>\n<\/div>\n<div dir=\"ltr\" class=\"bbc-19j92fr ebmt73l0\" readability=\"9\">\n<p dir=\"ltr\" class=\"bbc-hhl7in e17g058b0\">\u201cYo en medio de la rebeld\u00eda de la adolescencia dije: &#8216;Pues me voy a las FARC, voy a acompa\u00f1ar a mi padre\u201d.<\/p>\n<\/div>\n<p><h2 id=\"Catalina-la-uribista\" tabindex=\"-1\" class=\"bbc-1f03ibc eglt09e0\">Catalina, la uribista<\/h2>\n<\/p>\n<figure class=\"bbc-1qn0xuy\" readability=\"1.5\">\n<div class=\"bbc-sni631\" readability=\"8\"><picture><img src=\"http:\/\/cordobadirecto.com\/wp-content\/uploads\/2024\/01\/la-improbable-historia-de-amor-entre-una-influencer-uribista-y-el-guerrillero-hijo-del-mono-jojoy-uno-de-los-principales-comandantes-de-las-farc-3.jpg\" srcset=\"http:\/\/cordobadirecto.com\/wp-content\/uploads\/2024\/01\/la-improbable-historia-de-amor-entre-una-influencer-uribista-y-el-guerrillero-hijo-del-mono-jojoy-uno-de-los-principales-comandantes-de-las-farc-33.jpg 240w, http:\/\/cordobadirecto.com\/wp-content\/uploads\/2024\/01\/la-improbable-historia-de-amor-entre-una-influencer-uribista-y-el-guerrillero-hijo-del-mono-jojoy-uno-de-los-principales-comandantes-de-las-farc-34.jpg 320w, http:\/\/cordobadirecto.com\/wp-content\/uploads\/2024\/01\/la-improbable-historia-de-amor-entre-una-influencer-uribista-y-el-guerrillero-hijo-del-mono-jojoy-uno-de-los-principales-comandantes-de-las-farc-35.jpg 480w, http:\/\/cordobadirecto.com\/wp-content\/uploads\/2024\/01\/la-improbable-historia-de-amor-entre-una-influencer-uribista-y-el-guerrillero-hijo-del-mono-jojoy-uno-de-los-principales-comandantes-de-las-farc-36.jpg 624w\" sizes=\"(min-width: 1008px) 760px, 100vw\" alt=\"Catalina cuando ten\u00eda 5 a\u00f1os\" loading=\"lazy\" width=\"624\" height=\"625\" class=\"bbc-1uwua2r\"><\/picture>\n<p class=\"bbc-kaivkm\" role=\"text\"><span class=\"bbc-m04vo2\">Fuente de la imagen, <\/span><span lang=\"en-GB\">Cortes\u00eda<\/span><\/p>\n<\/div><figcaption dir=\"ltr\" class=\"bbc-1jsyunq e6i104o0\" readability=\"1\"><span role=\"text\" readability=\"2\"><span class=\"bbc-m04vo2\">Pie de foto, <\/span><\/p>\n<p>Catalina cuando ten\u00eda 5 a\u00f1os en 1996.<\/p>\n<p><\/span><\/figcaption><\/figure>\n<div dir=\"ltr\" class=\"bbc-19j92fr ebmt73l0\" readability=\"9\">\n<p dir=\"ltr\" class=\"bbc-hhl7in e17g058b0\">Catalina dice que fue una ni\u00f1a consentida, que jugaba con Barbies, <b>y so\u00f1aba con ser famosa.<\/b><\/p>\n<\/div>\n<div dir=\"ltr\" class=\"bbc-19j92fr ebmt73l0\" readability=\"8\">\n<p dir=\"ltr\" class=\"bbc-hhl7in e17g058b0\">\u201cYo siempre dec\u00eda: tengo que estar perfecta porque alg\u00fan d\u00eda voy a ser reconocida o muy importante\u201d.<\/p>\n<\/div>\n<div dir=\"ltr\" class=\"bbc-19j92fr ebmt73l0\" readability=\"8\">\n<p dir=\"ltr\" class=\"bbc-hhl7in e17g058b0\">Creci\u00f3 en un ambiente muy familiar en el que sus abuelos la cuidaban y sus padres le constru\u00edan casas de mu\u00f1ecas y la llevaban de excursi\u00f3n cuando los acompa\u00f1aba a trabajar. <\/p>\n<\/div>\n<div dir=\"ltr\" class=\"bbc-19j92fr ebmt73l0\" readability=\"9\">\n<p dir=\"ltr\" class=\"bbc-hhl7in e17g058b0\">Como hija mayor de una pareja que la tuvo cuando eran muy j\u00f3venes, vio en primera fila la evoluci\u00f3n econ\u00f3mica de la familia.<\/p>\n<\/div>\n<div dir=\"ltr\" class=\"bbc-19j92fr ebmt73l0\" readability=\"10\">\n<p dir=\"ltr\" class=\"bbc-hhl7in e17g058b0\">\u201cEl pap\u00e1 de mi pap\u00e1 ten\u00eda una empresa, y mi pap\u00e1 y sus hermanos trabajaban ah\u00ed. Mi mam\u00e1 siempre ha trabajado como independiente y los dos han sido s\u00faperemprendedores.<b> Con mucho esfuerzo nos han dado todo a mi hermana y a m\u00ed\u201d. <\/b><\/p>\n<\/div>\n<div dir=\"ltr\" class=\"bbc-19j92fr ebmt73l0\" readability=\"8\">\n<p dir=\"ltr\" class=\"bbc-hhl7in e17g058b0\">Con el tiempo, sus padres entraron al mundo de la construcci\u00f3n y la finca ra\u00edz.<\/p>\n<\/div>\n<div dir=\"ltr\" class=\"bbc-19j92fr ebmt73l0\" readability=\"11\">\n<p dir=\"ltr\" class=\"bbc-hhl7in e17g058b0\">Fueron escalando, lograron que sus hijas estudiaran en un colegio de clase media-alta, han vivido en zonas exclusivas de Bogot\u00e1 y tienen una casa de vacaciones en una urbanizaci\u00f3n cerca de la ciudad.<\/p>\n<\/div>\n<div dir=\"ltr\" class=\"bbc-19j92fr ebmt73l0\" readability=\"10\">\n<p dir=\"ltr\" class=\"bbc-hhl7in e17g058b0\">Por eso fue impactante para ella cuando en 1999, en medio de una de las m\u00e1s severas crisis econ\u00f3micas que se ha vivido en Colombia, su familia casi quiebra.<\/p>\n<\/div>\n<div dir=\"ltr\" class=\"bbc-19j92fr ebmt73l0\" readability=\"8\">\n<p dir=\"ltr\" class=\"bbc-hhl7in e17g058b0\">\u201cYo vi a mis pap\u00e1s avanzar econ\u00f3micamente y luego retroceder diez a\u00f1os; en esa crisis el primer sector que cay\u00f3 fue el de la construcci\u00f3n. <\/p>\n<\/div>\n<div dir=\"ltr\" class=\"bbc-19j92fr ebmt73l0\" readability=\"13\">\n<p dir=\"ltr\" class=\"bbc-hhl7in e17g058b0\">\u201cFue un momento dif\u00edcil, no hab\u00eda circulaci\u00f3n de dinero, la gente empez\u00f3 a vender las propiedades, los carros, recuerdo ver a mis pap\u00e1s muy estresados. Tuvimos que mudarnos y empezar a andar en bus\u201d.<\/p>\n<\/div>\n<div dir=\"ltr\" class=\"bbc-19j92fr ebmt73l0\" readability=\"10\">\n<p dir=\"ltr\" class=\"bbc-hhl7in e17g058b0\">En esa misma \u00e9poca se hab\u00eda recrudecido el conflicto en Colombia y las noticias diarias eran sobre atentados, bombas, secuestros y extorsiones. <\/p>\n<\/div>\n<div dir=\"ltr\" class=\"bbc-19j92fr ebmt73l0\" readability=\"10\">\n<p dir=\"ltr\" class=\"bbc-hhl7in e17g058b0\">El gobierno del presidente Andr\u00e9s Pastrana (1998-2002) hab\u00eda fracasado en su intento de conseguir la paz con las FARC, luego de un fallido cese al fuego parcial que termin\u00f3 por fortalecer a esa guerrilla.<\/p>\n<\/div>\n<div dir=\"ltr\" class=\"bbc-19j92fr ebmt73l0\" readability=\"9\">\n<p dir=\"ltr\" class=\"bbc-hhl7in e17g058b0\">En ese contexto, el pol\u00edtico de derecha <b>\u00c1lvaro Uribe<\/b> lleg\u00f3 a la presidencia en 2002 y se convirti\u00f3 en una esperanza para familias como la de Catalina. <\/p>\n<\/div>\n<figure class=\"bbc-1qn0xuy\">\n<div class=\"bbc-sni631\"><picture><img src=\"http:\/\/cordobadirecto.com\/wp-content\/uploads\/2024\/01\/la-improbable-historia-de-amor-entre-una-influencer-uribista-y-el-guerrillero-hijo-del-mono-jojoy-uno-de-los-principales-comandantes-de-las-farc-4.jpg\" srcset=\"http:\/\/cordobadirecto.com\/wp-content\/uploads\/2024\/01\/la-improbable-historia-de-amor-entre-una-influencer-uribista-y-el-guerrillero-hijo-del-mono-jojoy-uno-de-los-principales-comandantes-de-las-farc-37.jpg 240w, http:\/\/cordobadirecto.com\/wp-content\/uploads\/2024\/01\/la-improbable-historia-de-amor-entre-una-influencer-uribista-y-el-guerrillero-hijo-del-mono-jojoy-uno-de-los-principales-comandantes-de-las-farc-38.jpg 320w, http:\/\/cordobadirecto.com\/wp-content\/uploads\/2024\/01\/la-improbable-historia-de-amor-entre-una-influencer-uribista-y-el-guerrillero-hijo-del-mono-jojoy-uno-de-los-principales-comandantes-de-las-farc-39.jpg 480w, http:\/\/cordobadirecto.com\/wp-content\/uploads\/2024\/01\/la-improbable-historia-de-amor-entre-una-influencer-uribista-y-el-guerrillero-hijo-del-mono-jojoy-uno-de-los-principales-comandantes-de-las-farc-40.jpg 624w, http:\/\/cordobadirecto.com\/wp-content\/uploads\/2024\/01\/la-improbable-historia-de-amor-entre-una-influencer-uribista-y-el-guerrillero-hijo-del-mono-jojoy-uno-de-los-principales-comandantes-de-las-farc-41.jpg 800w\" sizes=\"(min-width: 1008px) 760px, 100vw\" alt=\"\u00c1lvaro Uribe saluda a soldados del ej\u00e9rcito de Colombia en 2002. \" loading=\"lazy\" width=\"1459\" height=\"821\" class=\"bbc-1uwua2r\"><\/picture>\n<p class=\"bbc-kaivkm\" role=\"text\"><span class=\"bbc-m04vo2\">Fuente de la imagen, <\/span><span lang=\"en-GB\">AFP<\/span><\/p>\n<\/div><figcaption dir=\"ltr\" class=\"bbc-1jsyunq e6i104o0\" readability=\"1\"><span role=\"text\" readability=\"2\"><span class=\"bbc-m04vo2\">Pie de foto, <\/span><\/p>\n<p>\u00c1lvaro Uribe saluda a soldados del ej\u00e9rcito de Colombia en 2002. <\/p>\n<p><\/span><\/figcaption><\/figure>\n<div dir=\"ltr\" class=\"bbc-19j92fr ebmt73l0\" readability=\"8\">\n<p dir=\"ltr\" class=\"bbc-hhl7in e17g058b0\">\u201cRecuerdo perfecto su llegada al poder. Yo ten\u00eda 12 a\u00f1os y escuchaba decir en mi casa: &#8216;\u00c9ste s\u00ed es&#8217;\u201d. <\/p>\n<\/div>\n<div dir=\"ltr\" class=\"bbc-19j92fr ebmt73l0\" readability=\"15\">\n<p dir=\"ltr\" class=\"bbc-hhl7in e17g058b0\">Bajo una pol\u00edtica que \u00e9l llam\u00f3 de seguridad democr\u00e1tica, y usando los lemas \u201ctrabajar, trabajar y trabajar\u201d y \u201cmano firme y coraz\u00f3n grande\u201d, Uribe emprendi\u00f3 un combate militar contra las FARC, al tiempo que se proyectaba como un hombre familiar de finca que usaba sombrero, montaba a caballo y tomaba caf\u00e9.<\/p>\n<\/div>\n<div dir=\"ltr\" class=\"bbc-19j92fr ebmt73l0\" readability=\"7\">\n<p dir=\"ltr\" class=\"bbc-hhl7in e17g058b0\">Catalina empez\u00f3 a admirarlo profundamente.<\/p>\n<\/div>\n<div dir=\"ltr\" class=\"bbc-19j92fr ebmt73l0\" readability=\"9\">\n<p dir=\"ltr\" class=\"bbc-hhl7in e17g058b0\">\u201cA m\u00ed me parec\u00eda lo m\u00e1ximo c\u00f3mo era con la gente, me parec\u00eda que era una persona muy sencilla\u201d.<\/p>\n<\/div>\n<div dir=\"ltr\" class=\"bbc-19j92fr ebmt73l0\" readability=\"8\">\n<p dir=\"ltr\" class=\"bbc-hhl7in e17g058b0\">\u201cEn su primer gobierno pudimos volver a viajar por tierra sin miedo a un secuestro y mis pap\u00e1s lograron recuperarse econ\u00f3micamente\u201d.<\/p>\n<\/div>\n<p><h2 id=\"Chepe-\" tabindex=\"-1\" class=\"bbc-1f03ibc eglt09e0\">Chepe <\/h2>\n<\/p>\n<figure class=\"bbc-1qn0xuy\" readability=\"1.5\">\n<div class=\"bbc-sni631\" readability=\"8\"><picture><img src=\"http:\/\/cordobadirecto.com\/wp-content\/uploads\/2024\/01\/la-improbable-historia-de-amor-entre-una-influencer-uribista-y-el-guerrillero-hijo-del-mono-jojoy-uno-de-los-principales-comandantes-de-las-farc-5.jpg\" srcset=\"http:\/\/cordobadirecto.com\/wp-content\/uploads\/2024\/01\/la-improbable-historia-de-amor-entre-una-influencer-uribista-y-el-guerrillero-hijo-del-mono-jojoy-uno-de-los-principales-comandantes-de-las-farc-42.jpg 240w, http:\/\/cordobadirecto.com\/wp-content\/uploads\/2024\/01\/la-improbable-historia-de-amor-entre-una-influencer-uribista-y-el-guerrillero-hijo-del-mono-jojoy-uno-de-los-principales-comandantes-de-las-farc-43.jpg 320w, http:\/\/cordobadirecto.com\/wp-content\/uploads\/2024\/01\/la-improbable-historia-de-amor-entre-una-influencer-uribista-y-el-guerrillero-hijo-del-mono-jojoy-uno-de-los-principales-comandantes-de-las-farc-44.jpg 480w, http:\/\/cordobadirecto.com\/wp-content\/uploads\/2024\/01\/la-improbable-historia-de-amor-entre-una-influencer-uribista-y-el-guerrillero-hijo-del-mono-jojoy-uno-de-los-principales-comandantes-de-las-farc-45.jpg 624w, http:\/\/cordobadirecto.com\/wp-content\/uploads\/2024\/01\/la-improbable-historia-de-amor-entre-una-influencer-uribista-y-el-guerrillero-hijo-del-mono-jojoy-uno-de-los-principales-comandantes-de-las-farc-46.jpg 800w\" sizes=\"(min-width: 1008px) 760px, 100vw\" alt=\"la \u00fanica imagen que tiene Jorge en su \u00e9poca en las FARC.\" loading=\"lazy\" width=\"1017\" height=\"572\" class=\"bbc-1uwua2r\"><\/picture>\n<p class=\"bbc-kaivkm\" role=\"text\"><span class=\"bbc-m04vo2\">Fuente de la imagen, <\/span><span lang=\"en-GB\">Cortes\u00eda<\/span><\/p>\n<\/div><figcaption dir=\"ltr\" class=\"bbc-1jsyunq e6i104o0\" readability=\"1\"><span role=\"text\" readability=\"2\"><span class=\"bbc-m04vo2\">Pie de foto, <\/span><\/p>\n<p>Esta es la \u00fanica foto que Jorge conserva de su \u00e9poca en las FARC. Se la tomaron en 2016.<\/p>\n<p><\/span><\/figcaption><\/figure>\n<div dir=\"ltr\" class=\"bbc-19j92fr ebmt73l0\" readability=\"8\">\n<p dir=\"ltr\" class=\"bbc-hhl7in e17g058b0\">Jorge le dijo a sus amigos del colegio que se iba de intercambio a Australia y desapareci\u00f3 de sus vidas. <\/p>\n<\/div>\n<div dir=\"ltr\" class=\"bbc-19j92fr ebmt73l0\" readability=\"9\">\n<p dir=\"ltr\" class=\"bbc-hhl7in e17g058b0\">Lleg\u00f3 a las sabanas del Yar\u00ed, en la selva colombiana, con su abuela.<\/p>\n<\/div>\n<div dir=\"ltr\" class=\"bbc-19j92fr ebmt73l0\" readability=\"7\">\n<p dir=\"ltr\" class=\"bbc-hhl7in e17g058b0\"><b>Les cost\u00f3 mucho despedirse.<\/b><\/p>\n<\/div>\n<div dir=\"ltr\" class=\"bbc-19j92fr ebmt73l0\" readability=\"8\">\n<p dir=\"ltr\" class=\"bbc-hhl7in e17g058b0\">\u201cMe puse a llorar incluso primero que ella&#8221;, cuenta.<\/p>\n<\/div>\n<div dir=\"ltr\" class=\"bbc-19j92fr ebmt73l0\" readability=\"8\">\n<p dir=\"ltr\" class=\"bbc-hhl7in e17g058b0\">Jorge tuvo que hacer el duelo por dejar a su familia adoptiva en plena adolescencia y en medio de la cotidianidad guerrillera.<\/p>\n<\/div>\n<div dir=\"ltr\" class=\"bbc-19j92fr ebmt73l0\" readability=\"11\">\n<p dir=\"ltr\" class=\"bbc-hhl7in e17g058b0\">\u201cCuando llegu\u00e9, hice el curso b\u00e1sico de las FARC, la mitad del tiempo en entrenamiento militar y la otra mitad en curso de ideolog\u00eda pol\u00edtica de marxismo, leninismo y pensamiento de Bol\u00edvar.<\/p>\n<\/div>\n<div dir=\"ltr\" class=\"bbc-19j92fr ebmt73l0\" readability=\"8\">\n<p dir=\"ltr\" class=\"bbc-hhl7in e17g058b0\">\u201cYo creo que en ese proceso de adaptaci\u00f3n dur\u00e9 por lo menos dos a\u00f1os porque era muy torpe para hacer muchas cosas del campo\u201d. <\/p>\n<\/div>\n<div dir=\"ltr\" class=\"bbc-19j92fr ebmt73l0\">\n<p dir=\"ltr\" class=\"bbc-hhl7in e17g058b0\">Ah\u00ed naci\u00f3 Chepe.<\/p>\n<\/div>\n<div dir=\"ltr\" class=\"bbc-19j92fr ebmt73l0\" readability=\"7\">\n<p dir=\"ltr\" class=\"bbc-hhl7in e17g058b0\">\u201cMi pap\u00e1 me puso as\u00ed por el Che Guevara&#8221;.<\/p>\n<\/div>\n<div dir=\"ltr\" class=\"bbc-19j92fr ebmt73l0\" readability=\"9\">\n<p dir=\"ltr\" class=\"bbc-hhl7in e17g058b0\">Con ese apodo se hizo oficialmente guerrillero. Dentro de las FARC, se dedic\u00f3 principalmente a tareas de comunicaci\u00f3n y pedagog\u00eda.<\/p>\n<\/div>\n<div dir=\"ltr\" class=\"bbc-19j92fr ebmt73l0\" readability=\"9\">\n<p dir=\"ltr\" class=\"bbc-hhl7in e17g058b0\">Chepe y el Mono Jojoy <b>empezaron a compartir, por primera vez, la misma realidad.<\/b><\/p>\n<\/div>\n<div dir=\"ltr\" class=\"bbc-19j92fr ebmt73l0\" readability=\"9\">\n<p dir=\"ltr\" class=\"bbc-hhl7in e17g058b0\">\u201cNosotros ten\u00edamos muchos di\u00e1logos. Tal vez no nos ve\u00edamos todos los d\u00edas como cuando el padre llega a la casa y comparte con el hijo, pero s\u00ed ten\u00edamos una relaci\u00f3n muy cercana. <\/p>\n<\/div>\n<div dir=\"ltr\" class=\"bbc-19j92fr ebmt73l0\" readability=\"8\">\n<p dir=\"ltr\" class=\"bbc-hhl7in e17g058b0\">&#8220;Aprovech\u00e1bamos el poco tiempo que ten\u00edamos y hac\u00edamos un esfuerzo para juntarnos en el cumplea\u00f1os de cada uno&#8221;. <\/p>\n<\/div>\n<div dir=\"ltr\" class=\"bbc-19j92fr ebmt73l0\" readability=\"10\">\n<p dir=\"ltr\" class=\"bbc-hhl7in e17g058b0\">Se vieron de forma intermitente durante 10 a\u00f1os, hasta que el ej\u00e9rcito de Colombia llev\u00f3 a cabo una operaci\u00f3n de inteligencia que bautiz\u00f3 Sodoma y de la que Jorge <b>logr\u00f3 salir con vida por un golpe de suerte<\/b>.<\/p>\n<\/div>\n<div dir=\"ltr\" class=\"bbc-19j92fr ebmt73l0\" readability=\"8\">\n<p dir=\"ltr\" class=\"bbc-hhl7in e17g058b0\">En esa \u00e9poca, \u00e9l y su padre viv\u00edan en el mismo campamento.<\/p>\n<\/div>\n<figure class=\"bbc-1qn0xuy\" readability=\"1.5\">\n<div class=\"bbc-sni631\" readability=\"8\"><picture><img src=\"http:\/\/cordobadirecto.com\/wp-content\/uploads\/2024\/01\/la-improbable-historia-de-amor-entre-una-influencer-uribista-y-el-guerrillero-hijo-del-mono-jojoy-uno-de-los-principales-comandantes-de-las-farc-6.jpg\" srcset=\"http:\/\/cordobadirecto.com\/wp-content\/uploads\/2024\/01\/la-improbable-historia-de-amor-entre-una-influencer-uribista-y-el-guerrillero-hijo-del-mono-jojoy-uno-de-los-principales-comandantes-de-las-farc-47.jpg 240w, http:\/\/cordobadirecto.com\/wp-content\/uploads\/2024\/01\/la-improbable-historia-de-amor-entre-una-influencer-uribista-y-el-guerrillero-hijo-del-mono-jojoy-uno-de-los-principales-comandantes-de-las-farc-48.jpg 320w, http:\/\/cordobadirecto.com\/wp-content\/uploads\/2024\/01\/la-improbable-historia-de-amor-entre-una-influencer-uribista-y-el-guerrillero-hijo-del-mono-jojoy-uno-de-los-principales-comandantes-de-las-farc-49.jpg 480w, http:\/\/cordobadirecto.com\/wp-content\/uploads\/2024\/01\/la-improbable-historia-de-amor-entre-una-influencer-uribista-y-el-guerrillero-hijo-del-mono-jojoy-uno-de-los-principales-comandantes-de-las-farc-50.jpg 624w, http:\/\/cordobadirecto.com\/wp-content\/uploads\/2024\/01\/la-improbable-historia-de-amor-entre-una-influencer-uribista-y-el-guerrillero-hijo-del-mono-jojoy-uno-de-los-principales-comandantes-de-las-farc-51.jpg 800w\" sizes=\"(min-width: 1008px) 760px, 100vw\" alt=\"Portada peri\u00f3dico el tiempo anuncia la muerte del Mono Jojoy\" loading=\"lazy\" width=\"2635\" height=\"1482\" class=\"bbc-1uwua2r\"><\/picture>\n<p class=\"bbc-kaivkm\" role=\"text\"><span class=\"bbc-m04vo2\">Fuente de la imagen, <\/span><span lang=\"en-GB\">Getty Images<\/span><\/p>\n<\/div><figcaption dir=\"ltr\" class=\"bbc-1jsyunq e6i104o0\" readability=\"2.5\"><span role=\"text\" readability=\"5\"><span class=\"bbc-m04vo2\">Pie de foto, <\/span><\/p>\n<p>La noticia de la muerte del Mono Jojoy fue presentada por el presidente de la \u00e9poca, Juan Manuel Santos, desde Nueva York.<\/p>\n<p><\/span><\/figcaption><\/figure>\n<div dir=\"ltr\" class=\"bbc-19j92fr ebmt73l0\" readability=\"9\">\n<p dir=\"ltr\" class=\"bbc-hhl7in e17g058b0\">\u201cEl 22 de septiembre de 2010 me llamaron a la madrugada para que fuera a leerle la prensa a mi pap\u00e1, como era la costumbre. Yo estaba a unos 150 metros de donde estaba el b\u00fanker de \u00e9l.<\/p>\n<\/div>\n<div dir=\"ltr\" class=\"bbc-19j92fr ebmt73l0\" readability=\"9\">\n<p dir=\"ltr\" class=\"bbc-hhl7in e17g058b0\">\u201cPero como siempre me demoro para levantarme, segu\u00ed durmiendo hasta que me despertaron las bombas\u201d.<\/p>\n<\/div>\n<div dir=\"ltr\" class=\"bbc-19j92fr ebmt73l0\" readability=\"7\">\n<p dir=\"ltr\" class=\"bbc-hhl7in e17g058b0\">30 aviones y 27 helic\u00f3pteros bombardearon la zona. Fue literalmente una lluvia de fuego.<\/p>\n<\/div>\n<div dir=\"ltr\" class=\"bbc-19j92fr ebmt73l0\" readability=\"9\">\n<p dir=\"ltr\" class=\"bbc-hhl7in e17g058b0\">\u201cMe met\u00ed a la trinchera inmediatamente, y sent\u00ed mucha tristeza<b> porque supe que mi pap\u00e1 hab\u00eda muerto. <\/b><\/p>\n<\/div>\n<div dir=\"ltr\" class=\"bbc-19j92fr ebmt73l0\" readability=\"8\">\n<p dir=\"ltr\" class=\"bbc-hhl7in e17g058b0\">&#8220;Sent\u00ed mucha impotencia por no poder ir a donde \u00e9l estaba, era imposible. <\/p>\n<\/div>\n<div dir=\"ltr\" class=\"bbc-19j92fr ebmt73l0\" readability=\"8\">\n<p dir=\"ltr\" class=\"bbc-hhl7in e17g058b0\">&#8220;Cien metros de distancia es una eternidad entre la selva y m\u00e1s en una zona boscosa monta\u00f1osa como en la que est\u00e1bamos\u201d. <\/p>\n<\/div>\n<div dir=\"ltr\" class=\"bbc-19j92fr ebmt73l0\" readability=\"8\">\n<p dir=\"ltr\" class=\"bbc-hhl7in e17g058b0\">Jorge ten\u00eda 26 a\u00f1os, y logr\u00f3 huir gracias a a\u00f1os de entrenamiento enfrentando bombardeos.<\/p>\n<\/div>\n<div dir=\"ltr\" class=\"bbc-19j92fr ebmt73l0\" readability=\"10\">\n<p dir=\"ltr\" class=\"bbc-hhl7in e17g058b0\">Si bien la operaci\u00f3n Sodoma se concret\u00f3 un mes despu\u00e9s de terminado el \u00faltimo periodo de Uribe como presidente (2006-2010), la inteligencia para ubicar el b\u00fanker del Mono Jojoy se desarroll\u00f3 durante su mandato.<\/p>\n<\/div>\n<div dir=\"ltr\" class=\"bbc-19j92fr ebmt73l0\" readability=\"7\">\n<p dir=\"ltr\" class=\"bbc-hhl7in e17g058b0\">La muerte del comandante de las FARC dio la vuelta al mundo.<\/p>\n<\/div>\n<div dir=\"ltr\" class=\"bbc-19j92fr ebmt73l0\" readability=\"9\">\n<p dir=\"ltr\" class=\"bbc-hhl7in e17g058b0\">&#8220;El s\u00edmbolo del terror ha ca\u00eddo en Colombia&#8221;, dijo el mandatario Juan Manuel Santos al anunciarla.<\/p>\n<\/div>\n<div dir=\"ltr\" class=\"bbc-19j92fr ebmt73l0\" readability=\"7\">\n<p dir=\"ltr\" class=\"bbc-hhl7in e17g058b0\">Catalina recuerda haberla visto por televisi\u00f3n. <\/p>\n<\/div>\n<div dir=\"ltr\" class=\"bbc-19j92fr ebmt73l0\" readability=\"9\">\n<p dir=\"ltr\" class=\"bbc-hhl7in e17g058b0\">&#8220;En las noticias mostraban todo lo malo que hab\u00eda hecho como guerrillero, y yo me acuerdo haber sentido como una especie de alivio de saber que el pa\u00eds iba a descansar un poco de todo eso&#8221;.<\/p>\n<\/div>\n<p><h2 id=\"Catalina\" tabindex=\"-1\" class=\"bbc-1f03ibc eglt09e0\">@Catalina<\/h2>\n<\/p>\n<figure class=\"bbc-1qn0xuy\" readability=\"1.5\">\n<div class=\"bbc-sni631\" readability=\"8\"><picture><img src=\"http:\/\/cordobadirecto.com\/wp-content\/uploads\/2024\/01\/la-improbable-historia-de-amor-entre-una-influencer-uribista-y-el-guerrillero-hijo-del-mono-jojoy-uno-de-los-principales-comandantes-de-las-farc-7.jpg\" srcset=\"http:\/\/cordobadirecto.com\/wp-content\/uploads\/2024\/01\/la-improbable-historia-de-amor-entre-una-influencer-uribista-y-el-guerrillero-hijo-del-mono-jojoy-uno-de-los-principales-comandantes-de-las-farc-52.jpg 240w, http:\/\/cordobadirecto.com\/wp-content\/uploads\/2024\/01\/la-improbable-historia-de-amor-entre-una-influencer-uribista-y-el-guerrillero-hijo-del-mono-jojoy-uno-de-los-principales-comandantes-de-las-farc-53.jpg 320w, http:\/\/cordobadirecto.com\/wp-content\/uploads\/2024\/01\/la-improbable-historia-de-amor-entre-una-influencer-uribista-y-el-guerrillero-hijo-del-mono-jojoy-uno-de-los-principales-comandantes-de-las-farc-54.jpg 480w, http:\/\/cordobadirecto.com\/wp-content\/uploads\/2024\/01\/la-improbable-historia-de-amor-entre-una-influencer-uribista-y-el-guerrillero-hijo-del-mono-jojoy-uno-de-los-principales-comandantes-de-las-farc-55.jpg 624w, http:\/\/cordobadirecto.com\/wp-content\/uploads\/2024\/01\/la-improbable-historia-de-amor-entre-una-influencer-uribista-y-el-guerrillero-hijo-del-mono-jojoy-uno-de-los-principales-comandantes-de-las-farc-56.jpg 720w\" sizes=\"(min-width: 1008px) 760px, 100vw\" alt=\"Catalina el d\u00eda de su grado del colegio en Bogot\u00e1.\" loading=\"lazy\" width=\"720\" height=\"1280\" class=\"bbc-1uwua2r\"><\/picture>\n<p class=\"bbc-kaivkm\" role=\"text\"><span class=\"bbc-m04vo2\">Fuente de la imagen, <\/span><span lang=\"en-GB\">Cortes\u00eda<\/span><\/p>\n<\/div><figcaption dir=\"ltr\" class=\"bbc-1jsyunq e6i104o0\" readability=\"1\"><span role=\"text\" readability=\"2\"><span class=\"bbc-m04vo2\">Pie de foto, <\/span><\/p>\n<p>Catalina el d\u00eda de su graduaci\u00f3n del colegio en Bogot\u00e1.<\/p>\n<p><\/span><\/figcaption><\/figure>\n<div dir=\"ltr\" class=\"bbc-19j92fr ebmt73l0\" readability=\"7\">\n<p dir=\"ltr\" class=\"bbc-hhl7in e17g058b0\">Catalina creci\u00f3 viendo a la guerrilla en los noticieros.<\/p>\n<\/div>\n<div dir=\"ltr\" class=\"bbc-19j92fr ebmt73l0\" readability=\"9\">\n<p dir=\"ltr\" class=\"bbc-hhl7in e17g058b0\">\u201cVer las noticias era algo lleno de dolor. Yo era una ni\u00f1a que no entend\u00eda muchas cosas, pero escuchaba que hab\u00eda un grupo que era un monstruo y eran las FARC.<\/p>\n<\/div>\n<div dir=\"ltr\" class=\"bbc-19j92fr ebmt73l0\" readability=\"8\">\n<p dir=\"ltr\" class=\"bbc-hhl7in e17g058b0\">\u201cEn cambio, no sab\u00eda nada sobre el movimiento paramilitar.<b> Era algo que no mostraban tanto\u201d.<\/b><\/p>\n<\/div>\n<div dir=\"ltr\" class=\"bbc-19j92fr ebmt73l0\" readability=\"8\">\n<p dir=\"ltr\" class=\"bbc-hhl7in e17g058b0\">El paramilitarismo hab\u00eda surgido a\u00f1os antes como un movimiento armado ilegalmente que persegu\u00eda principalmente a la guerrilla y a sus colaboradores.<\/p>\n<\/div>\n<div dir=\"ltr\" class=\"bbc-19j92fr ebmt73l0\" readability=\"10\">\n<p dir=\"ltr\" class=\"bbc-hhl7in e17g058b0\">Sin embargo, se fortaleci\u00f3 pol\u00edticamente durante los dos periodos que dur\u00f3 el gobierno de Uribe (2002-2010), lo que le ha valido grandes cr\u00edticas en materia de derechos humanos. <\/p>\n<\/div>\n<div dir=\"ltr\" class=\"bbc-19j92fr ebmt73l0\" readability=\"9\">\n<p dir=\"ltr\" class=\"bbc-hhl7in e17g058b0\">Investigaciones de prensa y sentencias judiciales han establecido que los paramilitares realizaron ataques contra la poblaci\u00f3n civil y ayudaron a pol\u00edticos y funcionarios a conseguir cargos p\u00fablicos a cambio de financiaci\u00f3n y de informaci\u00f3n que facilit\u00f3 sangrientas acciones armadas. <\/p>\n<\/div>\n<div dir=\"ltr\" class=\"bbc-19j92fr ebmt73l0\" readability=\"7\">\n<p dir=\"ltr\" class=\"bbc-hhl7in e17g058b0\">El papel que jugaron degrad\u00f3 a\u00fan m\u00e1s la guerra y aument\u00f3 la violencia.<\/p>\n<\/div>\n<div dir=\"ltr\" class=\"bbc-19j92fr ebmt73l0\" readability=\"10\">\n<p dir=\"ltr\" class=\"bbc-hhl7in e17g058b0\">Para 2010, durante el ultimo a\u00f1o del gobierno de Uribe, Catalina ya estudiaba Comunicaci\u00f3n Social en la universidad.<\/p>\n<\/div>\n<div dir=\"ltr\" class=\"bbc-19j92fr ebmt73l0\" readability=\"7\">\n<p dir=\"ltr\" class=\"bbc-hhl7in e17g058b0\">Ah\u00ed descubri\u00f3 la comunicaci\u00f3n pol\u00edtica.<\/p>\n<\/div>\n<div dir=\"ltr\" class=\"bbc-19j92fr ebmt73l0\" readability=\"9\">\n<p dir=\"ltr\" class=\"bbc-hhl7in e17g058b0\">\u201cUno de los parciales en la universidad era entrevistar a los candidatos a la presidencia en ese momento. Yo logr\u00e9 la entrevista con Juan Manuel Santos en la calle. Ah\u00ed hab\u00eda un grupo de j\u00f3venes que lo estaban acompa\u00f1ando y me invitaron a ser voluntaria en su campa\u00f1a\u201d.<\/p>\n<\/div>\n<div dir=\"ltr\" class=\"bbc-19j92fr ebmt73l0\" readability=\"9\">\n<p dir=\"ltr\" class=\"bbc-hhl7in e17g058b0\"><b>Como Santos era el candidato del uribismo, <\/b>Catalina decidi\u00f3 dedicar sus vacaciones a ese voluntariado.<\/p>\n<\/div>\n<div dir=\"ltr\" class=\"bbc-19j92fr ebmt73l0\" readability=\"9\">\n<p dir=\"ltr\" class=\"bbc-hhl7in e17g058b0\">\u201cAh\u00ed descubr\u00ed una pasi\u00f3n, como una magia que me cautiv\u00f3 y ya no pod\u00eda verme lejos de ese mundo pol\u00edtico\u201d.<\/p>\n<\/div>\n<div dir=\"ltr\" class=\"bbc-19j92fr ebmt73l0\" readability=\"9\">\n<p dir=\"ltr\" class=\"bbc-hhl7in e17g058b0\">Inici\u00f3 una carrera como asesora de comunicaciones, y con la cuenta @CatalinaSuarezB se convirti\u00f3 r\u00e1pidamente en influencer en redes sociales.<\/p>\n<\/div>\n<p><h2 id=\"Catalina-y-Jorge\" tabindex=\"-1\" class=\"bbc-1f03ibc eglt09e0\">Catalina y Jorge<\/h2>\n<\/p>\n<figure class=\"bbc-1qn0xuy\" readability=\"1.5\">\n<div class=\"bbc-sni631\" readability=\"8\"><picture><img src=\"http:\/\/cordobadirecto.com\/wp-content\/uploads\/2024\/01\/la-improbable-historia-de-amor-entre-una-influencer-uribista-y-el-guerrillero-hijo-del-mono-jojoy-uno-de-los-principales-comandantes-de-las-farc-8.jpg\" srcset=\"http:\/\/cordobadirecto.com\/wp-content\/uploads\/2024\/01\/la-improbable-historia-de-amor-entre-una-influencer-uribista-y-el-guerrillero-hijo-del-mono-jojoy-uno-de-los-principales-comandantes-de-las-farc-57.jpg 240w, http:\/\/cordobadirecto.com\/wp-content\/uploads\/2024\/01\/la-improbable-historia-de-amor-entre-una-influencer-uribista-y-el-guerrillero-hijo-del-mono-jojoy-uno-de-los-principales-comandantes-de-las-farc-58.jpg 320w, http:\/\/cordobadirecto.com\/wp-content\/uploads\/2024\/01\/la-improbable-historia-de-amor-entre-una-influencer-uribista-y-el-guerrillero-hijo-del-mono-jojoy-uno-de-los-principales-comandantes-de-las-farc-59.jpg 480w, http:\/\/cordobadirecto.com\/wp-content\/uploads\/2024\/01\/la-improbable-historia-de-amor-entre-una-influencer-uribista-y-el-guerrillero-hijo-del-mono-jojoy-uno-de-los-principales-comandantes-de-las-farc-60.jpg 624w, http:\/\/cordobadirecto.com\/wp-content\/uploads\/2024\/01\/la-improbable-historia-de-amor-entre-una-influencer-uribista-y-el-guerrillero-hijo-del-mono-jojoy-uno-de-los-principales-comandantes-de-las-farc-61.jpg 800w\" sizes=\"(min-width: 1008px) 760px, 100vw\" alt=\"Catalina y Jorge Suarez\" loading=\"lazy\" width=\"1222\" height=\"1600\" class=\"bbc-1uwua2r\"><\/picture>\n<p class=\"bbc-kaivkm\" role=\"text\"><span class=\"bbc-m04vo2\">Fuente de la imagen, <\/span><span lang=\"en-GB\">Cortes\u00eda<\/span><\/p>\n<\/div><figcaption dir=\"ltr\" class=\"bbc-1jsyunq e6i104o0\" readability=\"1\"><span role=\"text\" readability=\"2\"><span class=\"bbc-m04vo2\">Pie de foto, <\/span><\/p>\n<p>Catalina y Jorge se conocieron en Bogot\u00e1 en 2020.<\/p>\n<p><\/span><\/figcaption><\/figure>\n<div dir=\"ltr\" class=\"bbc-19j92fr ebmt73l0\" readability=\"10\">\n<p dir=\"ltr\" class=\"bbc-hhl7in e17g058b0\">10 a\u00f1os despu\u00e9s, cuando las vidas de Catalina y Jorge se cruzaron, <b>en Colombia se hab\u00edan producido cambios importantes. <\/b><\/p>\n<\/div>\n<div dir=\"ltr\" class=\"bbc-19j92fr ebmt73l0\" readability=\"8\">\n<p dir=\"ltr\" class=\"bbc-hhl7in e17g058b0\">El ahora presidente Santos se hab\u00eda desmarcado de la pol\u00edtica guerrerista del uribismo y hab\u00eda negociado durante seis a\u00f1os un acuerdo de paz con las FARC.<\/p>\n<\/div>\n<div dir=\"ltr\" class=\"bbc-19j92fr ebmt73l0\" readability=\"9\">\n<p dir=\"ltr\" class=\"bbc-hhl7in e17g058b0\">Para oficializarlo, en 2016 convoc\u00f3 a un referendo para que los colombianos decidieran si apoyaban o no lo acordado en esas negociaciones. <\/p>\n<\/div>\n<div dir=\"ltr\" class=\"bbc-19j92fr ebmt73l0\" readability=\"12\">\n<p dir=\"ltr\" class=\"bbc-hhl7in e17g058b0\">Catalina, que como buena uribista sent\u00eda que Santos hab\u00eda traicionado a Uribe, defendi\u00f3 el no y, como activista de derecha, se opuso p\u00fablicamente a varios puntos del acuerdo de paz.<\/p>\n<\/div>\n<div dir=\"ltr\" class=\"bbc-19j92fr ebmt73l0\" readability=\"7\">\n<p dir=\"ltr\" class=\"bbc-hhl7in e17g058b0\">&#8220;Para m\u00ed era como <b>&#8216;lo que es con Uribe es conmigo'&#8221;. <\/b><\/p>\n<\/div>\n<div dir=\"ltr\" class=\"bbc-19j92fr ebmt73l0\" readability=\"8\">\n<p dir=\"ltr\" class=\"bbc-hhl7in e17g058b0\">Compart\u00eda la postura de que los acuerdos se hab\u00edan hecho hasta ultimo momento casi que de forma secreta y eso generaba una gran desconfianza.<\/p>\n<\/div>\n<div dir=\"ltr\" class=\"bbc-19j92fr ebmt73l0\" readability=\"8\">\n<p dir=\"ltr\" class=\"bbc-hhl7in e17g058b0\">Adem\u00e1s tem\u00eda a la impunidad que pod\u00eda darse si los altos mandos de las FARC no pagaban con c\u00e1rcel por los cr\u00edmenes que el grupo hab\u00eda cometido en los a\u00f1os del conflicto.<\/p>\n<\/div>\n<div dir=\"ltr\" class=\"bbc-19j92fr ebmt73l0\" readability=\"8\">\n<p dir=\"ltr\" class=\"bbc-hhl7in e17g058b0\">No ve\u00eda con buenos ojos que se les ofreciera una alternativa diferente a cambio de que dejaran las armas y se reincorporaran a la vida civil.<\/p>\n<\/div>\n<figure class=\"bbc-1qn0xuy\" readability=\"1.5\">\n<div class=\"bbc-sni631\" readability=\"8\"><picture><img src=\"http:\/\/cordobadirecto.com\/wp-content\/uploads\/2024\/01\/la-improbable-historia-de-amor-entre-una-influencer-uribista-y-el-guerrillero-hijo-del-mono-jojoy-uno-de-los-principales-comandantes-de-las-farc-9.jpg\" srcset=\"http:\/\/cordobadirecto.com\/wp-content\/uploads\/2024\/01\/la-improbable-historia-de-amor-entre-una-influencer-uribista-y-el-guerrillero-hijo-del-mono-jojoy-uno-de-los-principales-comandantes-de-las-farc-62.jpg 240w, http:\/\/cordobadirecto.com\/wp-content\/uploads\/2024\/01\/la-improbable-historia-de-amor-entre-una-influencer-uribista-y-el-guerrillero-hijo-del-mono-jojoy-uno-de-los-principales-comandantes-de-las-farc-63.jpg 320w, http:\/\/cordobadirecto.com\/wp-content\/uploads\/2024\/01\/la-improbable-historia-de-amor-entre-una-influencer-uribista-y-el-guerrillero-hijo-del-mono-jojoy-uno-de-los-principales-comandantes-de-las-farc-64.jpg 480w, http:\/\/cordobadirecto.com\/wp-content\/uploads\/2024\/01\/la-improbable-historia-de-amor-entre-una-influencer-uribista-y-el-guerrillero-hijo-del-mono-jojoy-uno-de-los-principales-comandantes-de-las-farc-65.jpg 624w, http:\/\/cordobadirecto.com\/wp-content\/uploads\/2024\/01\/la-improbable-historia-de-amor-entre-una-influencer-uribista-y-el-guerrillero-hijo-del-mono-jojoy-uno-de-los-principales-comandantes-de-las-farc-66.jpg 779w\" sizes=\"(min-width: 1008px) 760px, 100vw\" alt=\"Catalina durante la campa\u00f1a contra los acuerdos de paz.\" loading=\"lazy\" width=\"779\" height=\"439\" class=\"bbc-1uwua2r\"><\/picture>\n<p class=\"bbc-kaivkm\" role=\"text\"><span class=\"bbc-m04vo2\">Fuente de la imagen, <\/span><span lang=\"en-GB\">cortes\u00eda<\/span><\/p>\n<\/div><figcaption dir=\"ltr\" class=\"bbc-1jsyunq e6i104o0\" readability=\"1\"><span role=\"text\" readability=\"2\"><span class=\"bbc-m04vo2\">Pie de foto, <\/span><\/p>\n<p>Catalina durante la campa\u00f1a contra los acuerdos de paz.<\/p>\n<p><\/span><\/figcaption><\/figure>\n<div dir=\"ltr\" class=\"bbc-19j92fr ebmt73l0\" readability=\"7\">\n<p dir=\"ltr\" class=\"bbc-hhl7in e17g058b0\"><b>Jorge estaba en el bando del s\u00ed. <\/b><\/p>\n<\/div>\n<div dir=\"ltr\" class=\"bbc-19j92fr ebmt73l0\" readability=\"11\">\n<p dir=\"ltr\" class=\"bbc-hhl7in e17g058b0\">&#8220;Yo esperaba que Colombia apoyara la paz. Nos dio mucha emoci\u00f3n cuando los estudiantes salieron a las calles a apoyar los acuerdos, incluso algunos fueron hasta campamentos en donde est\u00e1bamos y se hicieron vigilias por la Paz con la sociedad civil, con la Iglesia y con la ONU&#8221;.<\/p>\n<\/div>\n<div dir=\"ltr\" class=\"bbc-19j92fr ebmt73l0\" readability=\"10\">\n<p dir=\"ltr\" class=\"bbc-hhl7in e17g058b0\">Al final, tras una votaci\u00f3n muy re\u00f1ida el no se impuso al s\u00ed por una diferencia m\u00ednima, lo que oblig\u00f3 a Santos a hacer ajustes a la propuesta. <\/p>\n<\/div>\n<div dir=\"ltr\" class=\"bbc-19j92fr ebmt73l0\" readability=\"10\">\n<p dir=\"ltr\" class=\"bbc-hhl7in e17g058b0\">Tras ese proceso, en septiembre de 2016 se firmaron los acuerdos de paz, que entre otras cosas llevaron a la desmovilizaci\u00f3n de la mayor\u00eda de los integrantes de las FARC.<\/p>\n<\/div>\n<div dir=\"ltr\" class=\"bbc-19j92fr ebmt73l0\">\n<p dir=\"ltr\" class=\"bbc-hhl7in e17g058b0\">Jorge fue uno de ellos. <\/p>\n<\/div>\n<div dir=\"ltr\" class=\"bbc-19j92fr ebmt73l0\" readability=\"10\">\n<p dir=\"ltr\" class=\"bbc-hhl7in e17g058b0\">A los 32 a\u00f1os volvi\u00f3 a la vida civil, se reencontr\u00f3 con su familia adoptiva, estudi\u00f3 Periodismo en una universidad a distancia y comenz\u00f3 a trabajar en temas de pedagog\u00eda para la paz.<\/p>\n<\/div>\n<div dir=\"ltr\" class=\"bbc-19j92fr ebmt73l0\" readability=\"10\">\n<p dir=\"ltr\" class=\"bbc-hhl7in e17g058b0\">\u201cFue un regreso sumamente nost\u00e1lgico. Alegr\u00edas, tristezas. Uno reconoce los olores de su casa, como que regresan im\u00e1genes que ten\u00edas por all\u00e1 bloqueadas del pasado. Fue muy hermoso\u201d.<\/p>\n<\/div>\n<div dir=\"ltr\" class=\"bbc-19j92fr ebmt73l0\" readability=\"8\">\n<p dir=\"ltr\" class=\"bbc-hhl7in e17g058b0\">Para ese entonces, Catalina ya superaba los 30 mil seguidores en Twitter (ahora X).<\/p>\n<\/div>\n<div dir=\"ltr\" class=\"bbc-19j92fr ebmt73l0\" readability=\"8\">\n<p dir=\"ltr\" class=\"bbc-hhl7in e17g058b0\">Por eso la invitaron a participar en un proyecto audiovisual que buscaba p<b>oner a hablar a j\u00f3venes de derecha con j\u00f3venes de izquierda <\/b>sobre diferentes temas de inter\u00e9s nacional.<\/p>\n<\/div>\n<div dir=\"ltr\" class=\"bbc-19j92fr ebmt73l0\" readability=\"10\">\n<p dir=\"ltr\" class=\"bbc-hhl7in e17g058b0\">As\u00ed conoci\u00f3 a sus pares opositores, con quienes cre\u00f3 una fuerte amistad, y tuvo incluso una relaci\u00f3n amorosa de varios meses con un youtuber e influencer de izquierda. <\/p>\n<\/div>\n<div dir=\"ltr\" class=\"bbc-19j92fr ebmt73l0\">\n<p dir=\"ltr\" class=\"bbc-hhl7in e17g058b0\">Pero no funcion\u00f3.<\/p>\n<\/div>\n<div dir=\"ltr\" class=\"bbc-19j92fr ebmt73l0\" readability=\"9\">\n<p dir=\"ltr\" class=\"bbc-hhl7in e17g058b0\">\u201c\u00c9l nunca pudo aceptar del todo que yo sea de derecha, como que le avergonzaba. Fue una \u00e9poca muy dura para m\u00ed\u201d.<\/p>\n<\/div>\n<div dir=\"ltr\" class=\"bbc-19j92fr ebmt73l0\" readability=\"8\">\n<p dir=\"ltr\" class=\"bbc-hhl7in e17g058b0\">Pero tambi\u00e9n fue gracias a ese intercambio pol\u00edtico que Catalina conoci\u00f3 a la amiga que le termin\u00f3 presentando a Jorge la noche del karaoke.<\/p>\n<\/div>\n<p><h2 id=\"La-confesi\u00f3n-\" tabindex=\"-1\" class=\"bbc-1f03ibc eglt09e0\">La confesi\u00f3n <\/h2>\n<\/p>\n<figure class=\"bbc-1qn0xuy\" readability=\"1.5\">\n<div class=\"bbc-sni631\" readability=\"8\"><picture><img src=\"http:\/\/cordobadirecto.com\/wp-content\/uploads\/2024\/01\/la-improbable-historia-de-amor-entre-una-influencer-uribista-y-el-guerrillero-hijo-del-mono-jojoy-uno-de-los-principales-comandantes-de-las-farc-10.jpg\" srcset=\"http:\/\/cordobadirecto.com\/wp-content\/uploads\/2024\/01\/la-improbable-historia-de-amor-entre-una-influencer-uribista-y-el-guerrillero-hijo-del-mono-jojoy-uno-de-los-principales-comandantes-de-las-farc-67.jpg 240w, http:\/\/cordobadirecto.com\/wp-content\/uploads\/2024\/01\/la-improbable-historia-de-amor-entre-una-influencer-uribista-y-el-guerrillero-hijo-del-mono-jojoy-uno-de-los-principales-comandantes-de-las-farc-68.jpg 320w, http:\/\/cordobadirecto.com\/wp-content\/uploads\/2024\/01\/la-improbable-historia-de-amor-entre-una-influencer-uribista-y-el-guerrillero-hijo-del-mono-jojoy-uno-de-los-principales-comandantes-de-las-farc-69.jpg 480w, http:\/\/cordobadirecto.com\/wp-content\/uploads\/2024\/01\/la-improbable-historia-de-amor-entre-una-influencer-uribista-y-el-guerrillero-hijo-del-mono-jojoy-uno-de-los-principales-comandantes-de-las-farc-70.jpg 624w, http:\/\/cordobadirecto.com\/wp-content\/uploads\/2024\/01\/la-improbable-historia-de-amor-entre-una-influencer-uribista-y-el-guerrillero-hijo-del-mono-jojoy-uno-de-los-principales-comandantes-de-las-farc-71.jpg 800w\" sizes=\"(min-width: 1008px) 760px, 100vw\" alt=\"Catalina y Jorge\" loading=\"lazy\" width=\"1282\" height=\"944\" class=\"bbc-1uwua2r\"><\/picture>\n<p class=\"bbc-kaivkm\" role=\"text\"><span class=\"bbc-m04vo2\">Fuente de la imagen, <\/span><span lang=\"en-GB\">Cortes\u00eda<\/span><\/p>\n<\/div><figcaption dir=\"ltr\" class=\"bbc-1jsyunq e6i104o0\" readability=\"1\"><span role=\"text\" readability=\"2\"><span class=\"bbc-m04vo2\">Pie de foto, <\/span><\/p>\n<p>Catalina y Jorge empezaron a convivir durante la pandemia.<\/p>\n<p><\/span><\/figcaption><\/figure>\n<div dir=\"ltr\" class=\"bbc-19j92fr ebmt73l0\" readability=\"8\">\n<p dir=\"ltr\" class=\"bbc-hhl7in e17g058b0\">En su tercera cita, Catalina y Jorge se vieron en un caf\u00e9.<\/p>\n<\/div>\n<div dir=\"ltr\" class=\"bbc-19j92fr ebmt73l0\" readability=\"7\">\n<p dir=\"ltr\" class=\"bbc-hhl7in e17g058b0\">\u201cJorge es muy directo y me dijo:<\/p>\n<\/div>\n<div dir=\"ltr\" class=\"bbc-19j92fr ebmt73l0\" readability=\"9\">\n<p dir=\"ltr\" class=\"bbc-hhl7in e17g058b0\">&#8211; <i class=\"bbc-h1y5j7 eih42320\">Oye, Cata, yo te quiero contar algo.<\/i><\/p>\n<\/div>\n<div dir=\"ltr\" class=\"bbc-19j92fr ebmt73l0\">\n<p dir=\"ltr\" class=\"bbc-hhl7in e17g058b0\">&#8211; <i class=\"bbc-h1y5j7 eih42320\">Claro, dime.<\/i><\/p>\n<\/div>\n<div dir=\"ltr\" class=\"bbc-19j92fr ebmt73l0\">\n<p dir=\"ltr\" class=\"bbc-hhl7in e17g058b0\">Y ah\u00ed \u00e9l:<\/p>\n<\/div>\n<div dir=\"ltr\" class=\"bbc-19j92fr ebmt73l0\" readability=\"7\">\n<p dir=\"ltr\" class=\"bbc-hhl7in e17g058b0\">&#8211; <i class=\"bbc-h1y5j7 eih42320\">Mi pap\u00e1 biol\u00f3gico es el Mono Jojoy.<\/i><\/p>\n<\/div>\n<div dir=\"ltr\" class=\"bbc-19j92fr ebmt73l0\" readability=\"8\">\n<p dir=\"ltr\" class=\"bbc-hhl7in e17g058b0\">\u201cMe acuerdo que me ator\u00e9 con lo que estaba comiendo y por mi cabeza pasaba: <b>&#8216;\u00bfCon qui\u00e9n estoy sentada?&#8217;\u201d.<\/b><\/p>\n<\/div>\n<div dir=\"ltr\" class=\"bbc-19j92fr ebmt73l0\" readability=\"7\">\n<p dir=\"ltr\" class=\"bbc-hhl7in e17g058b0\">Al final del encuentro no sab\u00eda muy bien qu\u00e9 hacer. <\/p>\n<\/div>\n<div dir=\"ltr\" class=\"bbc-19j92fr ebmt73l0\" readability=\"12\">\n<p dir=\"ltr\" class=\"bbc-hhl7in e17g058b0\">\u201cYo pensaba mil cosas. Le cont\u00e9 a una amiga que me dijo: &#8216;Tienes que alejarte, qu\u00e9 peligro&#8217;, pero un primo me dijo, en cambio, que le parec\u00eda interesante\u201d. <\/p>\n<\/div>\n<div dir=\"ltr\" class=\"bbc-19j92fr ebmt73l0\" readability=\"9\">\n<p dir=\"ltr\" class=\"bbc-hhl7in e17g058b0\">Catalina no lo pod\u00eda creer, pensaba en por qu\u00e9 le estaba pasando eso y qu\u00e9 consecuencias tendr\u00eda para su vida y su trabajo estar con alguien con una historia tan opuesta a la suya. <\/p>\n<\/div>\n<div dir=\"ltr\" class=\"bbc-19j92fr ebmt73l0\" readability=\"7\">\n<p dir=\"ltr\" class=\"bbc-hhl7in e17g058b0\">Pero lo cierto es que Jorge ya le gustaba. Y mucho. <\/p>\n<\/div>\n<div dir=\"ltr\" class=\"bbc-19j92fr ebmt73l0\" readability=\"9\">\n<p dir=\"ltr\" class=\"bbc-hhl7in e17g058b0\">En ese momento los dos quer\u00edan simplemente salir, no buscaban ning\u00fan compromiso. As\u00ed que decidieron embarcarse en una aventura secreta para la que la pandemia result\u00f3 ser muy conveniente<\/p>\n<\/div>\n<div dir=\"ltr\" class=\"bbc-19j92fr ebmt73l0\" readability=\"8\">\n<p dir=\"ltr\" class=\"bbc-hhl7in e17g058b0\">Catalina pens\u00f3 que al no poder salir tanto a la calle <b>\u201cnadie se iba a dar cuenta con qui\u00e9n estaba saliendo\u201d.<\/b><\/p>\n<\/div>\n<div dir=\"ltr\" class=\"bbc-19j92fr ebmt73l0\" readability=\"10\">\n<p dir=\"ltr\" class=\"bbc-hhl7in e17g058b0\">Pudieron evadir, incluso, a sus propios amigos. \u201cMuchas veces nos vimos a escondidas de las personas que nos presentaron porque no quer\u00edamos estar en medio de chismes\u201d.<\/p>\n<\/div>\n<div dir=\"ltr\" class=\"bbc-19j92fr ebmt73l0\" readability=\"7\">\n<p dir=\"ltr\" class=\"bbc-hhl7in e17g058b0\">Hasta que les dio covid a los dos.<\/p>\n<\/div>\n<div dir=\"ltr\" class=\"bbc-19j92fr ebmt73l0\" readability=\"9\">\n<p dir=\"ltr\" class=\"bbc-hhl7in e17g058b0\">\u201cJorge viv\u00eda con su abuelita y obviamente no pod\u00eda estar ah\u00ed. Yo le dije: &#8216;Vente para mi casa&#8217;, un apartamento de soltera peque\u00f1o\u201d.<\/p>\n<\/div>\n<div dir=\"ltr\" class=\"bbc-19j92fr ebmt73l0\" readability=\"9\">\n<p dir=\"ltr\" class=\"bbc-hhl7in e17g058b0\">Como muchas otras personas, se enfrentaron a una convivencia forzada en plena pandemia. S\u00f3lo llevaban dos meses saliendo y ahora estaban encerrados y enfermos.<\/p>\n<\/div>\n<div dir=\"ltr\" class=\"bbc-19j92fr ebmt73l0\" readability=\"7\">\n<p dir=\"ltr\" class=\"bbc-hhl7in e17g058b0\">\u201cUn d\u00eda yo no aguant\u00e9 y me puse a llorar. \u00c9l me pregunt\u00f3 qu\u00e9 me pasaba y yo le dije: <\/p>\n<\/div>\n<div dir=\"ltr\" class=\"bbc-19j92fr ebmt73l0\" readability=\"8\">\n<p dir=\"ltr\" class=\"bbc-hhl7in e17g058b0\"><i class=\"bbc-h1y5j7 eih42320\">&#8211; No me siento preparada para esto, necesito mi espacio.<\/i><\/p>\n<\/div>\n<div dir=\"ltr\" class=\"bbc-19j92fr ebmt73l0\" readability=\"7\">\n<p dir=\"ltr\" class=\"bbc-hhl7in e17g058b0\">Jorge decidi\u00f3 empacar la maleta.<\/p>\n<\/div>\n<div dir=\"ltr\" class=\"bbc-19j92fr ebmt73l0\" readability=\"8\">\n<p dir=\"ltr\" class=\"bbc-hhl7in e17g058b0\">\u201cPero cuando lo vi empacando pens\u00e9: &#8216;\u00bfQu\u00e9 estoy haciendo?&#8217; No quer\u00eda que se fuera. Ah\u00ed me di cuenta que <b>estaba perdidamente enamorada\u201d.<\/b><\/p>\n<\/div>\n<div dir=\"ltr\" class=\"bbc-19j92fr ebmt73l0\" readability=\"10\">\n<p dir=\"ltr\" class=\"bbc-hhl7in e17g058b0\">\u201cElla dice que me le met\u00ed en la casa, pero no fue as\u00ed, hablamos y nunca m\u00e1s me volv\u00ed a ir. Fueron unos meses en los que nos enamoramos mucho\u201d.<\/p>\n<\/div>\n<p><h2 id=\"Salir-del-cl\u00f3set\" tabindex=\"-1\" class=\"bbc-1f03ibc eglt09e0\">&#8220;Salir del cl\u00f3set&#8221;<\/h2>\n<\/p>\n<figure class=\"bbc-1qn0xuy\" readability=\"1.5\">\n<div class=\"bbc-sni631\" readability=\"8\"><picture><img src=\"http:\/\/cordobadirecto.com\/wp-content\/uploads\/2024\/01\/la-improbable-historia-de-amor-entre-una-influencer-uribista-y-el-guerrillero-hijo-del-mono-jojoy-uno-de-los-principales-comandantes-de-las-farc-11.jpg\" srcset=\"http:\/\/cordobadirecto.com\/wp-content\/uploads\/2024\/01\/la-improbable-historia-de-amor-entre-una-influencer-uribista-y-el-guerrillero-hijo-del-mono-jojoy-uno-de-los-principales-comandantes-de-las-farc-72.jpg 240w, http:\/\/cordobadirecto.com\/wp-content\/uploads\/2024\/01\/la-improbable-historia-de-amor-entre-una-influencer-uribista-y-el-guerrillero-hijo-del-mono-jojoy-uno-de-los-principales-comandantes-de-las-farc-73.jpg 320w, http:\/\/cordobadirecto.com\/wp-content\/uploads\/2024\/01\/la-improbable-historia-de-amor-entre-una-influencer-uribista-y-el-guerrillero-hijo-del-mono-jojoy-uno-de-los-principales-comandantes-de-las-farc-74.jpg 480w, http:\/\/cordobadirecto.com\/wp-content\/uploads\/2024\/01\/la-improbable-historia-de-amor-entre-una-influencer-uribista-y-el-guerrillero-hijo-del-mono-jojoy-uno-de-los-principales-comandantes-de-las-farc-75.jpg 624w, http:\/\/cordobadirecto.com\/wp-content\/uploads\/2024\/01\/la-improbable-historia-de-amor-entre-una-influencer-uribista-y-el-guerrillero-hijo-del-mono-jojoy-uno-de-los-principales-comandantes-de-las-farc-76.jpg 800w\" sizes=\"(min-width: 1008px) 760px, 100vw\" alt=\"Catalina y Jorge \" loading=\"lazy\" width=\"1263\" height=\"963\" class=\"bbc-1uwua2r\"><\/picture>\n<p class=\"bbc-kaivkm\" role=\"text\"><span class=\"bbc-m04vo2\">Fuente de la imagen, <\/span><span lang=\"en-GB\">Cortes\u00eda<\/span><\/p>\n<\/div><figcaption dir=\"ltr\" class=\"bbc-1jsyunq e6i104o0\" readability=\"1\"><span role=\"text\" readability=\"2\"><span class=\"bbc-m04vo2\">Pie de foto, <\/span><\/p>\n<p>Catalina y Jorge mantuvieron su relaci\u00f3n en secreto por varios meses.<\/p>\n<p><\/span><\/figcaption><\/figure>\n<div dir=\"ltr\" class=\"bbc-19j92fr ebmt73l0\" readability=\"7\">\n<p dir=\"ltr\" class=\"bbc-hhl7in e17g058b0\">Ya no hab\u00eda vuelta atr\u00e1s. Ten\u00edan que contarlo. <\/p>\n<\/div>\n<div dir=\"ltr\" class=\"bbc-19j92fr ebmt73l0\" readability=\"8\">\n<p dir=\"ltr\" class=\"bbc-hhl7in e17g058b0\">La primera en enterarse fue la abuela de Jorge, que no vio ning\u00fan problema en la relaci\u00f3n.<\/p>\n<\/div>\n<div dir=\"ltr\" class=\"bbc-19j92fr ebmt73l0\" readability=\"8\">\n<p dir=\"ltr\" class=\"bbc-hhl7in e17g058b0\">Con la familia de Catalina, el proceso fue m\u00e1s largo.<\/p>\n<\/div>\n<div dir=\"ltr\" class=\"bbc-19j92fr ebmt73l0\" readability=\"7\">\n<p dir=\"ltr\" class=\"bbc-hhl7in e17g058b0\">\u201cEmpezaron a verme como m\u00e1s feliz y mi pap\u00e1 me pregunt\u00f3 si estaba saliendo con alguien.<\/p>\n<\/div>\n<div dir=\"ltr\" class=\"bbc-19j92fr ebmt73l0\">\n<p dir=\"ltr\" class=\"bbc-hhl7in e17g058b0\">Decid\u00ed contarle.<\/p>\n<\/div>\n<div dir=\"ltr\" class=\"bbc-19j92fr ebmt73l0\" readability=\"8\">\n<p dir=\"ltr\" class=\"bbc-hhl7in e17g058b0\">&#8211; <i class=\"bbc-h1y5j7 eih42320\">S\u00ed, pa\u2026Estoy saliendo con el hijo del Mono Jojoy.<\/i><\/p>\n<\/div>\n<div dir=\"ltr\" class=\"bbc-19j92fr ebmt73l0\" readability=\"8\">\n<p dir=\"ltr\" class=\"bbc-hhl7in e17g058b0\">\u201cMi pap\u00e1 no me crey\u00f3, se lo tom\u00f3 en chiste. Mi mam\u00e1 se qued\u00f3 en silencio&#8221;. <\/p>\n<\/div>\n<div dir=\"ltr\" class=\"bbc-19j92fr ebmt73l0\" readability=\"10\">\n<p dir=\"ltr\" class=\"bbc-hhl7in e17g058b0\">Dos meses despu\u00e9s, ya rendidos ante la evidencia, el padre de Catalina propuso que salieran a cenar para conocer al famoso pretendiente. <\/p>\n<\/div>\n<div dir=\"ltr\" class=\"bbc-19j92fr ebmt73l0\" readability=\"8\">\n<p dir=\"ltr\" class=\"bbc-hhl7in e17g058b0\">Ella les advirti\u00f3 a todos que fueran cautos, que no preguntaran mucho.<\/p>\n<\/div>\n<div dir=\"ltr\" class=\"bbc-19j92fr ebmt73l0\" readability=\"8\">\n<p dir=\"ltr\" class=\"bbc-hhl7in e17g058b0\">Pero Jorge no lo pens\u00f3 dos veces y una vez estuvieron sentados en el restaurante se los cont\u00f3 todo.<\/p>\n<\/div>\n<div dir=\"ltr\" class=\"bbc-19j92fr ebmt73l0\" readability=\"7\">\n<p dir=\"ltr\" class=\"bbc-hhl7in e17g058b0\">La familia sigui\u00f3 las instrucciones de Catalina <b>y hubo un silencio inc\u00f3modo. <\/b><\/p>\n<\/div>\n<div dir=\"ltr\" class=\"bbc-19j92fr ebmt73l0\" readability=\"7\">\n<p dir=\"ltr\" class=\"bbc-hhl7in e17g058b0\">Hasta que el esposo de la hermana pidi\u00f3 otro trago y el ambiente se relaj\u00f3.<\/p>\n<\/div>\n<div dir=\"ltr\" class=\"bbc-19j92fr ebmt73l0\" readability=\"9\">\n<p dir=\"ltr\" class=\"bbc-hhl7in e17g058b0\">Desde ese d\u00eda Jorge y la familia de Catalina tienen una muy buena relaci\u00f3n. Ellos fueron sus c\u00f3mplices cuando \u00e9l decidi\u00f3 pedirle matrimonio por sorpresa en Cartagena en medio de la celebraci\u00f3n de sus cumplea\u00f1os.<\/p>\n<\/div>\n<figure class=\"bbc-1qn0xuy\" readability=\"1.5\">\n<div class=\"bbc-sni631\" readability=\"8\"><picture><img src=\"http:\/\/cordobadirecto.com\/wp-content\/uploads\/2024\/01\/la-improbable-historia-de-amor-entre-una-influencer-uribista-y-el-guerrillero-hijo-del-mono-jojoy-uno-de-los-principales-comandantes-de-las-farc-12.jpg\" srcset=\"http:\/\/cordobadirecto.com\/wp-content\/uploads\/2024\/01\/la-improbable-historia-de-amor-entre-una-influencer-uribista-y-el-guerrillero-hijo-del-mono-jojoy-uno-de-los-principales-comandantes-de-las-farc-77.jpg 240w, http:\/\/cordobadirecto.com\/wp-content\/uploads\/2024\/01\/la-improbable-historia-de-amor-entre-una-influencer-uribista-y-el-guerrillero-hijo-del-mono-jojoy-uno-de-los-principales-comandantes-de-las-farc-78.jpg 320w, http:\/\/cordobadirecto.com\/wp-content\/uploads\/2024\/01\/la-improbable-historia-de-amor-entre-una-influencer-uribista-y-el-guerrillero-hijo-del-mono-jojoy-uno-de-los-principales-comandantes-de-las-farc-79.jpg 480w, http:\/\/cordobadirecto.com\/wp-content\/uploads\/2024\/01\/la-improbable-historia-de-amor-entre-una-influencer-uribista-y-el-guerrillero-hijo-del-mono-jojoy-uno-de-los-principales-comandantes-de-las-farc-80.jpg 624w, http:\/\/cordobadirecto.com\/wp-content\/uploads\/2024\/01\/la-improbable-historia-de-amor-entre-una-influencer-uribista-y-el-guerrillero-hijo-del-mono-jojoy-uno-de-los-principales-comandantes-de-las-farc-81.jpg 800w\" sizes=\"(min-width: 1008px) 760px, 100vw\" alt=\"Catalina con el expresidente \u00c1lvaro Uribe\" loading=\"lazy\" width=\"1063\" height=\"598\" class=\"bbc-1uwua2r\"><\/picture>\n<p class=\"bbc-kaivkm\" role=\"text\"><span class=\"bbc-m04vo2\">Fuente de la imagen, <\/span><span lang=\"en-GB\">Cortes\u00eda<\/span><\/p>\n<\/div><figcaption dir=\"ltr\" class=\"bbc-1jsyunq e6i104o0\" readability=\"1\"><span role=\"text\" readability=\"2\"><span class=\"bbc-m04vo2\">Pie de foto, <\/span><\/p>\n<p>Catalina con el expresidente \u00c1lvaro Uribe.<\/p>\n<p><\/span><\/figcaption><\/figure>\n<div dir=\"ltr\" class=\"bbc-19j92fr ebmt73l0\" readability=\"7\">\n<p dir=\"ltr\" class=\"bbc-hhl7in e17g058b0\">De a poco fueron ampliando el c\u00edrculo.<\/p>\n<\/div>\n<div dir=\"ltr\" class=\"bbc-19j92fr ebmt73l0\" readability=\"8\">\n<p dir=\"ltr\" class=\"bbc-hhl7in e17g058b0\">Para Catalina, t<b>al vez lo m\u00e1s dif\u00edcil era cont\u00e1rselo al expresidente Uribe. <\/b><\/p>\n<\/div>\n<div dir=\"ltr\" class=\"bbc-19j92fr ebmt73l0\" readability=\"8\">\n<p dir=\"ltr\" class=\"bbc-hhl7in e17g058b0\">\u201cLe envi\u00e9 un mensaje de texto en el que le dec\u00eda que quer\u00eda comentarle algo de car\u00e1cter personal que era muy importante para m\u00ed\u201d.<\/p>\n<\/div>\n<div dir=\"ltr\" class=\"bbc-19j92fr ebmt73l0\" readability=\"7\">\n<p dir=\"ltr\" class=\"bbc-hhl7in e17g058b0\">Uribe la llam\u00f3 a los cinco minutos. <\/p>\n<\/div>\n<div dir=\"ltr\" class=\"bbc-19j92fr ebmt73l0\" readability=\"11\">\n<p dir=\"ltr\" class=\"bbc-hhl7in e17g058b0\"><i class=\"bbc-h1y5j7 eih42320\">&#8211; Yo te apoyo. Si t\u00fa lo escogiste, si crees que es el hombre de tu vida es porque es una muy buena decisi\u00f3n, porque eres una persona muy inteligente, <\/i>le dijo cuando ella le cont\u00f3.<\/p>\n<\/div>\n<div dir=\"ltr\" class=\"bbc-19j92fr ebmt73l0\" readability=\"9\">\n<p dir=\"ltr\" class=\"bbc-hhl7in e17g058b0\">Jorge que se sorprendi\u00f3: no esperaba esa reacci\u00f3n del principal opositor de su padre y l\u00edder de la campa\u00f1a contra los acuerdos de paz con las FARC, dice.<\/p>\n<\/div>\n<div dir=\"ltr\" class=\"bbc-19j92fr ebmt73l0\" readability=\"9\">\n<p dir=\"ltr\" class=\"bbc-hhl7in e17g058b0\">\u201cQued\u00e9 en shock, me pareci\u00f3 un se\u00f1or muy respetuoso. <b>Yo sab\u00eda que Uribe era importante para Cata pero ese d\u00eda entend\u00ed cu\u00e1nto&#8221;. <\/b><\/p>\n<\/div>\n<figure class=\"bbc-1qn0xuy\" readability=\"1.5\">\n<div class=\"bbc-sni631\" readability=\"8\"><picture><img src=\"http:\/\/cordobadirecto.com\/wp-content\/uploads\/2024\/01\/la-improbable-historia-de-amor-entre-una-influencer-uribista-y-el-guerrillero-hijo-del-mono-jojoy-uno-de-los-principales-comandantes-de-las-farc-13.jpg\" srcset=\"http:\/\/cordobadirecto.com\/wp-content\/uploads\/2024\/01\/la-improbable-historia-de-amor-entre-una-influencer-uribista-y-el-guerrillero-hijo-del-mono-jojoy-uno-de-los-principales-comandantes-de-las-farc-82.jpg 240w, http:\/\/cordobadirecto.com\/wp-content\/uploads\/2024\/01\/la-improbable-historia-de-amor-entre-una-influencer-uribista-y-el-guerrillero-hijo-del-mono-jojoy-uno-de-los-principales-comandantes-de-las-farc-83.jpg 320w, http:\/\/cordobadirecto.com\/wp-content\/uploads\/2024\/01\/la-improbable-historia-de-amor-entre-una-influencer-uribista-y-el-guerrillero-hijo-del-mono-jojoy-uno-de-los-principales-comandantes-de-las-farc-84.jpg 480w, http:\/\/cordobadirecto.com\/wp-content\/uploads\/2024\/01\/la-improbable-historia-de-amor-entre-una-influencer-uribista-y-el-guerrillero-hijo-del-mono-jojoy-uno-de-los-principales-comandantes-de-las-farc-85.jpg 624w, http:\/\/cordobadirecto.com\/wp-content\/uploads\/2024\/01\/la-improbable-historia-de-amor-entre-una-influencer-uribista-y-el-guerrillero-hijo-del-mono-jojoy-uno-de-los-principales-comandantes-de-las-farc-86.jpg 800w\" sizes=\"(min-width: 1008px) 760px, 100vw\" alt=\"Pastor Alape y Jorge en una jornada de pedagog\u00eda de paz.\" loading=\"lazy\" width=\"847\" height=\"477\" class=\"bbc-1uwua2r\"><\/picture>\n<p class=\"bbc-kaivkm\" role=\"text\"><span class=\"bbc-m04vo2\">Fuente de la imagen, <\/span><span lang=\"en-GB\">cortes\u00eda<\/span><\/p>\n<\/div><figcaption dir=\"ltr\" class=\"bbc-1jsyunq e6i104o0\" readability=\"1\"><span role=\"text\" readability=\"2\"><span class=\"bbc-m04vo2\">Pie de foto, <\/span><\/p>\n<p>Pastor Alape y Jorge en una jornada de pedagog\u00eda de paz.<\/p>\n<p><\/span><\/figcaption><\/figure>\n<div dir=\"ltr\" class=\"bbc-19j92fr ebmt73l0\" readability=\"10\">\n<p dir=\"ltr\" class=\"bbc-hhl7in e17g058b0\">\u00c9l ya hab\u00eda hecho su parte con Pastor Alape, exmiembro de la dirigencia de las FARC y negociador con el gobierno de Colombia, que tambi\u00e9n lo hab\u00eda apoyado.<\/p>\n<\/div>\n<div dir=\"ltr\" class=\"bbc-19j92fr ebmt73l0\" readability=\"9\">\n<p dir=\"ltr\" class=\"bbc-hhl7in e17g058b0\"><i class=\"bbc-h1y5j7 eih42320\">&#8211; \u00bfEs verdad que est\u00e1s saliendo con Catalina Su\u00e1rez?, <\/i>me pregunt\u00f3 un d\u00eda en su casa. <i class=\"bbc-h1y5j7 eih42320\">\u00bfPor qu\u00e9 no le dices que venga?<\/i><\/p>\n<\/div>\n<div dir=\"ltr\" class=\"bbc-19j92fr ebmt73l0\" readability=\"7\">\n<p dir=\"ltr\" class=\"bbc-hhl7in e17g058b0\">Catalina y Alape se concieron ese mismo d\u00eda.<\/p>\n<\/div>\n<div dir=\"ltr\" class=\"bbc-19j92fr ebmt73l0\" readability=\"11\">\n<p dir=\"ltr\" class=\"bbc-hhl7in e17g058b0\">\u201cEs un hombre muy avanzado para su \u00e9poca y para su sector. Hablamos sobre el vallenato y al final recuerdo mucho que dijo, <b>&#8216;para esto firmamos la paz, para que las diferencias jam\u00e1s nos impidan compartir&#8217;. <\/b><\/p>\n<\/div>\n<div dir=\"ltr\" class=\"bbc-19j92fr ebmt73l0\" readability=\"7\">\n<p dir=\"ltr\" class=\"bbc-hhl7in e17g058b0\">Nos tomamos un whisky y brindamos por nuestra relaci\u00f3n\u201d.<\/p>\n<\/div>\n<p><h2 id=\"La-boda\" tabindex=\"-1\" class=\"bbc-1f03ibc eglt09e0\">La boda<\/h2>\n<\/p>\n<figure class=\"bbc-1qn0xuy\" readability=\"1.5\">\n<div class=\"bbc-sni631\" readability=\"8\"><picture><img src=\"http:\/\/cordobadirecto.com\/wp-content\/uploads\/2024\/01\/la-improbable-historia-de-amor-entre-una-influencer-uribista-y-el-guerrillero-hijo-del-mono-jojoy-uno-de-los-principales-comandantes-de-las-farc-14.jpg\" srcset=\"http:\/\/cordobadirecto.com\/wp-content\/uploads\/2024\/01\/la-improbable-historia-de-amor-entre-una-influencer-uribista-y-el-guerrillero-hijo-del-mono-jojoy-uno-de-los-principales-comandantes-de-las-farc-87.jpg 240w, http:\/\/cordobadirecto.com\/wp-content\/uploads\/2024\/01\/la-improbable-historia-de-amor-entre-una-influencer-uribista-y-el-guerrillero-hijo-del-mono-jojoy-uno-de-los-principales-comandantes-de-las-farc-88.jpg 320w, http:\/\/cordobadirecto.com\/wp-content\/uploads\/2024\/01\/la-improbable-historia-de-amor-entre-una-influencer-uribista-y-el-guerrillero-hijo-del-mono-jojoy-uno-de-los-principales-comandantes-de-las-farc-89.jpg 480w, http:\/\/cordobadirecto.com\/wp-content\/uploads\/2024\/01\/la-improbable-historia-de-amor-entre-una-influencer-uribista-y-el-guerrillero-hijo-del-mono-jojoy-uno-de-los-principales-comandantes-de-las-farc-90.jpg 624w, http:\/\/cordobadirecto.com\/wp-content\/uploads\/2024\/01\/la-improbable-historia-de-amor-entre-una-influencer-uribista-y-el-guerrillero-hijo-del-mono-jojoy-uno-de-los-principales-comandantes-de-las-farc-91.jpg 800w\" sizes=\"(min-width: 1008px) 760px, 100vw\" alt=\"letrero que dice Amar es para valientes \" loading=\"lazy\" width=\"1169\" height=\"658\" class=\"bbc-1uwua2r\"><\/picture>\n<p class=\"bbc-kaivkm\" role=\"text\"><span class=\"bbc-m04vo2\">Fuente de la imagen, <\/span><span lang=\"en-GB\">cortes\u00eda<\/span><\/p>\n<\/div>\n<\/figure>\n<div dir=\"ltr\" class=\"bbc-19j92fr ebmt73l0\" readability=\"8\">\n<p dir=\"ltr\" class=\"bbc-hhl7in e17g058b0\">Catalina y Jorge hicieron p\u00fablica su relaci\u00f3n el d\u00eda del matrimonio. Fue el 5 de noviembre de 2021. <\/p>\n<\/div>\n<div dir=\"ltr\" class=\"bbc-19j92fr ebmt73l0\" readability=\"7\">\n<p dir=\"ltr\" class=\"bbc-hhl7in e17g058b0\">Catalina se encarg\u00f3 de darle la primicia a una de las emisoras m\u00e1s escuchadas de Colombia.<\/p>\n<\/div>\n<div dir=\"ltr\" class=\"bbc-19j92fr ebmt73l0\" readability=\"9\">\n<p dir=\"ltr\" class=\"bbc-hhl7in e17g058b0\">\u201cMe la pas\u00e9 dando entrevistas toda la ma\u00f1ana, creo que fui la \u00faltima en peinarme y maquillarme\u201d.<\/p>\n<\/div>\n<div dir=\"ltr\" class=\"bbc-19j92fr ebmt73l0\" readability=\"9\">\n<p dir=\"ltr\" class=\"bbc-hhl7in e17g058b0\">La boda se llev\u00f3 a cabo en una hacienda a las afueras de Bogot\u00e1. <b>\u201cAmar es para valientes\u201d, <\/b>dec\u00eda el letrero con luces que adornaba la fiesta.<\/p>\n<\/div>\n<div dir=\"ltr\" class=\"bbc-19j92fr ebmt73l0\" readability=\"9\">\n<p dir=\"ltr\" class=\"bbc-hhl7in e17g058b0\">Se casaron por el rito cat\u00f3lico. Ella de vestido largo, blanco y con velo; \u00e9l con frac negro y corbat\u00edn. <\/p>\n<\/div>\n<div dir=\"ltr\" class=\"bbc-19j92fr ebmt73l0\" readability=\"8\">\n<p dir=\"ltr\" class=\"bbc-hhl7in e17g058b0\">Hubo 120 invitados, entre familiares y amigos de cada uno.<\/p>\n<\/div>\n<div dir=\"ltr\" class=\"bbc-19j92fr ebmt73l0\" readability=\"9\">\n<p dir=\"ltr\" class=\"bbc-hhl7in e17g058b0\">\u201cDecidimos invitar solo a amigos que ten\u00edamos en com\u00fan desde la relaci\u00f3n. Todo esto ha sido un coladero en el que ha ido quedando solo gente sincera\u201d, relata Catalina.<\/p>\n<\/div>\n<div dir=\"ltr\" class=\"bbc-19j92fr ebmt73l0\" readability=\"10\">\n<p dir=\"ltr\" class=\"bbc-hhl7in e17g058b0\">Dos a\u00f1os despu\u00e9s, <b>salen acompa\u00f1ados por escoltas a todas partes<\/b> y viven con Copito, un gato blanco que adoptaron y al que consienten entre los dos.<\/p>\n<\/div>\n<div dir=\"ltr\" class=\"bbc-19j92fr ebmt73l0\" readability=\"7\">\n<p dir=\"ltr\" class=\"bbc-hhl7in e17g058b0\">Y sus posiciones pol\u00edticas no han cambiado.<\/p>\n<\/div>\n<figure class=\"bbc-1qn0xuy\" readability=\"1.5\">\n<div class=\"bbc-sni631\" readability=\"8\"><picture><img src=\"http:\/\/cordobadirecto.com\/wp-content\/uploads\/2024\/01\/la-improbable-historia-de-amor-entre-una-influencer-uribista-y-el-guerrillero-hijo-del-mono-jojoy-uno-de-los-principales-comandantes-de-las-farc-15.jpg\" srcset=\"http:\/\/cordobadirecto.com\/wp-content\/uploads\/2024\/01\/la-improbable-historia-de-amor-entre-una-influencer-uribista-y-el-guerrillero-hijo-del-mono-jojoy-uno-de-los-principales-comandantes-de-las-farc-92.jpg 240w, http:\/\/cordobadirecto.com\/wp-content\/uploads\/2024\/01\/la-improbable-historia-de-amor-entre-una-influencer-uribista-y-el-guerrillero-hijo-del-mono-jojoy-uno-de-los-principales-comandantes-de-las-farc-93.jpg 320w, http:\/\/cordobadirecto.com\/wp-content\/uploads\/2024\/01\/la-improbable-historia-de-amor-entre-una-influencer-uribista-y-el-guerrillero-hijo-del-mono-jojoy-uno-de-los-principales-comandantes-de-las-farc-94.jpg 480w, http:\/\/cordobadirecto.com\/wp-content\/uploads\/2024\/01\/la-improbable-historia-de-amor-entre-una-influencer-uribista-y-el-guerrillero-hijo-del-mono-jojoy-uno-de-los-principales-comandantes-de-las-farc-95.jpg 624w, http:\/\/cordobadirecto.com\/wp-content\/uploads\/2024\/01\/la-improbable-historia-de-amor-entre-una-influencer-uribista-y-el-guerrillero-hijo-del-mono-jojoy-uno-de-los-principales-comandantes-de-las-farc-96.jpg 800w\" sizes=\"(min-width: 1008px) 760px, 100vw\" alt=\"Catalina y Jorge en unos de sus viajes por Colombia\" loading=\"lazy\" width=\"1290\" height=\"726\" class=\"bbc-1uwua2r\"><\/picture>\n<p class=\"bbc-kaivkm\" role=\"text\"><span class=\"bbc-m04vo2\">Fuente de la imagen, <\/span><span lang=\"en-GB\">Cortes\u00eda<\/span><\/p>\n<\/div><figcaption dir=\"ltr\" class=\"bbc-1jsyunq e6i104o0\" readability=\"1\"><span role=\"text\" readability=\"2\"><span class=\"bbc-m04vo2\">Pie de foto, <\/span><\/p>\n<p>Catalina y Jorge en unos de sus viajes por Colombia.<\/p>\n<p><\/span><\/figcaption><\/figure>\n<div dir=\"ltr\" class=\"bbc-19j92fr ebmt73l0\" readability=\"10\">\n<p dir=\"ltr\" class=\"bbc-hhl7in e17g058b0\">\u201cNo nos negamos la opci\u00f3n de opinar. La idea no es convencer al otro pol\u00edtica o ideol\u00f3gicamente. <b>Cada uno ha hecho un camino, tiene una trayectoria que respetamos\u201d<\/b>, cuenta Jorge.<\/p>\n<\/div>\n<div dir=\"ltr\" class=\"bbc-19j92fr ebmt73l0\" readability=\"9\">\n<p dir=\"ltr\" class=\"bbc-hhl7in e17g058b0\">\u201cCreo que ha sido f\u00e1cil la convivencia; en las cosas del hogar lo \u00faltimo que importa es que t\u00fa seas de derecha o de izquierda\u201d, dice ella.<\/p>\n<\/div>\n<div dir=\"ltr\" class=\"bbc-19j92fr ebmt73l0\" readability=\"10\">\n<p dir=\"ltr\" class=\"bbc-hhl7in e17g058b0\">\u201cYo soy muy feliz con Jorge. Es una persona que por lo que vivi\u00f3 viene de pensar en un colectivo y no de forma individualista. Es un hombre profundamente solidario, cero envidioso y s\u00fapergeneroso&#8221;.<\/p>\n<\/div>\n<div dir=\"ltr\" class=\"bbc-19j92fr ebmt73l0\" readability=\"12\">\n<p dir=\"ltr\" class=\"bbc-hhl7in e17g058b0\">\u201cA m\u00ed me enamora de Cata que es una mujer empoderada, con car\u00e1cter, es una mujer que todos los d\u00edas sale a su trabajo con tanta entereza y con tanta decisi\u00f3n y que cada d\u00eda quiere construir un pa\u00eds justo, un pa\u00eds m\u00e1s social\u201d.<\/p>\n<\/div>\n<div dir=\"ltr\" class=\"bbc-19j92fr ebmt73l0\" readability=\"8\">\n<p dir=\"ltr\" class=\"bbc-hhl7in e17g058b0\">Juntos tienen el proyecto <b>#respetoenladiferencia<\/b> con el que visitan diferentes lugares del pa\u00eds y llevan materiales pedag\u00f3gicos de lectura y escritura.<\/p>\n<\/div>\n<div dir=\"ltr\" class=\"bbc-19j92fr ebmt73l0\" readability=\"10\">\n<p dir=\"ltr\" class=\"bbc-hhl7in e17g058b0\">\u201cCon Jorge he aprendido a aterrizar el tema social. Siempre he sido sensible y me ha interesado, pero no conoc\u00eda la Colombia profunda de la que siempre se ha hablado. He podido entender por qu\u00e9 en esos territorios han apoyado tanto la paz\u201d.<\/p>\n<\/div>\n<div dir=\"ltr\" class=\"bbc-19j92fr ebmt73l0\" readability=\"9\">\n<p dir=\"ltr\" class=\"bbc-hhl7in e17g058b0\">\u201cElla me ha permitido ver que las personas de derecha tambi\u00e9n tienen coraz\u00f3n y preocupaciones sociales y esa es otra visi\u00f3n de pa\u00eds. <b>Yo no hab\u00eda tenido la oportunidad de ver eso m\u00e1s all\u00e1 de los estigmas\u201d.<\/b><\/p>\n<\/div>\n<figure class=\"bbc-1qn0xuy\" readability=\"1.5\">\n<div class=\"bbc-sni631\" readability=\"8\"><picture><img src=\"http:\/\/cordobadirecto.com\/wp-content\/uploads\/2024\/01\/la-improbable-historia-de-amor-entre-una-influencer-uribista-y-el-guerrillero-hijo-del-mono-jojoy-uno-de-los-principales-comandantes-de-las-farc-16.jpg\" srcset=\"http:\/\/cordobadirecto.com\/wp-content\/uploads\/2024\/01\/la-improbable-historia-de-amor-entre-una-influencer-uribista-y-el-guerrillero-hijo-del-mono-jojoy-uno-de-los-principales-comandantes-de-las-farc-97.jpg 240w, http:\/\/cordobadirecto.com\/wp-content\/uploads\/2024\/01\/la-improbable-historia-de-amor-entre-una-influencer-uribista-y-el-guerrillero-hijo-del-mono-jojoy-uno-de-los-principales-comandantes-de-las-farc-98.jpg 320w, http:\/\/cordobadirecto.com\/wp-content\/uploads\/2024\/01\/la-improbable-historia-de-amor-entre-una-influencer-uribista-y-el-guerrillero-hijo-del-mono-jojoy-uno-de-los-principales-comandantes-de-las-farc-99.jpg 480w, http:\/\/cordobadirecto.com\/wp-content\/uploads\/2024\/01\/la-improbable-historia-de-amor-entre-una-influencer-uribista-y-el-guerrillero-hijo-del-mono-jojoy-uno-de-los-principales-comandantes-de-las-farc-100.jpg 624w, http:\/\/cordobadirecto.com\/wp-content\/uploads\/2024\/01\/la-improbable-historia-de-amor-entre-una-influencer-uribista-y-el-guerrillero-hijo-del-mono-jojoy-uno-de-los-principales-comandantes-de-las-farc-101.jpg 800w\" sizes=\"(min-width: 1008px) 760px, 100vw\" alt=\"Catalina y Jorge en su proyecto pedag\u00f3gico.\" loading=\"lazy\" width=\"1170\" height=\"1256\" class=\"bbc-1uwua2r\"><\/picture>\n<p class=\"bbc-kaivkm\" role=\"text\"><span class=\"bbc-m04vo2\">Fuente de la imagen, <\/span><span lang=\"en-GB\">Cortes\u00eda<\/span><\/p>\n<\/div><figcaption dir=\"ltr\" class=\"bbc-1jsyunq e6i104o0\" readability=\"1.5\"><span role=\"text\" readability=\"3\"><span class=\"bbc-m04vo2\">Pie de foto, <\/span><\/p>\n<p>Catalina y Jorge sue\u00f1an con seguir aportando a la paz de Colombia con su proyecto #RespetoenlaDiferencia.<\/p>\n<p><\/span><\/figcaption><\/figure>\n<div dir=\"ltr\" class=\"bbc-19j92fr ebmt73l0\" readability=\"10\">\n<p dir=\"ltr\" class=\"bbc-hhl7in e17g058b0\">\u201cEn Colombia si alguien piensa distinto es una amenaza. <b>Hay odios que han sido generadores de una guerra constante.<\/b> Pero lo importante es que uno puede pensar distinto y no usar las armas\u201d, reflexiona Jorge.<\/p>\n<\/div>\n<div dir=\"ltr\" class=\"bbc-19j92fr ebmt73l0\" readability=\"11\">\n<p dir=\"ltr\" class=\"bbc-hhl7in e17g058b0\">Y Catalina lo complementa: \u201cSo\u00f1amos con que en todas las casas de Colombia se pueda vivir la pol\u00edtica como en la nuestra, sin agresi\u00f3n verbal, sin juzgar al otro porque piensa diferente o porque apoy\u00f3 a alguien distinto\u201d.<\/p>\n<\/div>\n<div dir=\"ltr\" class=\"bbc-19j92fr ebmt73l0\" readability=\"8\">\n<p dir=\"ltr\" class=\"bbc-hhl7in e17g058b0\">Viven en un apartamento en Bogot\u00e1 y en las noches ella duerme a la izquierda de la cama y \u00e9l a la derecha.<\/p>\n<\/div>\n<figure class=\"bbc-1qn0xuy\">\n<div class=\"bbc-sni631\"><picture><img src=\"http:\/\/cordobadirecto.com\/wp-content\/uploads\/2024\/01\/la-improbable-historia-de-amor-entre-una-influencer-uribista-y-el-guerrillero-hijo-del-mono-jojoy-uno-de-los-principales-comandantes-de-las-farc-17.jpg\" srcset=\"http:\/\/cordobadirecto.com\/wp-content\/uploads\/2024\/01\/la-improbable-historia-de-amor-entre-una-influencer-uribista-y-el-guerrillero-hijo-del-mono-jojoy-uno-de-los-principales-comandantes-de-las-farc-102.jpg 240w, http:\/\/cordobadirecto.com\/wp-content\/uploads\/2024\/01\/la-improbable-historia-de-amor-entre-una-influencer-uribista-y-el-guerrillero-hijo-del-mono-jojoy-uno-de-los-principales-comandantes-de-las-farc-103.jpg 320w, http:\/\/cordobadirecto.com\/wp-content\/uploads\/2024\/01\/la-improbable-historia-de-amor-entre-una-influencer-uribista-y-el-guerrillero-hijo-del-mono-jojoy-uno-de-los-principales-comandantes-de-las-farc-104.jpg 464w\" sizes=\"(min-width: 1008px) 760px, 100vw\" alt=\"linea gris\" loading=\"lazy\" width=\"464\" height=\"2\" class=\"bbc-1uwua2r\"><\/picture><\/div>\n<\/figure>\n<div dir=\"ltr\" class=\"bbc-19j92fr ebmt73l0\" readability=\"8\">\n<p dir=\"ltr\" class=\"bbc-hhl7in e17g058b0\"><i class=\"bbc-h1y5j7 eih42320\">Recuerda que puedes recibir notificaciones de BBC News Mundo. Descarga la \u00faltima versi\u00f3n de nuestra app y act\u00edvalas para no perderte nuestro mejor contenido.<\/i><\/p>\n<\/div>\n","protected":false},"excerpt":{"rendered":"<p>Fuente de la imagen, Cortes\u00eda Pie de foto, Catalina y Jorge el d\u00eda de su boda en 2021. Article information Author, Andrea D\u00edaz Cardona Role, BBC News Mundo 1 hora Catalina abri\u00f3 la puerta de su apartamento en Bogot\u00e1. Vio a Jorge, un amigo de su amiga, y de inmediato le llam\u00f3 la atenci\u00f3n. Jorge [&hellip;]<\/p>\n","protected":false},"author":1,"featured_media":147079,"comment_status":"closed","ping_status":"closed","sticky":false,"template":"","format":"standard","meta":[],"categories":[24],"tags":[],"_links":{"self":[{"href":"http:\/\/cordobadirecto.com\/index.php\/wp-json\/wp\/v2\/posts\/147078"}],"collection":[{"href":"http:\/\/cordobadirecto.com\/index.php\/wp-json\/wp\/v2\/posts"}],"about":[{"href":"http:\/\/cordobadirecto.com\/index.php\/wp-json\/wp\/v2\/types\/post"}],"author":[{"embeddable":true,"href":"http:\/\/cordobadirecto.com\/index.php\/wp-json\/wp\/v2\/users\/1"}],"replies":[{"embeddable":true,"href":"http:\/\/cordobadirecto.com\/index.php\/wp-json\/wp\/v2\/comments?post=147078"}],"version-history":[{"count":0,"href":"http:\/\/cordobadirecto.com\/index.php\/wp-json\/wp\/v2\/posts\/147078\/revisions"}],"wp:featuredmedia":[{"embeddable":true,"href":"http:\/\/cordobadirecto.com\/index.php\/wp-json\/wp\/v2\/media\/147079"}],"wp:attachment":[{"href":"http:\/\/cordobadirecto.com\/index.php\/wp-json\/wp\/v2\/media?parent=147078"}],"wp:term":[{"taxonomy":"category","embeddable":true,"href":"http:\/\/cordobadirecto.com\/index.php\/wp-json\/wp\/v2\/categories?post=147078"},{"taxonomy":"post_tag","embeddable":true,"href":"http:\/\/cordobadirecto.com\/index.php\/wp-json\/wp\/v2\/tags?post=147078"}],"curies":[{"name":"wp","href":"https:\/\/api.w.org\/{rel}","templated":true}]}}