{"id":147086,"date":"2024-01-19T14:17:24","date_gmt":"2024-01-19T14:17:24","guid":{"rendered":"https:\/\/www.ole.com.ar\/autos\/argentino-manuel-andujar-gano-segunda-vez-rally-dakar-cuatriciclos_0_si9GsftUUp.html"},"modified":"2024-01-19T14:17:24","modified_gmt":"2024-01-19T14:17:24","slug":"el-argentino-manuel-andujar-gano-por-segunda-vez-el-rally-dakar-en-cuatriciclos","status":"publish","type":"post","link":"http:\/\/cordobadirecto.com\/index.php\/2024\/01\/19\/el-argentino-manuel-andujar-gano-por-segunda-vez-el-rally-dakar-en-cuatriciclos\/","title":{"rendered":"El argentino Manuel And\u00fajar gan\u00f3 por segunda vez el Rally Dakar en cuatriciclos"},"content":{"rendered":"<p><time class=\"createDate\" datetime=\"2024-01-19T11:17:24-03:00\">19\/01\/2024 11:17hs.<\/time><time class=\"modificatedDate\" datetime=\"2024-01-19T11:19:48-03:00\"> Actualizado al 19\/01\/2024 11:19hs.<\/time><\/p>\n<div id=\"storyBody\">\n<div class=\"custom-text \" readability=\"40\">\n<p><strong>Manuel And\u00fajar lo hizo de nuevo<\/strong>: se consagr\u00f3 campe\u00f3n del Rally Dakar 2024 en Arabia Saudita por segunda vez en su historia. El piloto argentino de Yamaha <strong>cubri\u00f3 el recorrido total de la prueba<\/strong>, es decir, unos 7.891 kil\u00f3metros (4.727 cronometrados), con un tiempo acumulado de 64 horas, 16 minutos, 53 segundos.<\/p>\n<\/div>\n<div class=\"custom-text \" readability=\"28.237918215613\">\n<p>El lobense <a href=\"https:\/\/www.ole.com.ar\/autos\/argentino-manuel-andujar-gano-segunda-vez-rally-dakar-cuatriciclos_0_si9GsftUUp.html\" target=\"_self\" title=\"logr\u00f3 ingresar segundo en el und\u00e9cimo y pen\u00faltimo tramo\" alt=\"logr\u00f3 ingresar segundo en el und\u00e9cimo y pen\u00faltimo tramo\" rel=\"noopener\">logr\u00f3 ingresar segundo en el und\u00e9cimo y pen\u00faltimo tramo<\/a> de 420 kil\u00f3metros computados (107 de enlace) entre la localidad de Al&#8217;Ula y Yanbu, con una diferencia de apenas 37 segundos en relaci\u00f3n al ganador del jueves, <strong>el franc\u00e9s Alexandre Giroud (Yamaha).<\/strong><\/p>\n<\/div>\n<div class=\"custom-text \" readability=\"37\">\n<p>De esta manera, <strong>finaliz\u00f3 con una diferencia de 7m.59s. sobre el galo,<\/strong> que buscaba su tercera coronaci\u00f3n consecutiva despu\u00e9s de obtener el trofeo en 2022 y 2023. El podio de la divisi\u00f3n quads lo complet\u00f3 <strong>el eslovaco Juraj Varga, tambi\u00e9n de Yamaha.<\/strong><\/p>\n<\/div>\n<div class=\"sc-e7b891c4-0 jPbnQF\"><img alt=\"Manuel And\u00fajar arranc\u00f3 con todo.\" src=\"http:\/\/cordobadirecto.com\/wp-content\/uploads\/2024\/01\/el-argentino-manuel-andujar-gano-por-segunda-vez-el-rally-dakar-en-cuatriciclos.jpg\" width=\"720\" height=\"100\" decoding=\"async\" data-nimg=\"future\" loading=\"lazy\"><span class=\"epigraphe\">Manuel And\u00fajar arranc\u00f3 con todo.<\/span><\/div>\n<p><h2><strong>Giroud qued\u00f3 a un paso: And\u00fajar pudo m\u00e1s<\/strong><\/h2>\n<\/p>\n<div class=\"custom-text \" readability=\"36\">\n<p>Giroud se impuso en seis de las 12 etapas del certamen en su edici\u00f3n actual, pero no le alcanz\u00f3 ante la regularidad del fan\u00e1tico de Boca, que <strong>consigui\u00f3 acceder a la clasificaci\u00f3n en los podios de cada d\u00eda.<\/strong><\/p>\n<\/div>\n<div class=\"custom-text \" readability=\"41\">\n<p>El argentino alz\u00f3 por primera vez el t\u00edtulo en 2021, pero termin\u00f3 abandonando en las \u00faltimas dos ediciones. Por eso, luego del triunfo, pronunci\u00f3 unas palabras inmerso en una gran emoci\u00f3n. &#8220;Dicen que la categor\u00eda de los cuatriciclos est\u00e1 desapareciendo, pero f<strong>ue la m\u00e1s competitiva este a\u00f1o<\/strong>&#8220;, asegur\u00f3, pese a que la competencia termin\u00f3 con s\u00f3lo siete participantes sobre los terrenos \u00e1rabes.<\/p>\n<\/div>\n<p><h2><strong>Uno por uno, todos los ganadores argentinos en la categor\u00eda<\/strong><\/h2>\n<\/p>\n<div class=\"custom-text \" readability=\"35\">\n<p>And\u00fajar logr\u00f3 as\u00ed la octava estrella en la categor\u00eda que tiene a la Argentina como pa\u00eds m\u00e1s ganador. Las seis anteriores fueron logradas por<strong> Marcos Patronelli <\/strong>en 2010, 2013 y 2016; su hermano <strong>Alejandro <\/strong>en 2011 y 2012; y <strong>Nicol\u00e1s Cavigliasso <\/strong>en 2019.<\/p>\n<\/div>\n<div class=\"custom-text \" readability=\"38\">\n<p>En motos, el argentino <strong>Kevin Benavides <\/strong>(Red Bull KTM) gan\u00f3 el \u00faltimo parcial y termin\u00f3 cuarto en la clasificaci\u00f3n general, detr\u00e1s del nuevo campe\u00f3n, el estadounidense<strong> Ricky Brabec <\/strong>(Honda), el botsuano <strong>Ross Branch<\/strong> (Hero) y el franc\u00e9s<strong> Adrien van Bereven<\/strong> (Honda).<\/p>\n<\/div>\n<div class=\"custom-text \" readability=\"40\">\n<p>El salte\u00f1o, consagrado en 2021 y 2023, lider\u00f3 la \u00faltima etapa con un tiempo de 1h.48m.40s. para completar los 328 kil\u00f3metros (175 cronometrados), por delante del australiano<strong> Toby Price<\/strong> (Red Bull KTM) y su hermano<strong> Luciano Benavides <\/strong>(Husqvarna), quien complet\u00f3 el podio, dos puestos por arriba del riojano <strong>Diego Gamaliel Llanos<\/strong> (KTM).<\/p>\n<\/div>\n<div class=\"sc-e7b891c4-0 jPbnQF\"><img alt=\"And\u00fajar, con los colores de Boca. (EFE)\" src=\"http:\/\/cordobadirecto.com\/wp-content\/uploads\/2024\/01\/el-argentino-manuel-andujar-gano-por-segunda-vez-el-rally-dakar-en-cuatriciclos-1.jpg\" width=\"720\" height=\"100\" decoding=\"async\" data-nimg=\"future\" loading=\"lazy\"><span class=\"epigraphe\">And\u00fajar, con los colores de Boca. (EFE)<\/span><\/div>\n<div class=\"custom-text \" readability=\"34\">\n<p>Luciano finaliz\u00f3 en el s\u00e9ptimo lugar de la general y no pudo descontar la desventaja que ten\u00eda respecto de Price para igualar sus mejores actuaciones hist\u00f3ricas en la carrera: <strong>dos sextos puestos logrados en 2020 y 2023.<\/strong><\/p>\n<\/div>\n<div class=\"custom-text \" readability=\"38\">\n<p>El argentino <strong>Juan Cruz Yacopini<\/strong> (Toyota), d\u00e9cimo este viernes, termin\u00f3 el rally m\u00e1s exigente del mundo en el 28\u00b0 puesto del clasificador global de autos y<strong> Nicol\u00e1s Cavigliasso<\/strong>, junto a su pareja <strong>Valentina Pertegarini <\/strong>(Taurus), qued\u00f3 en el top ten (9\u00b0) de la divisi\u00f3n challenger.<\/p>\n<\/div>\n<div class=\"sc-a7166897-0 exHLBh\" readability=\"6\">\n<section readability=\"2\"><picture><img alt=\"Video: de tan tremendo palo en el Dakar se le parti\u00f3 la moto\" src=\"http:\/\/cordobadirecto.com\/wp-content\/uploads\/2024\/01\/el-argentino-manuel-andujar-gano-por-segunda-vez-el-rally-dakar-en-cuatriciclos-2.jpg\" width=\"290\" height=\"290\" decoding=\"async\" data-nimg=\"future\" loading=\"lazy\"><\/picture>\n<p><span>Mir\u00e1 tambi\u00e9n<\/span><\/p>\n<hr>\n<h3>Video: de tan tremendo palo en el Dakar se le parti\u00f3 la moto<\/h3>\n<\/p>\n<\/section>\n<\/div>\n<div class=\"sc-a7166897-0 exHLBh\" readability=\"6.5\">\n<section readability=\"3\"><picture><img alt=\"Muri\u00f3 Shawn Barber, campe\u00f3n mundial de salto con garrocha \" src=\"http:\/\/cordobadirecto.com\/wp-content\/uploads\/2024\/01\/el-argentino-manuel-andujar-gano-por-segunda-vez-el-rally-dakar-en-cuatriciclos-3.jpg\" width=\"290\" height=\"290\" decoding=\"async\" data-nimg=\"future\" loading=\"lazy\"><\/picture>\n<p><span>Mir\u00e1 tambi\u00e9n<\/span><\/p>\n<hr>\n<h3>Muri\u00f3 Shawn Barber, campe\u00f3n mundial de salto con garrocha <\/h3>\n<\/p>\n<\/section>\n<\/div>\n<div class=\"sc-a7166897-0 exHLBh\" readability=\"6\">\n<section readability=\"2\"><picture><img alt=\"Los Gladiadores salvaron un punto contra Chile y est\u00e1n a un paso del Mundial\" src=\"http:\/\/cordobadirecto.com\/wp-content\/uploads\/2024\/01\/el-argentino-manuel-andujar-gano-por-segunda-vez-el-rally-dakar-en-cuatriciclos-4.jpg\" width=\"290\" height=\"290\" decoding=\"async\" data-nimg=\"future\" loading=\"lazy\"><\/picture>\n<p><span>Mir\u00e1 tambi\u00e9n<\/span><\/p>\n<hr>\n<h3>Los Gladiadores salvaron un punto contra Chile y est\u00e1n a un paso del Mundial<\/h3>\n<\/p>\n<\/section>\n<\/div>\n<\/div>\n","protected":false},"excerpt":{"rendered":"<p>19\/01\/2024 11:17hs. Actualizado al 19\/01\/2024 11:19hs. Manuel And\u00fajar lo hizo de nuevo: se consagr\u00f3 campe\u00f3n del Rally Dakar 2024 en Arabia Saudita por segunda vez en su historia. El piloto argentino de Yamaha cubri\u00f3 el recorrido total de la prueba, es decir, unos 7.891 kil\u00f3metros (4.727 cronometrados), con un tiempo acumulado de 64 horas, 16 [&hellip;]<\/p>\n","protected":false},"author":1,"featured_media":147087,"comment_status":"closed","ping_status":"closed","sticky":false,"template":"","format":"standard","meta":[],"categories":[21],"tags":[],"_links":{"self":[{"href":"http:\/\/cordobadirecto.com\/index.php\/wp-json\/wp\/v2\/posts\/147086"}],"collection":[{"href":"http:\/\/cordobadirecto.com\/index.php\/wp-json\/wp\/v2\/posts"}],"about":[{"href":"http:\/\/cordobadirecto.com\/index.php\/wp-json\/wp\/v2\/types\/post"}],"author":[{"embeddable":true,"href":"http:\/\/cordobadirecto.com\/index.php\/wp-json\/wp\/v2\/users\/1"}],"replies":[{"embeddable":true,"href":"http:\/\/cordobadirecto.com\/index.php\/wp-json\/wp\/v2\/comments?post=147086"}],"version-history":[{"count":0,"href":"http:\/\/cordobadirecto.com\/index.php\/wp-json\/wp\/v2\/posts\/147086\/revisions"}],"wp:featuredmedia":[{"embeddable":true,"href":"http:\/\/cordobadirecto.com\/index.php\/wp-json\/wp\/v2\/media\/147087"}],"wp:attachment":[{"href":"http:\/\/cordobadirecto.com\/index.php\/wp-json\/wp\/v2\/media?parent=147086"}],"wp:term":[{"taxonomy":"category","embeddable":true,"href":"http:\/\/cordobadirecto.com\/index.php\/wp-json\/wp\/v2\/categories?post=147086"},{"taxonomy":"post_tag","embeddable":true,"href":"http:\/\/cordobadirecto.com\/index.php\/wp-json\/wp\/v2\/tags?post=147086"}],"curies":[{"name":"wp","href":"https:\/\/api.w.org\/{rel}","templated":true}]}}