{"id":147088,"date":"2024-01-18T21:17:21","date_gmt":"2024-01-18T21:17:21","guid":{"rendered":"https:\/\/www.ole.com.ar\/autos\/gomez-pallas-accidente-dakar-partio-moto-costilla_0_qkIDswvXok.html"},"modified":"2024-01-18T21:17:21","modified_gmt":"2024-01-18T21:17:21","slug":"video-de-tan-tremendo-palo-en-el-dakar-se-le-partio-la-moto","status":"publish","type":"post","link":"http:\/\/cordobadirecto.com\/index.php\/2024\/01\/18\/video-de-tan-tremendo-palo-en-el-dakar-se-le-partio-la-moto\/","title":{"rendered":"Video: de tan tremendo palo en el Dakar se le parti\u00f3 la moto"},"content":{"rendered":"<p><time class=\"createDate\" datetime=\"2024-01-18T18:17:21-03:00\">18\/01\/2024 18:17hs.<\/time><\/p>\n<div id=\"storyBody\">\n<div class=\"custom-text \" readability=\"39.037783375315\">\n<p>La aventura del venezolano radicado en Espa\u00f1a, Francisco G\u00f3mez Pallas, en el <a href=\"https:\/\/www.ole.com.ar\/tema\/dakar.html\" title=\"Dakar\" alt=\"Dakar\" class=\"slug\">Dakar 2024<\/a>, termin\u00f3 abruptamente este jueves, en <a href=\"https:\/\/www.ole.com.ar\/tema\/0Abxrsrq9B.html\" target=\"_self\" title=\"la und\u00e9cima etapa\" alt=\"la und\u00e9cima etapa\" rel=\"noopener\">la und\u00e9cima etapa<\/a>, a s\u00f3lo 12 kil\u00f3metros de la meta de la pen\u00faltima etapa. Sexto en la categor\u00eda Future Mission 1000, de veh\u00edculos propulsados con energ\u00eda renovable, el piloto estuvo cerca de terminar por quinta vez el rally <strong>pero una violenta ca\u00edda se lo neg\u00f3<\/strong>.<\/p>\n<\/div>\n<div class=\"custom-text \" readability=\"39\">\n<p><strong>Su moto el\u00e9ctrica termin\u00f3 -literalmente- partida en dos, y solo unida por la cadena<\/strong>. A pesar del tremendo accidente que se puede ver en el video, cuando la moto muerde una zona de piedras con su rueda trasera y vuela por los aires, el latinoamericano, dijo que solo sufri\u00f3 una costilla rota y que el &#8220;mayor dolor es no poder hacer los \u00faltimos 45 kil\u00f3metros para completar el proyecto&#8221;.<\/p>\n<\/div>\n<div class=\"sc-e7b891c4-0 jPbnQF\"><img alt=\"Fran G\u00f3mez Pallas.\" src=\"http:\/\/cordobadirecto.com\/wp-content\/uploads\/2024\/01\/video-de-tan-tremendo-palo-en-el-dakar-se-le-partio-la-moto.jpg\" width=\"720\" height=\"100\" decoding=\"async\" data-nimg=\"future\" loading=\"lazy\"><span class=\"epigraphe\">Fran G\u00f3mez Pallas.<\/span><\/div>\n<div class=\"custom-text \" readability=\"38\">\n<p>El piloto carball\u00e9s<strong> estaba atravesando por su octava participaci\u00f3n<\/strong>, por primera vez con una moto el\u00e9ctrica, lanzando un mensaje de sostenibilidad. Su equipo es el Green Power Race Team, con un amplio n\u00famero de participantes y de patrocinadores. Presume de ser &#8220;el primer equipo 100% sostenible en la historia del Dakar&#8221;. Al menos se dio el gusto de ganar el pr\u00f3logo de la categor\u00eda M1000.<\/p>\n<\/div>\n<p><h2>Un piloto con experiencia<\/h2>\n<\/p>\n<div class=\"custom-text \" readability=\"40\">\n<p>G\u00f3mez Pallas atesora una amplia curr\u00edcula. Lleva m\u00e1s de 25 a\u00f1os compitiendo en fuera de psita, fue campe\u00f3n gallego de motocross, y en siete campeonatos de Espa\u00f1a de la especialidad qued\u00f3 entre los 15 o 20 primeros. Tambi\u00e9n logr\u00f3 un buen puesto en Portugal, y <strong>durante tres a\u00f1os compiti\u00f3 en el enduro de Le Touquet, en Normand\u00eda<\/strong>, y logr\u00f3 un puesto 27 entre mil participantes en la categor\u00eda de 125 cent\u00edmetros c\u00fabicos.<\/p>\n<\/div>\n<div class=\"sc-e7b891c4-0 jPbnQF\"><img alt=\"Fran G\u00f3mez Pallas.\" src=\"http:\/\/cordobadirecto.com\/wp-content\/uploads\/2024\/01\/video-de-tan-tremendo-palo-en-el-dakar-se-le-partio-la-moto-1.jpg\" width=\"720\" height=\"100\" decoding=\"async\" data-nimg=\"future\" loading=\"lazy\"><span class=\"epigraphe\">Fran G\u00f3mez Pallas.<\/span><\/div>\n<div class=\"custom-text \" readability=\"39\">\n<p>De sus siete participaciones en el Dakar en moto, cinco fueron en \u00c1frica y dos en Sudam\u00e9rica. Obtuvo un cuarto puesto como mejor resultado de etapa, y 19 entre 280 pilotos. <strong>Tiene amplia experiencia en competiciones de Dirt Track<\/strong>, particip\u00f3 cuatro temporadas en el campeonato gallego de jet ski (logr\u00f3 podio). Fue paracaidista, disput\u00f3 pruebas de bicicleta de monta\u00f1a y tiene experiencia en esqu\u00ed acu\u00e1tico.<\/p>\n<\/div>\n<div type=\"embed\" class=\"sc-7ce6049-0 dwIKul\">\n<div class=\"sc-7ce6049-1 bdcBBS videoText\" id=\"contentTitleembedCdlGNcZX\" type=\"embed\"><svg fill=\"#ffffff\"><symbol id=\"play\" viewBox=\"0 0 512 512\"><path d=\"M512 256C512 397.4 397.4 512 256 512C114.6 512 0 397.4 0 256C0 114.6 114.6 0 256 0C397.4 0 512 114.6 512 256zM176 168V344C176 352.7 180.7 360.7 188.3 364.9C195.8 369.2 205.1 369 212.5 364.5L356.5 276.5C363.6 272.1 368 264.4 368 256C368 247.6 363.6 239.9 356.5 235.5L212.5 147.5C205.1 142.1 195.8 142.8 188.3 147.1C180.7 151.3 176 159.3 176 168V168z\" \/><\/symbol><use xlink:href=\"#play\" \/><\/svg><\/p>\n<div class=\"right\">\n<p>Rally Dakar<!-- --> &#8211;<!-- --> <span>18-1-2024<\/span><\/p>\n<h2 class=\"title-vid\">Dakar: palo tremendo y se le parti\u00f3 la moto<\/h2>\n<\/div>\n<\/div>\n<p><span class=\"back\" id=\"spanBackembedCdlGNcZX\"><\/span><\/div>\n<div class=\"custom-text \" readability=\"37\">\n<p>Con la octava participaci\u00f3n el Dakar, se convirti\u00f3 en el \u00fanico piloto gallego en haber pasado por \u00c1frica, Am\u00e9rica y Asia en esta prueba, adem\u00e1s de ser el primer espa\u00f1ol en acudir con moto el\u00e9ctrica y pionero junto a otros equipos.<\/p>\n<\/div>\n<div class=\"sc-a7166897-0 exHLBh\" readability=\"6\">\n<section readability=\"2\"><picture><img alt=\"Dakar: And\u00fajar gan\u00f3 la etapa 10 y se acerca al t\u00edtulo\" src=\"http:\/\/cordobadirecto.com\/wp-content\/uploads\/2024\/01\/video-de-tan-tremendo-palo-en-el-dakar-se-le-partio-la-moto-2.jpg\" width=\"290\" height=\"290\" decoding=\"async\" data-nimg=\"future\" loading=\"lazy\"><\/picture>\n<p><span>Mir\u00e1 tambi\u00e9n<\/span><\/p>\n<hr>\n<h3>Dakar: And\u00fajar gan\u00f3 la etapa 10 y se acerca al t\u00edtulo<\/h3>\n<\/p>\n<\/section>\n<\/div>\n<div class=\"sc-a7166897-0 exHLBh\" readability=\"6\">\n<section readability=\"2\"><picture><img alt=\"Dakar: con amor y dolor pero siga-siga\" src=\"http:\/\/cordobadirecto.com\/wp-content\/uploads\/2024\/01\/video-de-tan-tremendo-palo-en-el-dakar-se-le-partio-la-moto-3.jpg\" width=\"290\" height=\"290\" decoding=\"async\" data-nimg=\"future\" loading=\"lazy\"><\/picture>\n<p><span>Mir\u00e1 tambi\u00e9n<\/span><\/p>\n<hr>\n<h3>Dakar: con amor y dolor pero siga-siga<\/h3>\n<\/p>\n<\/section>\n<\/div>\n<div class=\"sc-a7166897-0 exHLBh\" readability=\"7\">\n<section readability=\"4\"><picture><img alt=\"\u00a1Y dale vos! And\u00fajar, el fana de Boca, a un paso de ganar el Dakar\" src=\"http:\/\/cordobadirecto.com\/wp-content\/uploads\/2024\/01\/video-de-tan-tremendo-palo-en-el-dakar-se-le-partio-la-moto-4.jpg\" width=\"290\" height=\"290\" decoding=\"async\" data-nimg=\"future\" loading=\"lazy\"><\/picture>\n<p><span>Mir\u00e1 tambi\u00e9n<\/span><\/p>\n<hr>\n<h3>\u00a1Y dale vos! And\u00fajar, el fana de Boca, a un paso de ganar el Dakar<\/h3>\n<\/p>\n<\/section>\n<\/div>\n<\/div>\n","protected":false},"excerpt":{"rendered":"<p>18\/01\/2024 18:17hs. La aventura del venezolano radicado en Espa\u00f1a, Francisco G\u00f3mez Pallas, en el Dakar 2024, termin\u00f3 abruptamente este jueves, en la und\u00e9cima etapa, a s\u00f3lo 12 kil\u00f3metros de la meta de la pen\u00faltima etapa. Sexto en la categor\u00eda Future Mission 1000, de veh\u00edculos propulsados con energ\u00eda renovable, el piloto estuvo cerca de terminar por [&hellip;]<\/p>\n","protected":false},"author":1,"featured_media":147089,"comment_status":"closed","ping_status":"closed","sticky":false,"template":"","format":"standard","meta":[],"categories":[21],"tags":[],"_links":{"self":[{"href":"http:\/\/cordobadirecto.com\/index.php\/wp-json\/wp\/v2\/posts\/147088"}],"collection":[{"href":"http:\/\/cordobadirecto.com\/index.php\/wp-json\/wp\/v2\/posts"}],"about":[{"href":"http:\/\/cordobadirecto.com\/index.php\/wp-json\/wp\/v2\/types\/post"}],"author":[{"embeddable":true,"href":"http:\/\/cordobadirecto.com\/index.php\/wp-json\/wp\/v2\/users\/1"}],"replies":[{"embeddable":true,"href":"http:\/\/cordobadirecto.com\/index.php\/wp-json\/wp\/v2\/comments?post=147088"}],"version-history":[{"count":0,"href":"http:\/\/cordobadirecto.com\/index.php\/wp-json\/wp\/v2\/posts\/147088\/revisions"}],"wp:featuredmedia":[{"embeddable":true,"href":"http:\/\/cordobadirecto.com\/index.php\/wp-json\/wp\/v2\/media\/147089"}],"wp:attachment":[{"href":"http:\/\/cordobadirecto.com\/index.php\/wp-json\/wp\/v2\/media?parent=147088"}],"wp:term":[{"taxonomy":"category","embeddable":true,"href":"http:\/\/cordobadirecto.com\/index.php\/wp-json\/wp\/v2\/categories?post=147088"},{"taxonomy":"post_tag","embeddable":true,"href":"http:\/\/cordobadirecto.com\/index.php\/wp-json\/wp\/v2\/tags?post=147088"}],"curies":[{"name":"wp","href":"https:\/\/api.w.org\/{rel}","templated":true}]}}