{"id":147096,"date":"2024-01-19T22:26:40","date_gmt":"2024-01-19T22:26:40","guid":{"rendered":"https:\/\/cordoba.gob.ar\/?p=54842"},"modified":"2024-01-19T22:26:40","modified_gmt":"2024-01-19T22:26:40","slug":"passerini-cordoba-sera-la-primera-ciudad-asociada-al-observatorio-hidro-meteorologico-de-la-provincia","status":"publish","type":"post","link":"http:\/\/cordobadirecto.com\/index.php\/2024\/01\/19\/passerini-cordoba-sera-la-primera-ciudad-asociada-al-observatorio-hidro-meteorologico-de-la-provincia\/","title":{"rendered":"Passerini: \u201cC\u00f3rdoba ser\u00e1 la primera ciudad asociada al Observatorio Hidro-Meteorol\u00f3gico de la Provincia\u201d"},"content":{"rendered":"<div><img src=\"http:\/\/cordobadirecto.com\/wp-content\/uploads\/2024\/01\/passerini-cordoba-sera-la-primera-ciudad-asociada-al-observatorio-hidro-meteorologico-de-la-provincia.jpg\" class=\"ff-og-image-inserted\"><\/div>\n<p>El intendente Daniel Passerini recorri\u00f3 las instalaciones del Observatorio Hidro-Meteorol\u00f3gico, organismo dedicado al monitoreo y prevenci\u00f3n de eventos clim\u00e1ticos severos en la Provincia de C\u00f3rdoba y la Regi\u00f3n Centro del pa\u00eds.<\/p>\n<p>Durante su visita, personal del Observatorio detall\u00f3 el funcionamiento de la instituci\u00f3n y la utilidad de la anticipaci\u00f3n de eventos para una r\u00e1pida actuaci\u00f3n y protecci\u00f3n en caso de inundaciones, sequ\u00edas, incendios, tormentas el\u00e9ctricas, entre otros fen\u00f3menos.<\/p>\n<p>Passerini remarc\u00f3 la decisi\u00f3n pol\u00edtica de formar parte de la red: <em>\u201cC\u00f3rdoba ser\u00e1 la primera ciudad en asociarse al Observatorio, una medida que ampliar\u00e1 las mediciones climatol\u00f3gicas que se desarrollan en la ciudad y colaborar\u00e1 en la prevenci\u00f3n de desastres naturales y el cuidado de los vecinos\u201d<\/em>.<\/p>\n<p>La instituci\u00f3n provincial est\u00e1 compuesta por m\u00e1s de 20 organizaciones p\u00fablicas y privadas que colaboran en la generaci\u00f3n de informaci\u00f3n, alertas y recomendaciones para la gesti\u00f3n de riesgo clim\u00e1tico.<\/p>\n<p>El intendente estuvo acompa\u00f1ado del secretario de Infraestructura H\u00eddrica de la Provincia, Edgar Castell\u00f3; del secretario de Seguridad y Prevenci\u00f3n Comunitaria, Claudio Vignetta; del secretario de Ciudad Inteligente y Transformaci\u00f3n Digital, Ignacio Gei; y Andr\u00e9s Rodr\u00edguez, coordinador del Observatorio Hidro-Meteorol\u00f3gico de la Provincia de C\u00f3rdoba.<\/p>\n","protected":false},"excerpt":{"rendered":"<p>El intendente Daniel Passerini recorri\u00f3 las instalaciones del Observatorio Hidro-Meteorol\u00f3gico, organismo dedicado al monitoreo y prevenci\u00f3n de eventos clim\u00e1ticos severos en la Provincia de C\u00f3rdoba y la Regi\u00f3n Centro del pa\u00eds. Durante su visita, personal del Observatorio detall\u00f3 el funcionamiento de la instituci\u00f3n y la utilidad de la anticipaci\u00f3n de eventos para una r\u00e1pida actuaci\u00f3n [&hellip;]<\/p>\n","protected":false},"author":1,"featured_media":147097,"comment_status":"closed","ping_status":"closed","sticky":false,"template":"","format":"standard","meta":[],"categories":[44],"tags":[],"_links":{"self":[{"href":"http:\/\/cordobadirecto.com\/index.php\/wp-json\/wp\/v2\/posts\/147096"}],"collection":[{"href":"http:\/\/cordobadirecto.com\/index.php\/wp-json\/wp\/v2\/posts"}],"about":[{"href":"http:\/\/cordobadirecto.com\/index.php\/wp-json\/wp\/v2\/types\/post"}],"author":[{"embeddable":true,"href":"http:\/\/cordobadirecto.com\/index.php\/wp-json\/wp\/v2\/users\/1"}],"replies":[{"embeddable":true,"href":"http:\/\/cordobadirecto.com\/index.php\/wp-json\/wp\/v2\/comments?post=147096"}],"version-history":[{"count":0,"href":"http:\/\/cordobadirecto.com\/index.php\/wp-json\/wp\/v2\/posts\/147096\/revisions"}],"wp:featuredmedia":[{"embeddable":true,"href":"http:\/\/cordobadirecto.com\/index.php\/wp-json\/wp\/v2\/media\/147097"}],"wp:attachment":[{"href":"http:\/\/cordobadirecto.com\/index.php\/wp-json\/wp\/v2\/media?parent=147096"}],"wp:term":[{"taxonomy":"category","embeddable":true,"href":"http:\/\/cordobadirecto.com\/index.php\/wp-json\/wp\/v2\/categories?post=147096"},{"taxonomy":"post_tag","embeddable":true,"href":"http:\/\/cordobadirecto.com\/index.php\/wp-json\/wp\/v2\/tags?post=147096"}],"curies":[{"name":"wp","href":"https:\/\/api.w.org\/{rel}","templated":true}]}}