{"id":147100,"date":"2024-01-19T23:04:25","date_gmt":"2024-01-19T23:04:25","guid":{"rendered":"http:\/\/cordobadirecto.com\/index.php\/2024\/01\/19\/dengue-en-cordoba-ya-son-165-los-casos-en-lo-que-va-de-la-temporada-fenix\/"},"modified":"2024-01-19T23:04:25","modified_gmt":"2024-01-19T23:04:25","slug":"dengue-en-cordoba-ya-son-165-los-casos-en-lo-que-va-de-la-temporada-fenix","status":"publish","type":"post","link":"http:\/\/cordobadirecto.com\/index.php\/2024\/01\/19\/dengue-en-cordoba-ya-son-165-los-casos-en-lo-que-va-de-la-temporada-fenix\/","title":{"rendered":"Dengue en <b>C\u00f3rdoba<\/b>: ya son 165 los casos en lo que va de la temporada &#8211; Fenix"},"content":{"rendered":"<p>La AMP mantuvo durante la presente semana reuniones en las cuales se analiz\u00f3 el momento pol\u00edtico, <b>econ\u00f3mico<\/b> y social. &#8230; <b>nueva<\/b> valoraci\u00f3n\u201d, explic\u00f3&nbsp;&#8230; <\/p>\n","protected":false},"excerpt":{"rendered":"<p>La AMP mantuvo durante la presente semana reuniones en las cuales se analiz\u00f3 el momento pol\u00edtico, econ\u00f3mico y social. &#8230; nueva valoraci\u00f3n\u201d, explic\u00f3&nbsp;&#8230;<\/p>\n","protected":false},"author":1,"featured_media":0,"comment_status":"closed","ping_status":"closed","sticky":false,"template":"","format":"standard","meta":[],"categories":[40],"tags":[],"_links":{"self":[{"href":"http:\/\/cordobadirecto.com\/index.php\/wp-json\/wp\/v2\/posts\/147100"}],"collection":[{"href":"http:\/\/cordobadirecto.com\/index.php\/wp-json\/wp\/v2\/posts"}],"about":[{"href":"http:\/\/cordobadirecto.com\/index.php\/wp-json\/wp\/v2\/types\/post"}],"author":[{"embeddable":true,"href":"http:\/\/cordobadirecto.com\/index.php\/wp-json\/wp\/v2\/users\/1"}],"replies":[{"embeddable":true,"href":"http:\/\/cordobadirecto.com\/index.php\/wp-json\/wp\/v2\/comments?post=147100"}],"version-history":[{"count":0,"href":"http:\/\/cordobadirecto.com\/index.php\/wp-json\/wp\/v2\/posts\/147100\/revisions"}],"wp:attachment":[{"href":"http:\/\/cordobadirecto.com\/index.php\/wp-json\/wp\/v2\/media?parent=147100"}],"wp:term":[{"taxonomy":"category","embeddable":true,"href":"http:\/\/cordobadirecto.com\/index.php\/wp-json\/wp\/v2\/categories?post=147100"},{"taxonomy":"post_tag","embeddable":true,"href":"http:\/\/cordobadirecto.com\/index.php\/wp-json\/wp\/v2\/tags?post=147100"}],"curies":[{"name":"wp","href":"https:\/\/api.w.org\/{rel}","templated":true}]}}