{"id":147101,"date":"2024-01-19T21:51:00","date_gmt":"2024-01-19T21:51:00","guid":{"rendered":"http:\/\/cordobadirecto.com\/index.php\/2024\/01\/19\/unicef-senala-el-nacimiento-de-bebes-en-condiciones-inconcebibles-en-gaza\/"},"modified":"2024-01-19T21:51:00","modified_gmt":"2024-01-19T21:51:00","slug":"unicef-senala-el-nacimiento-de-bebes-en-condiciones-inconcebibles-en-gaza","status":"publish","type":"post","link":"http:\/\/cordobadirecto.com\/index.php\/2024\/01\/19\/unicef-senala-el-nacimiento-de-bebes-en-condiciones-inconcebibles-en-gaza\/","title":{"rendered":"Unicef se\u00f1ala el nacimiento de beb\u00e9s en condiciones &#8220;inconcebibles&#8221; en Gaza"},"content":{"rendered":"<figure class=\"mb-3\"><img loading=\"lazy\" data-src=\"http:\/\/cordobadirecto.com\/wp-content\/uploads\/2024\/01\/unicef-senala-el-nacimiento-de-bebes-en-condiciones-inconcebibles-en-gaza.jpg\" src=\"https:\/\/www.telam.com.ar\/assets\/img\/not_image.png\" class=\" lazy \" width=\"100%\" height=\"100%\" alt=\"Foto AFP\"><figcaption> Foto: AFP. <\/figcaption><\/figure>\n<p>Unicef denunci\u00f3 este viernes que miles de beb\u00e9s nacen en condiciones &#8220;inconcebibles&#8221; en Gaza desde que estall\u00f3 la guerra hace m\u00e1s de tres meses y que unos 135.000 menores de dos a\u00f1os est\u00e1n en &#8220;riesgo de desnutrici\u00f3n grave&#8221;, mientras Israel continu\u00f3 su ofensiva contra el movimiento islamista Hamas en el enclave palestino, donde hasta ahora murieron casi 25.000 personas.<\/p>\n<p>&#8220;Convertirse en madre deber\u00eda ser un momento de celebraci\u00f3n. En Gaza, es un nuevo ni\u00f1o nacido en el infierno&#8221;, afirm\u00f3 la portavoz de la agencia de la ONU para la infancia, Tess Ingram, a los periodistas en Ginebra por videoconferencia desde Om\u00e1n, tras un reciente visita a la Franja de Gaza.<\/p>\n<p>Seg\u00fan Ingram, casi 20.000 ni\u00f1os nacieron desde el 7 de octubre, cuando estall\u00f3 el conflicto, lo que &#8220;significa que un beb\u00e9 nace en esta horrible guerra cada 10 minutos&#8221;.<\/p>\n<blockquote class><p>La ofensiva israel\u00ed en la Franja continu\u00f3 en la madrugada de este viernes principalmente en la zona de Khan Yunis, la ciudad m\u00e1s importante del sur del enclave palestino y donde se han concentrado los combates de las \u00faltimas horas, que dejaron casi 150 muertos<\/p><\/blockquote>\n<p>&#8220;Las madres se enfrentan a desaf\u00edos inimaginables para acceder a una atenci\u00f3n m\u00e9dica, nutrici\u00f3n, protecci\u00f3n adecuadas antes, durante y despu\u00e9s del parto&#8221;, afirm\u00f3.<\/p>\n<p>Tambi\u00e9n denunci\u00f3 que las mujeres embarazadas, las que amamantan y los ni\u00f1os viven en &#8220;condiciones inhumanas, incluso en refugios improvisados, con una nutrici\u00f3n deficiente y agua insalubre&#8221;.<\/p>\n<p>&#8220;Esto pone a unos 135.000 ni\u00f1os menores de dos a\u00f1os en riesgo de desnutrici\u00f3n grave&#8221;, declar\u00f3.<\/p>\n<p>&#8220;La humanidad no puede permitir que esta versi\u00f3n distorsionada de la normalidad persista m\u00e1s tiempo. Las madres y los reci\u00e9n nacidos necesitan un alto el fuego humanitario&#8221;, subray\u00f3.<\/p>\n<figure class=\"mb-3\"><img loading=\"lazy\" data-src=\"http:\/\/cordobadirecto.com\/wp-content\/uploads\/2024\/01\/unicef-senala-el-nacimiento-de-bebes-en-condiciones-inconcebibles-en-gaza-1.jpg\" src=\"https:\/\/www.telam.com.ar\/assets\/img\/not_image.png\" class=\" lazy \" width=\"100%\" height=\"100%\" alt=\"Foto AFP\"><figcaption> Foto: AFP. <\/figcaption><\/figure>\n<p>La ONU ya ha expresado en numerosas ocasiones su preocupaci\u00f3n por la situaci\u00f3n humanitaria en Gaza, donde Israel lleva adelante una ofensiva contra Hamas tras los ataques de milicianos de ese grupo islamista del 7 de octubre, cuando asesinaron a 1.200 personas y secuestraron a unas 240, entre ellas una veintena de argentinos.<\/p>\n<p>Adem\u00e1s, Israel mantiene desde el 9 de octubre un &#8220;asedio completo&#8221; al territorio palestino, impidiendo la entrada de agua, alimentos, medicamentos y combustible, salvo excepciones originadas en negociaciones o tareas de mediaci\u00f3n de terceros pa\u00edses.<\/p>\n<p>El director general de la Organizaci\u00f3n Mundial de la Salud (OMS), Tedros Adhanom Ghebreyesus, advirti\u00f3 sobre la &#8220;explosiva&#8221; situaci\u00f3n sanitaria que se est\u00e1 creando, y report\u00f3 que en las \u00faltimas horas se detectaron 24 casos de hepatitis A, pero se espera que la cifra aumente, inform\u00f3 la agencia de noticias Europa Press.<\/p>\n<blockquote class=\"twitter-tweet\" readability=\"11.392405063291\">\n<p lang=\"en\" dir=\"ltr\">\u201cBecoming a mother should be a time for celebration. In Gaza, it&#8217;s another child delivered into hell.<\/p>\n<p>Humanity cannot allow this warped version of normal to persist any longer. Mothers and newborns need a humanitarian ceasefire.\u201d<\/p>\n<p>UNICEF Communication Specialist Tess Ingram.\u2026<\/p>\n<p>\u2014 UNICEF (@UNICEF) <a href=\"https:\/\/twitter.com\/UNICEF\/status\/1748387320087167136?ref_src=twsrc%5Etfw\">January 19, 2024<\/a><\/p><\/blockquote>\n<p>&#8220;Las condiciones de vida inhumanas permitir\u00e1n que la hepatitis A se propague a\u00fan m\u00e1s y ponen de manifiesto lo explosivamente peligroso que es el entorno para la propagaci\u00f3n de enfermedades&#8221;, asegur\u00f3 en la red social X.<\/p>\n<p>Adem\u00e1s, advirti\u00f3 que la detecci\u00f3n de las enfermedades es limitada debido a que no hay laboratorios funcionando en el enclave y el acceso limitado de ayuda m\u00e9dica impide una respuesta apropiada.<\/p>\n<p>La ofensiva israel\u00ed en la Franja continu\u00f3 en la madrugada de este viernes principalmente en la zona de Khan Yunis, la ciudad m\u00e1s importante del sur del enclave palestino y donde se han concentrado los combates de las \u00faltimas horas, que dejaron casi 150 muertos.<\/p>\n<p>Al menos 24.762 personas murieron en la Franja de Gaza desde el 7 de octubre, seg\u00fan el \u00faltimo balance del Ministerio de Salud gazat\u00ed.<\/p>\n<figure class=\"mb-3\"><img loading=\"lazy\" data-src=\"http:\/\/cordobadirecto.com\/wp-content\/uploads\/2024\/01\/unicef-senala-el-nacimiento-de-bebes-en-condiciones-inconcebibles-en-gaza-2.jpg\" src=\"https:\/\/www.telam.com.ar\/assets\/img\/not_image.png\" class=\" lazy \" width=\"100%\" height=\"100%\" alt=\"Foto AFP\"><figcaption> Foto: AFP. <\/figcaption><\/figure>\n<p>Testigos citados por la agencia de noticias AFP informaron que esta madrugada hubo intensos tiroteos y bombardeos en Khan Yunis, donde Israel afirma que se esconden l\u00edderes de Hamas, que gobierna el enclave palestino desde 2007.<\/p>\n<p>El Ej\u00e9rcito israel\u00ed, por su parte, indic\u00f3 que tambi\u00e9n se estaban produciendo combates y bombardeos en el norte del territorio, donde &#8220;las fuerzas a\u00e9reas y terrestres mataron a varios terroristas&#8221;, entre ellos el n\u00famero dos de la rama de propaganda de la Yihad Isl\u00e1mica, Uael Abu Fanuna.<\/p>\n<p>Por otra parte, confirm\u00f3 la muerte de Ori Gerby, un militar herido el 17 de octubre durante &#8220;combates en el sur de la Franja de Gaza&#8221;, lo que eleva a cerca de 195 los soldados muertos en combate desde el inicio de la ofensiva.<\/p>\n<p>A m\u00e1s de tres meses del inicio de la guerra, varios pa\u00edses intentan buscar una soluci\u00f3n al conflicto y el presidente estadounidense, Joe Biden, habl\u00f3 por tel\u00e9fono con el primer ministro israel\u00ed, Benjamin Netanyahu, la primera conversaci\u00f3n entre ambos en casi un mes.<\/p>\n<figure class=\"mb-3\"><img loading=\"lazy\" data-src=\"http:\/\/cordobadirecto.com\/wp-content\/uploads\/2024\/01\/unicef-senala-el-nacimiento-de-bebes-en-condiciones-inconcebibles-en-gaza-3.jpg\" src=\"https:\/\/www.telam.com.ar\/assets\/img\/not_image.png\" class=\" lazy \" width=\"100%\" height=\"100%\" alt=\"Foto AFP\"><figcaption> Foto: AFP. <\/figcaption><\/figure>\n<p>En ese contexto, los ministros de Relaciones Exteriores de la Uni\u00f3n Europea (UE) invitaron para el lunes pr\u00f3ximo a sus pares de Israel y de varios pa\u00edses \u00e1rabes, incluida la Autoridad Nacional Palestina (ANP), para contactos &#8220;informales&#8221; sobre la situaci\u00f3n en Medio Oriente.<\/p>\n<p>&#8220;Los ministros har\u00e1n tambi\u00e9n una reflexi\u00f3n sobre (&#8230;) un posible plan de paz y una conferencia de paz, as\u00ed como la necesidad de pasos concretos para revivir la soluci\u00f3n de dos Estados&#8221;, apunt\u00f3 el Consejo Europeo.<\/p>\n<p>Por su parte, el alto representante para Pol\u00edtica Exterior de la UE, Josep Borrell, acus\u00f3 este viernes a Israel de financiar a Hamas en su intento por debilitar a la ANP, que gobierna en Cisjordania, y para impedir la creaci\u00f3n de un Estado palestino.<\/p>\n<p>&#8220;Creemos que una soluci\u00f3n de dos estados debe ser impuesta desde el exterior para traer la paz&#8221;, dijo durante su discurso en la Universidad de Valladolid, donde fue nombrado Doctor Honoris Causa.<\/p>\n<figure class=\"mb-3\"><img loading=\"lazy\" data-src=\"http:\/\/cordobadirecto.com\/wp-content\/uploads\/2024\/01\/unicef-senala-el-nacimiento-de-bebes-en-condiciones-inconcebibles-en-gaza-4.jpg\" src=\"https:\/\/www.telam.com.ar\/assets\/img\/not_image.png\" class=\" lazy \" width=\"100%\" height=\"100%\" alt=\"Foto AFP\"><figcaption> Foto: AFP. <\/figcaption><\/figure>\n<p>Borrell defendi\u00f3 as\u00ed la creaci\u00f3n de un Estado palestino junto a uno israel\u00ed como soluci\u00f3n al conflicto, tal como han venido abogando Estados Unidos o la ONU, y a la que se opone el gobierno de Netanyahu.<\/p>\n<p>El jefe de la diplomacia de la UE dijo este viernes que Israel, en su af\u00e1n por impedir la creaci\u00f3n de un Estado palestino, &#8220;ha llegado a crear Hamas&#8221;.<\/p>\n<p>&#8220;Hamas ha sido financiado por el Gobierno de Israel para intentar debilitar a la Autoridad Palestina de (Al) Fatah&#8221;, apunt\u00f3.<\/p>\n<p>Netanyahu dijo este jueves que le hab\u00eda transmitido a Estados Unidos su rechazo a la conformaci\u00f3n de un Estado palestino porque consider\u00f3 que &#8220;perjudica la seguridad de Israel&#8221;.<\/p>\n<blockquote class=\"twitter-tweet\" readability=\"8.6980609418283\">\n<p lang=\"en\" dir=\"ltr\">As the risk of famine in <a href=\"https:\/\/twitter.com\/hashtag\/Gaza?src=hash&amp;ref_src=twsrc%5Etfw\">#Gaza<\/a> grows, and more people are exposed to deadly disease outbreaks, a fundamental step change in the flow of humanitarian aid into the Strip is urgently needed:<br \/>-opening of new entry routes<br \/>-more trucks being allowed through border checks each day\u2026 <a href=\"https:\/\/t.co\/Mp1AQPSSqs\">pic.twitter.com\/Mp1AQPSSqs<\/a><\/p>\n<p>\u2014 Tedros Adhanom Ghebreyesus (@DrTedros) <a href=\"https:\/\/twitter.com\/DrTedros\/status\/1746986340611199320?ref_src=twsrc%5Etfw\">January 15, 2024<\/a><\/p><\/blockquote>\n<p>El vocero de la Presidencia de la ANP, Nabil Abu Rudeina, advirti\u00f3 que no habr\u00e1 estabilidad en Medio Oriente mientras no haya reconocimiento de un Estado palestino.<\/p>\n<p>&#8220;Sin el establecimiento de un Estado palestino independiente con Jerusal\u00e9n Este como su capital y con las fronteras de 1967 no habr\u00e1 seguridad ni estabilidad en la regi\u00f3n&#8221;, expres\u00f3 Rudeina, citado por la agencia de noticias palestina Wafa.<\/p>\n<p>Adem\u00e1s, dijo que las palabras de Netanyahu confirman que &#8220;este Gobierno (israel\u00ed) est\u00e1 decidido a empujar a la regi\u00f3n entera al abismo&#8221;, y culp\u00f3 a las &#8220;agresivas pol\u00edticas&#8221; israel\u00edes por la grave situaci\u00f3n de inestabilidad regional.<\/p>\n<figure class=\"mb-3\"><img loading=\"lazy\" data-src=\"http:\/\/cordobadirecto.com\/wp-content\/uploads\/2024\/01\/unicef-senala-el-nacimiento-de-bebes-en-condiciones-inconcebibles-en-gaza-5.jpg\" src=\"https:\/\/www.telam.com.ar\/assets\/img\/not_image.png\" class=\" lazy \" width=\"100%\" height=\"100%\" alt=\"Telam SE\"><figcaption><\/figcaption><\/figure>\n<p>La comunidad internacional teme una conflagraci\u00f3n regional, con cruces de disparos diarios con la milicia chiita Hezbollah en la frontera entre Israel y el L\u00edbano, los ataques de los rebeldes hut\u00edes en el mar Rojo y la intensificaci\u00f3n de la respuesta estadounidense en Yemen.<\/p>\n<p>Los hut\u00edes aseguraron este viernes que no atacar\u00e1n los barcos comerciales de China y Rusia que transiten por esa v\u00eda, por donde pasa el 12% del comercio mar\u00edtimo mundial, y reiteraron que su objetivo es que se detenga &#8220;la carnicer\u00eda&#8221; que Israel &#8220;est\u00e1 perpetrando en la Franja de Gaza&#8221;, al tiempo que reivindicaron su autor\u00eda en un nuevo ataque contra un buque comercial de Estados Unidos. <\/p>\n","protected":false},"excerpt":{"rendered":"<p>Foto: AFP. Unicef denunci\u00f3 este viernes que miles de beb\u00e9s nacen en condiciones &#8220;inconcebibles&#8221; en Gaza desde que estall\u00f3 la guerra hace m\u00e1s de tres meses y que unos 135.000 menores de dos a\u00f1os est\u00e1n en &#8220;riesgo de desnutrici\u00f3n grave&#8221;, mientras Israel continu\u00f3 su ofensiva contra el movimiento islamista Hamas en el enclave palestino, donde [&hellip;]<\/p>\n","protected":false},"author":1,"featured_media":147102,"comment_status":"closed","ping_status":"closed","sticky":false,"template":"","format":"standard","meta":[],"categories":[24],"tags":[],"_links":{"self":[{"href":"http:\/\/cordobadirecto.com\/index.php\/wp-json\/wp\/v2\/posts\/147101"}],"collection":[{"href":"http:\/\/cordobadirecto.com\/index.php\/wp-json\/wp\/v2\/posts"}],"about":[{"href":"http:\/\/cordobadirecto.com\/index.php\/wp-json\/wp\/v2\/types\/post"}],"author":[{"embeddable":true,"href":"http:\/\/cordobadirecto.com\/index.php\/wp-json\/wp\/v2\/users\/1"}],"replies":[{"embeddable":true,"href":"http:\/\/cordobadirecto.com\/index.php\/wp-json\/wp\/v2\/comments?post=147101"}],"version-history":[{"count":0,"href":"http:\/\/cordobadirecto.com\/index.php\/wp-json\/wp\/v2\/posts\/147101\/revisions"}],"wp:featuredmedia":[{"embeddable":true,"href":"http:\/\/cordobadirecto.com\/index.php\/wp-json\/wp\/v2\/media\/147102"}],"wp:attachment":[{"href":"http:\/\/cordobadirecto.com\/index.php\/wp-json\/wp\/v2\/media?parent=147101"}],"wp:term":[{"taxonomy":"category","embeddable":true,"href":"http:\/\/cordobadirecto.com\/index.php\/wp-json\/wp\/v2\/categories?post=147101"},{"taxonomy":"post_tag","embeddable":true,"href":"http:\/\/cordobadirecto.com\/index.php\/wp-json\/wp\/v2\/tags?post=147101"}],"curies":[{"name":"wp","href":"https:\/\/api.w.org\/{rel}","templated":true}]}}