{"id":147107,"date":"2024-01-20T06:22:02","date_gmt":"2024-01-20T06:22:02","guid":{"rendered":"http:\/\/estaciontrip.com.ar\/?p=8437"},"modified":"2024-01-20T06:22:02","modified_gmt":"2024-01-20T06:22:02","slug":"hace-207-anos-san-martin-iniciaba-en-mendoza-el-cruce-de-los-andes","status":"publish","type":"post","link":"http:\/\/cordobadirecto.com\/index.php\/2024\/01\/20\/hace-207-anos-san-martin-iniciaba-en-mendoza-el-cruce-de-los-andes\/","title":{"rendered":"Hace 207 a\u00f1os, San Mart\u00edn iniciaba en Mendoza, el cruce de los Andes"},"content":{"rendered":"<p><em>Emulando la Gesta Libertadora, hay empresas que ofrecen la experiencia a caballo y numerosos atractivos tur\u00edsticos relativos al hito hist\u00f3rico que permiti\u00f3 la libertad de Argentina, Chile y Per\u00fa. <\/em> <\/p>\n<p>En enero de 1817, el general Jos\u00e9 de San Mart\u00edn emprend\u00eda la epopeya que marc\u00f3 un antes y un despu\u00e9s para la libertad de Am\u00e9rica de la monarqu\u00eda espa\u00f1ola. Pese a que no existe una fecha exacta, los historiadores designaron al 17 de enero como el d\u00eda de partida de las seis columnas integradas por soldados, campesinos, ind\u00edgenas y m\u00e9dicos hacia Chile.<\/p>\n<p>Esta fecha se encuentra en una carta que San Mart\u00edn le envi\u00f3 a su amigo Tom\u00e1s Guido, donde comenta: \u201cEl 17 empieza la salida de la vanguardia: las medidas est\u00e1n tomadas para ocultar al enemigo el punto de ataque\u201d. Adem\u00e1s, tambi\u00e9n se fij\u00f3 este d\u00eda por la coincidencia con el d\u00eda que pas\u00f3 a la inmortalidad el Libertador.<\/p>\n<p>Una vez realizada la haza\u00f1a en Chile, el siguiente paso del plan ser\u00eda surcar el Pac\u00edfico y terminar con la amenaza realista ubicada en Lima, lugar clave para el dominio de toda la Am\u00e9rica del Sur.<\/p>\n<p>Jos\u00e9 de San Mart\u00edn cruz\u00f3 con 5.423 hombres: 3 generales, 28 jefes, 207 oficiales, 15 empleados civiles, 1.392 auxiliares de maestranza y log\u00edstica y 3.778 soldados de tropa. Tambi\u00e9n se sumaron sacerdotes, baqueanos y ayudantes para los hospitales de campa\u00f1a. la imagen de la virgen del Carmen de Cuyo los acompa\u00f1\u00f3, como patrona del ej\u00e9rcito de los Andes.&nbsp;<\/p>\n<p>As\u00ed, Mendoza se convert\u00eda en la cuna de una de las campa\u00f1as militares m\u00e1s importante de toda la historia. <\/p>\n<p><strong>La bandera que gui\u00f3 al Ej\u00e9rcito de los Andes<\/strong><\/p>\n<p>El 5 de enero se conmemora el D\u00eda de la Bandera Provincial, recordando la fecha que fij\u00f3 el general San Mart\u00edn para la bendici\u00f3n de la Bandera de los Andes, que gui\u00f3 a la Gesta Libertadora, y la entrega del bast\u00f3n de mando del Ej\u00e9rcito a la virgen del Carmen de Cuyo, en 1817.<\/p>\n<p>La Bandera de la Provincia de Mendoza es una fiel reproducci\u00f3n, en sus dimensiones, colores y figuras her\u00e1ldicas, de la bandera del Ej\u00e9rcito de los Andes que dise\u00f1\u00f3 don Jos\u00e9 de San Mart\u00edn con motivo de las campa\u00f1as libertadoras a Chile y Per\u00fa.<\/p>\n<p><strong>Memorial de la Bandera<\/strong><\/p>\n<p>Ubicado en el&nbsp;Centro C\u00edvico de la provincia, consta de tres salas. En la primera se encuentra la Bandera del Ej\u00e9rcito de los Andes, el s\u00edmbolo m\u00e1ximo de la Gesta Libertadora y de la provincia, desde 1992, y primera bandera independiente de Sudam\u00e9rica.<\/p>\n<p>La segunda sala alberga dos banderas realistas capturadas por el General San Mart\u00edn en las batallas de la independencia y que fueron obsequiadas por nuestro h\u00e9roe m\u00e1ximo al pueblo mendocino.<\/p>\n<p>Finalmente, se encuentra un auditorio, en el que se proyectan videos referidos a la creaci\u00f3n de la Bandera del Ej\u00e9rcito de los Andes y a la Gesta Sanmartiniana.<\/p>\n<div id=\"envira-gallery-wrap-8439\" class=\"envira-gallery-wrap envira-gallery-theme-base envira-lightbox-theme-base\" itemscope itemtype=\"https:\/\/schema.org\/ImageGallery\">\n<div data-row-height data-gallery-theme id=\"envira-gallery-8439\" class=\"envira-gallery-public envira-gallery-1-columns envira-clear enviratope envira-gallery-css-animations\" data-envira-columns=\"1\">\n<div id=\"envira-gallery-item-8440\" class=\"envira-gallery-item enviratope-item envira-gallery-item-1 envira-lazy-load\" itemscope itemtype=\"https:\/\/schema.org\/ImageObject\">\n<div class=\"envira-gallery-item-inner\"><a href=\"http:\/\/cordobadirecto.com\/wp-content\/uploads\/2024\/01\/hace-207-anos-san-martin-iniciaba-en-mendoza-el-cruce-de-los-andes-1.jpg\" class=\"envira-gallery-8439 envira-gallery-link\" rel=\"enviragallery8439\" title=\"Manzano Hist\u00f3rico, Mendoza\" data-envira-caption=\"Manzano Hist\u00f3rico, Mendoza\" data-envira-retina data-thumbnail itemprop=\"contentUrl\"><\/p>\n<div class=\"envira-lazy\" data-test-width=\"640\" data-test-height=\"480\"><img id=\"envira-gallery-image-8440\" class=\"envira-gallery-image envira-gallery-image-1\" data-envira-index=\"1\" src=\"http:\/\/cordobadirecto.com\/wp-content\/uploads\/2024\/01\/hace-207-anos-san-martin-iniciaba-en-mendoza-el-cruce-de-los-andes.jpg\" data-envira-src=\"http:\/\/cordobadirecto.com\/wp-content\/uploads\/2024\/01\/hace-207-anos-san-martin-iniciaba-en-mendoza-el-cruce-de-los-andes.jpg\" data-envira-gallery-id=\"8439\" data-envira-item-id=\"8440\" data-envira-caption=\"Manzano Hist\u00f3rico, Mendoza\" alt title=\"Manzano Hist\u00f3rico, Mendoza\" itemprop=\"thumbnailUrl\" data-envira-srcset=\"http:\/\/cordobadirecto.com\/wp-content\/uploads\/2024\/01\/hace-207-anos-san-martin-iniciaba-en-mendoza-el-cruce-de-los-andes.jpg 400w,http:\/\/cordobadirecto.com\/wp-content\/uploads\/2024\/01\/hace-207-anos-san-martin-iniciaba-en-mendoza-el-cruce-de-los-andes.jpg 2x\" srcset=\"data:image\/gif;base64,R0lGODlhAQABAIAAAP\/\/\/\/\/\/\/yH5BAEKAAEALAAAAAABAAEAAAICTAEAOw==\"><\/div>\n<p><\/a><\/div>\n<\/div>\n<\/div>\n<\/div>\n<p><noscript><img src=\"http:\/\/cordobadirecto.com\/wp-content\/uploads\/2024\/01\/hace-207-anos-san-martin-iniciaba-en-mendoza-el-cruce-de-los-andes-1.jpg\" alt><\/noscript> <\/p>\n<p><strong>Cuyo 207 a\u00f1os despu\u00e9s unido por San Martin<\/strong><\/p>\n<p>Casualmente, el 16 de enero, pero de 2024, se reuni\u00f3 el Ente Cuyo, espacio que nuclea a las provincias de Mendoza, San Juan y San Luis. All\u00ed, se acord\u00f3 trabajar en diversos temas que unen a las tres provincias, siendo uno de ellos las rutas sanmartinianas, la Gesta Libertadora y la figura de San Mart\u00edn, quien en 1814 fue designado como gobernador intendente de Cuyo.<\/p>\n<p><strong>Los atractivos tur\u00edsticos sanmartinianos en Mendoza<\/strong><\/p>\n<p>Mendoza cuenta con una gran cantidad de sitios hist\u00f3ricos, por donde el General Jos\u00e9 de San Mart\u00edn pas\u00f3. Entre los que se destacan, te presentamos:<\/p>\n<p><strong>Cerro de la Gloria (Ciudad)<\/strong><\/p>\n<p>El monumento rinde homenaje al&nbsp;Ej\u00e9rcito de los Andes, retratando la campa\u00f1a libertadora. All\u00ed ya se vislumbra una escultura de 14 toneladas de bronce, realizada por el escultor Juan&nbsp;Manuel Ferrari. Este es un punto tradicional para los visitantes que recorren el Parque General San Mart\u00edn.<\/p>\n<p><strong>Museo Hist\u00f3rico de las B\u00f3vedas&nbsp;(San Mart\u00edn)<\/strong><\/p>\n<p>Las B\u00f3vedas representan testimonios arquitect\u00f3nicos y urban\u00edsticos que a\u00fan se encuentra en pie, en la regi\u00f3n de Cuyo. Con el adicional de que se levanta en terrenos que est\u00e1n ligados a la vida del General San Mart\u00edn y constituyen adem\u00e1s el casco de una explotaci\u00f3n agropecuaria y comercial de principios de siglo.&nbsp;<\/p>\n<p><strong>Campo Hist\u00f3rico El Plumerillo (Las Heras)<\/strong><\/p>\n<p>En este espacio, el General San Mart\u00edn form\u00f3 e instruy\u00f3 a m\u00e1s de 5.400 patriotas en artiller\u00eda, infanter\u00eda, caballer\u00eda y log\u00edstica que dar\u00edan vida al Ej\u00e9rcito de los Andes. Punto de partida del Cruce de la Cordillera de los Andes que hoy se conoce como Gesta Libertadora de Am\u00e9rica.<\/p>\n<p><strong>Capilla Hist\u00f3rica (Las Heras)<\/strong><\/p>\n<p>Perteneciente a la Familia Segura, exist\u00eda un oratorio de cuyos oficios religiosos participaba el General Jos\u00e9 de San Mart\u00edn. Luego se erigi\u00f3 una capilla que fue destruida en 1861. Reconstruida en 1870 por Elisia Segura de Zapata, la capilla fue declarada Monumento Hist\u00f3rico Nacional en 1941.<\/p>\n<p><strong>Manzano Hist\u00f3rico (Tunuy\u00e1n)<\/strong><\/p>\n<p>Uno de los hechos hist\u00f3ricos m\u00e1s importantes es el paso y descanso del General San Mart\u00edn, luego de entregar la campa\u00f1a libertadora al General Bol\u00edvar, en Per\u00fa. En el Museo Sanmartiniano que posee la reserva, se conserva a\u00fan un reto\u00f1o de aquel \u00e1rbol que dio origen al nombre del sitio donde transit\u00f3 el Libertador de Am\u00e9rica.<\/p>\n<p>Tambi\u00e9n el paso cordillerano a Chile, denominado Portillo Argentino, vio pasar a personajes de la historia mundial, como Charles Darwin, quien describe este sitio y el Valle del r\u00edo Tunuy\u00e1n, en su&nbsp;<em>Diario de viaje alrededor del mundo.<\/em><\/p>\n<p>Hay propuestas de gran valor hist\u00f3rico, como la visita al Monumento del Retorno del General San Mart\u00edn, el Reto\u00f1o del Manzano Hist\u00f3rico y la Muestra Sanmartiniana. El Museo Arqueol\u00f3gico posee piezas claves para entender el origen de los primeros habitantes del lugar, sus costumbres y pr\u00e1cticas propias de su cultura.<\/p>\n<p><strong>Cruce de los Andes<\/strong><\/p>\n<p>Varias empresas mendocinas ofrecen la posibilidad de hacer el cruce de los Andes y rememorar la Gesta Sanmartiniana.<\/p>\n","protected":false},"excerpt":{"rendered":"<p>Emulando la Gesta Libertadora, hay empresas que ofrecen la experiencia a caballo y numerosos atractivos tur\u00edsticos relativos al hito hist\u00f3rico que permiti\u00f3 la libertad de Argentina, Chile y Per\u00fa. En enero de 1817, el general Jos\u00e9 de San Mart\u00edn emprend\u00eda la epopeya que marc\u00f3 un antes y un despu\u00e9s para la libertad de Am\u00e9rica de [&hellip;]<\/p>\n","protected":false},"author":1,"featured_media":147108,"comment_status":"closed","ping_status":"closed","sticky":false,"template":"","format":"standard","meta":[],"categories":[22],"tags":[],"_links":{"self":[{"href":"http:\/\/cordobadirecto.com\/index.php\/wp-json\/wp\/v2\/posts\/147107"}],"collection":[{"href":"http:\/\/cordobadirecto.com\/index.php\/wp-json\/wp\/v2\/posts"}],"about":[{"href":"http:\/\/cordobadirecto.com\/index.php\/wp-json\/wp\/v2\/types\/post"}],"author":[{"embeddable":true,"href":"http:\/\/cordobadirecto.com\/index.php\/wp-json\/wp\/v2\/users\/1"}],"replies":[{"embeddable":true,"href":"http:\/\/cordobadirecto.com\/index.php\/wp-json\/wp\/v2\/comments?post=147107"}],"version-history":[{"count":0,"href":"http:\/\/cordobadirecto.com\/index.php\/wp-json\/wp\/v2\/posts\/147107\/revisions"}],"wp:featuredmedia":[{"embeddable":true,"href":"http:\/\/cordobadirecto.com\/index.php\/wp-json\/wp\/v2\/media\/147108"}],"wp:attachment":[{"href":"http:\/\/cordobadirecto.com\/index.php\/wp-json\/wp\/v2\/media?parent=147107"}],"wp:term":[{"taxonomy":"category","embeddable":true,"href":"http:\/\/cordobadirecto.com\/index.php\/wp-json\/wp\/v2\/categories?post=147107"},{"taxonomy":"post_tag","embeddable":true,"href":"http:\/\/cordobadirecto.com\/index.php\/wp-json\/wp\/v2\/tags?post=147107"}],"curies":[{"name":"wp","href":"https:\/\/api.w.org\/{rel}","templated":true}]}}