{"id":147137,"date":"2024-01-20T22:24:00","date_gmt":"2024-01-20T22:24:00","guid":{"rendered":"http:\/\/cordobadirecto.com\/index.php\/2024\/01\/20\/el-primer-ministro-eslovaco-dice-que-vetara-la-entrada-de-ucrania-en-otan\/"},"modified":"2024-01-20T22:24:00","modified_gmt":"2024-01-20T22:24:00","slug":"el-primer-ministro-eslovaco-dice-que-vetara-la-entrada-de-ucrania-en-otan","status":"publish","type":"post","link":"http:\/\/cordobadirecto.com\/index.php\/2024\/01\/20\/el-primer-ministro-eslovaco-dice-que-vetara-la-entrada-de-ucrania-en-otan\/","title":{"rendered":"El primer ministro eslovaco dice que vetar\u00e1 la entrada de Ucrania en OTAN"},"content":{"rendered":"<figure class=\"mb-3\"><img loading=\"lazy\" data-src=\"http:\/\/cordobadirecto.com\/wp-content\/uploads\/2024\/01\/el-primer-ministro-eslovaco-dice-que-vetara-la-entrada-de-ucrania-en-otan.jpg\" src=\"https:\/\/www.telam.com.ar\/assets\/img\/not_image.png\" class=\" lazy \" width=\"100%\" height=\"100%\" alt=\"Robert Fico Foto AFP archivo\"><figcaption> Robert Fico. Foto: AFP (archivo). <\/figcaption><\/figure>\n<p>El primer ministro de Eslovaquia, Robert Fico, advirti\u00f3 que su pa\u00eds vetar\u00e1 cualquier intento de adhesi\u00f3n de Ucrania a la OTAN porque podr\u00eda suponer &#8220;el comienzo de la Tercera Guerra Mundial&#8221;.<\/p>\n<p><strong>&#8220;Dir\u00e9 que estoy en contra de la entrada de Ucrania en la OTAN, que har\u00e9 uso del derecho de veto y la bloquear\u00e9, porque ser\u00e1 la base de la Tercera Guerra Mundial&#8221;, afirm\u00f3 Fico<\/strong> en una entrevista radial, en la que rechaz\u00f3 adem\u00e1s ayudar a Kiev con armamento.<\/p>\n<p>El jefe de Gobierno eslovaco <strong>especul\u00f3 a su vez con el ingreso de Ucrania en la Uni\u00f3n Europea (UE) y dijo no se opondr\u00eda, siempre que Kiev cumpla con los criterios de adhesi\u00f3n<\/strong>.<\/p>\n<p>La UE est\u00e1 iniciando el primer proceso t\u00e9cnico de evaluaci\u00f3n de la legislaci\u00f3n ucraniana, con vista a las negociaciones para la adhesi\u00f3n de Kiev al bloque, seg\u00fan confirm\u00f3 esta semana la presidenta de la Comisi\u00f3n Europea, Ursula von der Leyen.<\/p>\n<p>Por otro lado, Fico tiene previsto reunirse el pr\u00f3ximo mi\u00e9rcoles con su hom\u00f3logo ucraniano, Denis Shmihal, aunque no se ha programado una conferencia de prensa conjunta por la negativa ucraniana, seg\u00fan detall\u00f3 la agencia de noticias Europa Press.<\/p>\n<p>El primer ministro explic\u00f3 que trasladar\u00e1 a Shmihal su rechazo al ingreso de Ucrania en la OTAN.<\/p>\n<figure class=\"mb-3\"><img loading=\"lazy\" data-src=\"http:\/\/cordobadirecto.com\/wp-content\/uploads\/2024\/01\/el-primer-ministro-eslovaco-dice-que-vetara-la-entrada-de-ucrania-en-otan-1.jpg\" src=\"https:\/\/www.telam.com.ar\/assets\/img\/not_image.png\" class=\" lazy \" width=\"100%\" height=\"100%\" alt=\"Las bombas racimo Foto AFP archivo\"><figcaption> Las bombas racimo. Foto: AFP (archivo). <\/figcaption><\/figure>\n<p>&#8220;Esto es de gran importancia para m\u00ed&#8221;, resalt\u00f3, al tiempo que destac\u00f3 que Ucrania est\u00e1 bajo &#8220;influencia absoluta de Estados Unidos&#8221;.<\/p>\n<p>En cuanto al conflicto en s\u00ed, especul\u00f3 con un acuerdo de territorios para lograr la paz.<\/p>\n<p>&#8220;Tiene que haber alg\u00fan tipo de acuerdo que ser\u00e1 muy doloroso para las dos partes. \u00bfQu\u00e9 se esperan? \u00bfQue los rusos se marchen de Crimea, el Donbass y Lugansk? No es realista&#8221;, concluy\u00f3.<\/p>\n<p>A fines de noviembre pasado, <strong>los pa\u00edses de la OTAN prometieron mantener el apoyo militar a Ucrania<\/strong>.<\/p>\n<p>Estados Unidos, que lidera la OTAN, ha proporcionado m\u00e1s de 40.000 millones de d\u00f3lares en ayuda de seguridad a Ucrania desde la invasi\u00f3n rusa, en febrero de 2022, y se comprometi\u00f3 a respaldar a Kiev durante el tiempo que sea necesario.<\/p>\n<p>No obstante, Ucrania, que ha presionado sin pausa por su membres\u00eda, sigue sin recibir una invitaci\u00f3n formal de adhesi\u00f3n.<\/p>\n<p>El posible ingreso de Kiev a la alianza atl\u00e1ntica fue una de las razones esgrimidas por el presidente ruso, Vladimir Putin, para invadir al pa\u00eds vecino. <\/p>\n","protected":false},"excerpt":{"rendered":"<p>Robert Fico. Foto: AFP (archivo). El primer ministro de Eslovaquia, Robert Fico, advirti\u00f3 que su pa\u00eds vetar\u00e1 cualquier intento de adhesi\u00f3n de Ucrania a la OTAN porque podr\u00eda suponer &#8220;el comienzo de la Tercera Guerra Mundial&#8221;. &#8220;Dir\u00e9 que estoy en contra de la entrada de Ucrania en la OTAN, que har\u00e9 uso del derecho de [&hellip;]<\/p>\n","protected":false},"author":1,"featured_media":147138,"comment_status":"closed","ping_status":"closed","sticky":false,"template":"","format":"standard","meta":[],"categories":[24],"tags":[],"_links":{"self":[{"href":"http:\/\/cordobadirecto.com\/index.php\/wp-json\/wp\/v2\/posts\/147137"}],"collection":[{"href":"http:\/\/cordobadirecto.com\/index.php\/wp-json\/wp\/v2\/posts"}],"about":[{"href":"http:\/\/cordobadirecto.com\/index.php\/wp-json\/wp\/v2\/types\/post"}],"author":[{"embeddable":true,"href":"http:\/\/cordobadirecto.com\/index.php\/wp-json\/wp\/v2\/users\/1"}],"replies":[{"embeddable":true,"href":"http:\/\/cordobadirecto.com\/index.php\/wp-json\/wp\/v2\/comments?post=147137"}],"version-history":[{"count":0,"href":"http:\/\/cordobadirecto.com\/index.php\/wp-json\/wp\/v2\/posts\/147137\/revisions"}],"wp:featuredmedia":[{"embeddable":true,"href":"http:\/\/cordobadirecto.com\/index.php\/wp-json\/wp\/v2\/media\/147138"}],"wp:attachment":[{"href":"http:\/\/cordobadirecto.com\/index.php\/wp-json\/wp\/v2\/media?parent=147137"}],"wp:term":[{"taxonomy":"category","embeddable":true,"href":"http:\/\/cordobadirecto.com\/index.php\/wp-json\/wp\/v2\/categories?post=147137"},{"taxonomy":"post_tag","embeddable":true,"href":"http:\/\/cordobadirecto.com\/index.php\/wp-json\/wp\/v2\/tags?post=147137"}],"curies":[{"name":"wp","href":"https:\/\/api.w.org\/{rel}","templated":true}]}}