{"id":147139,"date":"2024-01-20T20:41:00","date_gmt":"2024-01-20T20:41:00","guid":{"rendered":"http:\/\/cordobadirecto.com\/index.php\/2024\/01\/20\/iran-atribuyo-a-israel-un-mortal-ataque-en-siria-y-juro-vengarse-en-el-momento-adecuado\/"},"modified":"2024-01-20T20:41:00","modified_gmt":"2024-01-20T20:41:00","slug":"iran-atribuyo-a-israel-un-mortal-ataque-en-siria-y-juro-vengarse-en-el-momento-adecuado","status":"publish","type":"post","link":"http:\/\/cordobadirecto.com\/index.php\/2024\/01\/20\/iran-atribuyo-a-israel-un-mortal-ataque-en-siria-y-juro-vengarse-en-el-momento-adecuado\/","title":{"rendered":"Ir\u00e1n atribuy\u00f3 a Israel un mortal ataque en Siria y jur\u00f3 vengarse &#8220;en el momento adecuado&#8221;"},"content":{"rendered":"<figure class=\"mb-3\"><img loading=\"lazy\" data-src=\"http:\/\/cordobadirecto.com\/wp-content\/uploads\/2024\/01\/iran-atribuyo-a-israel-un-mortal-ataque-en-siria-y-juro-vengarse-en-el-momento-adecuado.jpg\" src=\"https:\/\/www.telam.com.ar\/assets\/img\/not_image.png\" class=\" lazy \" width=\"100%\" height=\"100%\" alt=\"Foto AFP\"><figcaption> Foto: AFP. <\/figcaption><\/figure>\n<p>Ir\u00e1n&nbsp;<strong>jur\u00f3 venganza<\/strong>&nbsp;tras atribuir este s\u00e1bado a Israel el bombardeo que&nbsp;<strong>mat\u00f3 en Damasco a cinco oficiales de la Guardia Revolucionaria<\/strong>, e indic\u00f3 que &#8220;se reserva el derecho de responder&#8221; al ataque, mientras se acent\u00faa el temor a una escalada en la regi\u00f3n por la guerra en la Franja de Gaza, donde el Ej\u00e9rcito israel\u00ed continu\u00f3 su ofensiva contra el movimiento islamista palestino Hamas.<\/p>\n<p>La Guardia Revolucionaria iran\u00ed indic\u00f3 inicialmente que cuatro de sus &#8220;consejeros militares&#8221; murieron en el ataque en Damasco, as\u00ed como &#8220;miembros de las fuerzas sirias&#8221;, aunque unas horas despu\u00e9s dio parte de la muerte de otro miembro de ese cuerpo del Ej\u00e9rcito, que sucumbi\u00f3 a sus heridas.<\/p>\n<p>La agencia de noticias iran\u00ed Mehr afirm\u00f3 que&nbsp;<strong>entre los muertos figuran el jefe de inteligencia para Siria de la Guardia Revolucionaria y su adjunto.<\/strong><\/p>\n<p>El portavoz de la Canciller\u00eda iran\u00ed, Naser Kanani, advirti\u00f3 que Teher\u00e1n &#8220;<strong>se reserva el derecho de responder<\/strong>&#8221; y precis\u00f3 que las represalias llegar\u00edan &#8220;en el momento y el lugar adecuados&#8221;.<\/p>\n<p>Adem\u00e1s, acus\u00f3 a Israel de estar implicado en una &#8220;<strong>tentativa desesperada de propagaci\u00f3n de la inestabilidad y la inseguridad en la regi\u00f3n&#8221;<\/strong>.<\/p>\n<p>El edificio bombardeado, situado en el barrio de Mazzeh de la capital siria, result\u00f3 destruido y fue acordonado mientras los socorristas buscaban sobrevivientes entre los escombros.<\/p>\n<figure class=\"mb-3\"><img loading=\"lazy\" data-src=\"http:\/\/cordobadirecto.com\/wp-content\/uploads\/2024\/01\/iran-atribuyo-a-israel-un-mortal-ataque-en-siria-y-juro-vengarse-en-el-momento-adecuado-1.jpg\" src=\"https:\/\/www.telam.com.ar\/assets\/img\/not_image.png\" class=\" lazy \" width=\"100%\" height=\"100%\" alt=\"Foto AFP\"><figcaption> Foto: AFP. <\/figcaption><\/figure>\n<p>El Observatorio Sirio para los Derechos Humanos (OSDH), una ONG radicada en el Reino Unido que cuenta con una red de informantes en Siria, indic\u00f3 que el bombardeo dej\u00f3 10 muertos.<\/p>\n<p>Seg\u00fan la ONG, el barrio donde se registr\u00f3 el ataque&nbsp;<strong>es conocido por albergar a facciones palestinas proiran\u00edes<\/strong>&nbsp;y a mandos de la Guardia Revolucionaria iran\u00ed, una de las fuerzas de \u00e9lite de Gobierno iran\u00ed.<\/p>\n<p>&#8220;Es seguro que estaban apuntando a altos mandos&#8221; de esos grupos, dijo el presidente del Observatorio, Rami Abdel Rahman.<\/p>\n<blockquote class><p>En el barrio de Mazzeh tambi\u00e9n hay oficinas de Naciones Unidas, embajadas y restaurantes.<\/p><\/blockquote>\n<p>En Israel, el ej\u00e9rcito indic\u00f3 a la agencia de noticias AFP que &#8220;<strong>no comenta informaciones de medios extranjeros<\/strong>&#8220;.<\/p>\n<h2 class>Eje de la resistencia<\/h2>\n<p> El gobierno sirio forma parte junto con Ir\u00e1n, Hamas, la milicia chi\u00edta libanesa Hezbollah y los rebeldes hut\u00edes de Yemen del llamado &#8220;eje de la resistencia&#8221;,&nbsp;<strong>que tiene a Israel como enemigo regional<\/strong>.<\/p>\n<p>Desde que empez\u00f3 la guerra civil siria en 2011, Israel efectu\u00f3 cientos de bombardeos en su territorio, dirigidos especialmente contra fuerzas afines a Ir\u00e1n, su rival regional, pero tambi\u00e9n contra posiciones del ej\u00e9rcito de Damasco.<\/p>\n<p>En los \u00faltimos meses hubo tambi\u00e9n ataques israel\u00edes en los aeropuertos de Damasco y de Alepo, en el norte de Siria.<\/p>\n<p>En la Franja de Gaza, en tanto, se escucharon disparos de artiller\u00eda y bombardeos en el sur del enclave, especialmente en la zona de Khan Yunis, epicentro de las operaciones militares de los \u00faltimos d\u00edas y donde Israel cree que se esconden los l\u00edderes de Hamas.<\/p>\n<p>Las tropas israel\u00edes destruyeron &#8220;infraestructuras terroristas&#8221; en toda la franja costera y golpearon lanzaderas de cohetes en Khan Yunis, seg\u00fan el Ej\u00e9rcito.<\/p>\n<p>El Ministerio de Salud gazat\u00ed indic\u00f3 este s\u00e1bado que <strong>los ataques israel\u00edes causaron al menos 165 muertos en las \u00faltimas 24 horas<\/strong>.<\/p>\n<p>Seg\u00fan esta fuente, las operaciones israel\u00edes en Gaza dejaron hasta el momento 24.927 muertos, en su mayor\u00eda mujeres y menores de edad, y m\u00e1s de 62.000 personas heridas, <strong>adem\u00e1s de un n\u00famero indeterminado de desaparecidos bajo los escombros.<\/strong><\/p>\n<p>Esta etapa del conflicto&nbsp;comenz\u00f3 el 7 de octubre con <strong>un ataque sin precedentes contra el territorio israel\u00ed del grupo islamista palestino y otras milicias del enclave.<\/strong><\/p>\n<p>Los milicianos mataron a unas 1.200 personas y secuestraron a unas 240, entre ellas una veintena con nacionalidad argentina. Alrededor de un centenar fueron liberadas en noviembre durante una breve tregua, en un intercambio por presos palestinos.<\/p>\n<p>Adem\u00e1s de su operaci\u00f3n militar, Israel mantiene desde el 9 de octubre<strong> un &#8220;asedio completo&#8221; a Gaza<\/strong> y ejerce un bloqueo pr\u00e1cticamente total de la entrada de agua, alimentos, medicamentos y combustible.<\/p>\n<h2 class>EEUU<\/h2>\n<p> Estados Unidos, principal aliado de Israel y apoyo clave en esta guerra contra Hamas, pidi\u00f3 en las \u00faltimas semanas reducir las v\u00edctimas civiles en Gaza y defendi\u00f3 la creaci\u00f3n de un Estado palestino como garant\u00eda de seguridad regional.<\/p>\n<p>En una conversaci\u00f3n telef\u00f3nica mantenida el viernes, la primera entre ambos en casi un mes, el presidente estadounidense Joe Biden insisti\u00f3 ante al primer ministro israel\u00ed, Benjamin Netanyahu, en la importancia de una soluci\u00f3n de dos estados para poner fin al conflicto.<\/p>\n<p>Netanyahu, por su parte,<strong> le reiter\u00f3 su oposici\u00f3n a la &#8220;soberan\u00eda palestina&#8221; de Gaza<\/strong> y apunt\u00f3 al &#8220;requisito&#8221; de la seguridad, seg\u00fan indic\u00f3 su oficina este s\u00e1bado. <span class=\"badge badge-primary\"><em>ver recuadro<\/em><\/span><em>&nbsp;<\/em><\/p>\n<p>El jefe de la diplomacia de la Uni\u00f3n Europea, Josep Borrell, sostuvo el viernes que la soluci\u00f3n &#8220;de dos Estados debe ser impuesta desde el exterior para traer la paz&#8221; y acus\u00f3 a Netanyahu de estar boicoteando esta v\u00eda.<\/p>\n<p>&#8220;Para impedirla, han llegado ellos mismos a crear Hamas. Hamas ha sido financiado por el Gobierno de Israel para intentar debilitar a la Autoridad Palestina de Al Fatah&#8221;, el principal partido pol\u00edtico del Gobierno palestino en los territorios ocupados de Cisjordania y Jerusal\u00e9n Este, denunci\u00f3.<\/p>\n<h2 class>Temores de expansi\u00f3n del conflicto<\/h2>\n<p> El conflicto en Gaza tambi\u00e9n <strong>agrava las tensiones entre Israel y los grupos armados en la regi\u00f3n respaldados por Ir\u00e1n<\/strong>, como el <strong>Hezbollah<\/strong> liban\u00e9s o los <strong>hut\u00edes<\/strong> de Yemen.<\/p>\n<p>En Yemen, Estados Unidos volvi\u00f3 a bombardear el viernes posiciones de los rebeldes hut\u00edes despu\u00e9s de que estos reivindicaran un ataque contra un petrolero estadounidense en el golfo de Ad\u00e9n.<\/p>\n<p>Y en la frontera entre Israel y el L\u00edbano, otro punto caliente, el Ej\u00e9rcito israel\u00ed bombarde\u00f3 emplazamientos de Hezbollah en el sur de L\u00edbano, despu\u00e9s de que el movimiento islamista atacara Israel.<\/p>\n<h2 class>Protestas<\/h2>\n<p> La guerra que lleva adelante Israel contra Hamas en Gaza ha generado tambi\u00e9n protestas en el mundo.<\/p>\n<p>Miles de personas con banderas palestinas y lemas contra Israel marcharon este s\u00e1bado por Madrid y otras ciudades espa\u00f1olas para pedir que se detenga &#8220;el genocidio en Palestina&#8221;, mientras que en Vicenza, en el noreste de Italia, manifestantes propalestinos que protestaban contra la presencia de expositores israel\u00edes en una feria internacional de joyer\u00eda se enfrentaron a la polic\u00eda.<\/p>\n<figure class=\"mb-3\"><img loading=\"lazy\" data-src=\"http:\/\/cordobadirecto.com\/wp-content\/uploads\/2024\/01\/iran-atribuyo-a-israel-un-mortal-ataque-en-siria-y-juro-vengarse-en-el-momento-adecuado-2.jpg\" src=\"https:\/\/www.telam.com.ar\/assets\/img\/not_image.png\" class=\" lazy \" width=\"100%\" height=\"100%\" alt=\"Marcha en Londres contra la guerra en Gaza Foto AFP\"><figcaption> Marcha en Londres contra la guerra en Gaza \/ Foto: AFP <\/figcaption><\/figure>\n<p>A la vez, cientos de personas marcharon este s\u00e1bado por las calles de la ciudad israel\u00ed de Haifa contra la guerra, en la primera manifestaci\u00f3n autorizada en esa localidad, mientras que familiares de rehenes israel\u00edes en manos de Hamas acamparon anoche frente al domicilio de Netanyahu para exigirle que pacte inmediatamente un acuerdo para el retorno de sus seres queridos despu\u00e9s de m\u00e1s de 100 d\u00edas de secuestro.<\/p>\n","protected":false},"excerpt":{"rendered":"<p>Foto: AFP. Ir\u00e1n&nbsp;jur\u00f3 venganza&nbsp;tras atribuir este s\u00e1bado a Israel el bombardeo que&nbsp;mat\u00f3 en Damasco a cinco oficiales de la Guardia Revolucionaria, e indic\u00f3 que &#8220;se reserva el derecho de responder&#8221; al ataque, mientras se acent\u00faa el temor a una escalada en la regi\u00f3n por la guerra en la Franja de Gaza, donde el Ej\u00e9rcito israel\u00ed [&hellip;]<\/p>\n","protected":false},"author":1,"featured_media":147140,"comment_status":"closed","ping_status":"closed","sticky":false,"template":"","format":"standard","meta":[],"categories":[24],"tags":[],"_links":{"self":[{"href":"http:\/\/cordobadirecto.com\/index.php\/wp-json\/wp\/v2\/posts\/147139"}],"collection":[{"href":"http:\/\/cordobadirecto.com\/index.php\/wp-json\/wp\/v2\/posts"}],"about":[{"href":"http:\/\/cordobadirecto.com\/index.php\/wp-json\/wp\/v2\/types\/post"}],"author":[{"embeddable":true,"href":"http:\/\/cordobadirecto.com\/index.php\/wp-json\/wp\/v2\/users\/1"}],"replies":[{"embeddable":true,"href":"http:\/\/cordobadirecto.com\/index.php\/wp-json\/wp\/v2\/comments?post=147139"}],"version-history":[{"count":0,"href":"http:\/\/cordobadirecto.com\/index.php\/wp-json\/wp\/v2\/posts\/147139\/revisions"}],"wp:featuredmedia":[{"embeddable":true,"href":"http:\/\/cordobadirecto.com\/index.php\/wp-json\/wp\/v2\/media\/147140"}],"wp:attachment":[{"href":"http:\/\/cordobadirecto.com\/index.php\/wp-json\/wp\/v2\/media?parent=147139"}],"wp:term":[{"taxonomy":"category","embeddable":true,"href":"http:\/\/cordobadirecto.com\/index.php\/wp-json\/wp\/v2\/categories?post=147139"},{"taxonomy":"post_tag","embeddable":true,"href":"http:\/\/cordobadirecto.com\/index.php\/wp-json\/wp\/v2\/tags?post=147139"}],"curies":[{"name":"wp","href":"https:\/\/api.w.org\/{rel}","templated":true}]}}