{"id":147143,"date":"2024-01-20T23:53:51","date_gmt":"2024-01-20T23:53:51","guid":{"rendered":"http:\/\/cordobadirecto.com\/index.php\/2024\/01\/20\/piedad-la-que-hablaba-de-paz-cuando-nadie-lo-hacia-la-ultima-entrevista-que-dio-a-pagina12\/"},"modified":"2024-01-20T23:53:51","modified_gmt":"2024-01-20T23:53:51","slug":"piedad-la-que-hablaba-de-paz-cuando-nadie-lo-hacia-la-ultima-entrevista-que-dio-a-pagina12","status":"publish","type":"post","link":"http:\/\/cordobadirecto.com\/index.php\/2024\/01\/20\/piedad-la-que-hablaba-de-paz-cuando-nadie-lo-hacia-la-ultima-entrevista-que-dio-a-pagina12\/","title":{"rendered":"Piedad, la que hablaba de paz cuando nadie lo hac\u00eda | La \u00faltima entrevista que dio a P\u00e1gina|12"},"content":{"rendered":"<p>La apertura de la <b>econom\u00eda<\/b> colombiana a partir de los a\u00f1os noventa con los Tratados de Libre Comercio dej\u00f3 sus efectos negativos. <b>C\u00f3rdoba<\/b> propone&nbsp;&#8230; <\/p>\n","protected":false},"excerpt":{"rendered":"<p>La apertura de la econom\u00eda colombiana a partir de los a\u00f1os noventa con los Tratados de Libre Comercio dej\u00f3 sus efectos negativos. C\u00f3rdoba propone&nbsp;&#8230;<\/p>\n","protected":false},"author":1,"featured_media":0,"comment_status":"closed","ping_status":"closed","sticky":false,"template":"","format":"standard","meta":[],"categories":[40],"tags":[],"_links":{"self":[{"href":"http:\/\/cordobadirecto.com\/index.php\/wp-json\/wp\/v2\/posts\/147143"}],"collection":[{"href":"http:\/\/cordobadirecto.com\/index.php\/wp-json\/wp\/v2\/posts"}],"about":[{"href":"http:\/\/cordobadirecto.com\/index.php\/wp-json\/wp\/v2\/types\/post"}],"author":[{"embeddable":true,"href":"http:\/\/cordobadirecto.com\/index.php\/wp-json\/wp\/v2\/users\/1"}],"replies":[{"embeddable":true,"href":"http:\/\/cordobadirecto.com\/index.php\/wp-json\/wp\/v2\/comments?post=147143"}],"version-history":[{"count":0,"href":"http:\/\/cordobadirecto.com\/index.php\/wp-json\/wp\/v2\/posts\/147143\/revisions"}],"wp:attachment":[{"href":"http:\/\/cordobadirecto.com\/index.php\/wp-json\/wp\/v2\/media?parent=147143"}],"wp:term":[{"taxonomy":"category","embeddable":true,"href":"http:\/\/cordobadirecto.com\/index.php\/wp-json\/wp\/v2\/categories?post=147143"},{"taxonomy":"post_tag","embeddable":true,"href":"http:\/\/cordobadirecto.com\/index.php\/wp-json\/wp\/v2\/tags?post=147143"}],"curies":[{"name":"wp","href":"https:\/\/api.w.org\/{rel}","templated":true}]}}