{"id":147153,"date":"2024-01-21T13:02:52","date_gmt":"2024-01-21T13:02:52","guid":{"rendered":"https:\/\/puntoapunto.com.ar\/?p=356166"},"modified":"2024-01-21T13:02:52","modified_gmt":"2024-01-21T13:02:52","slug":"llaryora-salio-a-bancar-al-agro-y-la-industria-le-pidio-a-diputados-no-votar-suba-de-retenciones","status":"publish","type":"post","link":"http:\/\/cordobadirecto.com\/index.php\/2024\/01\/21\/llaryora-salio-a-bancar-al-agro-y-la-industria-le-pidio-a-diputados-no-votar-suba-de-retenciones\/","title":{"rendered":"Llaryora sali\u00f3 a bancar al agro y la industria: le pidi\u00f3 a diputados no votar suba de retenciones"},"content":{"rendered":"<p>&nbsp;\n<\/p>\n<p>&nbsp;\n<\/p>\n<p>El gobernador Mart\u00edn Llaryora recibi\u00f3 ayer en el Centro C\u00edvico a representantes de sectores productivos de C\u00f3rdoba, con quienes convers\u00f3 acerca de los puntos del proyecto de la Ley \u00d3mnibus que afectan de manera directa al sistema productivo de la provincia.\n<\/p>\n<p><em>\u201cNadie puede recaudar si no tiene sectores que generen riqueza, por eso les pido a nuestros legisladores en el Congreso que no voten absolutamente ninguna retenci\u00f3n\u201d<\/em>, afirm\u00f3 Llaryora.\n<\/p>\n<p>Ratific\u00f3 adem\u00e1s el apoyo institucional que brinda la Provincia al Gobierno nacional para dar gobernabilidad, aunque aclar\u00f3 que&nbsp;<em>\u201cacompa\u00f1ar significa tambi\u00e9n expresarse cuando uno ve que se va a cometer un grav\u00edsimo error, que no van a ayudar a la recuperaci\u00f3n de nuestro querido pa\u00eds\u201d,<\/em>&nbsp;agreg\u00f3 el mandatario.\n<\/p>\n<p><em>\u00abLo que se hace con las retenciones es exterminar a las econom\u00edas regionales. Queremos evitar que el Gobierno Nacional cometa un error grav\u00edsimo\u00bb<\/em>, enfatiz\u00f3, a la vez que sostuvo que<em>&nbsp;\u00abun plan fiscal debe contener un plan productivo, con empresas que generen riqueza\u00bb.<\/em>\n<\/p>\n<p><iframe id=\"_ytid_94680\" width=\"480\" height=\"270\" data-origwidth=\"480\" data-origheight=\"270\" src=\"https:\/\/www.youtube.com\/embed\/_4TeDv_ZzIM?enablejsapi=1&amp;autoplay=0&amp;cc_load_policy=0&amp;cc_lang_pref=&amp;iv_load_policy=1&amp;loop=0&amp;modestbranding=0&amp;rel=0&amp;fs=1&amp;playsinline=0&amp;autohide=2&amp;theme=dark&amp;color=red&amp;controls=1&amp;\" class=\"__youtube_prefs__ epyt-is-override no-lazyload\" title=\"YouTube player\" allow=\"fullscreen; accelerometer; autoplay; clipboard-write; encrypted-media; gyroscope; picture-in-picture\" allowfullscreen data-no-lazy=\"1\" data-skipgform_ajax_framebjll>[embedded content]<\/iframe>\n<\/p>\n<p>Las partes involucradas en la reuni\u00f3n coincidieron en que la aplicaci\u00f3n del 15% de derechos de exportaci\u00f3n a todos los sectores productivos por igual no es una medida correlativa con el plan productivo de C\u00f3rdoba.\n<\/p>\n<p>\u201c<em>Poner un impuesto a la retenci\u00f3n siempre es un grave error. Es ir en contra del mundo. Defender la producci\u00f3n, es defender tambi\u00e9n el plan fiscal para reducir el d\u00e9ficit\u201d<\/em>, agreg\u00f3 Llaryora.\n<\/p>\n<p>Por su parte, el ministro de Producci\u00f3n, Ciencia e Innovaci\u00f3n Tecnol\u00f3gica, Pedro Dellarossa, asever\u00f3 que&nbsp;<em>\u201cel gobierno de C\u00f3rdoba est\u00e1 dispuesto a aceptar muchas reglas de cambio de este pa\u00eds, porque se necesitan cambios estructurales. Pero eso no debe ir en contra de la producci\u00f3n del interior del interior del pa\u00eds\u201d.<\/em>\n<\/p>\n<p>A su turno, el presidente de la Uni\u00f3n Industrial de C\u00f3rdoba, Luis Macario, destac\u00f3 que&nbsp;<em>\u201cestos impuestos son p\u00e9simos, no contribuyen y no tienen en cuenta el interior profundo del pa\u00eds. No se puede cerrar el d\u00e9ficit fiscal a cualquier costo y en contra de la producci\u00f3n\u201d.<\/em>\n<\/p>\n<p><em>\u201cHoy acordamos posiciones en defensa de la producci\u00f3n, y C\u00f3rdoba va a apoyar nuestro reclamo a trav\u00e9s del se\u00f1or Gobernador\u201d,&nbsp;<\/em>agreg\u00f3 Gustavo del Boca, presidente de la C\u00e1mara de Industriales Metal\u00fargicos y componente de la Provincia de C\u00f3rdoba.\n<\/p>\n<figure class=\"wp-block-gallery has-nested-images columns-default is-cropped wp-block-gallery-1 is-layout-flex wp-block-gallery-is-layout-flex\">\n<figure class=\"wp-block-image size-large\"><a href=\"https:\/\/prensa.cba.gov.ar\/wp-content\/uploads\/2024\/01\/IMG_0208-1-scaled.jpg\"><img loading=\"lazy\" decoding=\"async\" alt width=\"1024\" height=\"658\" data-id=\"583478\" data-sizes=\"(max-width: 1024px) 100vw, 1024px\" class=\"aligncenter wp-image-583478 lazyload\" src=\"http:\/\/cordobadirecto.com\/wp-content\/uploads\/2024\/01\/llaryora-salio-a-bancar-al-agro-y-la-industria-le-pidio-a-diputados-no-votar-suba-de-retenciones.jpg\" srcset=\"http:\/\/cordobadirecto.com\/wp-content\/uploads\/2024\/01\/llaryora-salio-a-bancar-al-agro-y-la-industria-le-pidio-a-diputados-no-votar-suba-de-retenciones.jpg 1024w, http:\/\/cordobadirecto.com\/wp-content\/uploads\/2024\/01\/llaryora-salio-a-bancar-al-agro-y-la-industria-le-pidio-a-diputados-no-votar-suba-de-retenciones-2.jpg 300w, http:\/\/cordobadirecto.com\/wp-content\/uploads\/2024\/01\/llaryora-salio-a-bancar-al-agro-y-la-industria-le-pidio-a-diputados-no-votar-suba-de-retenciones-3.jpg 768w, http:\/\/cordobadirecto.com\/wp-content\/uploads\/2024\/01\/llaryora-salio-a-bancar-al-agro-y-la-industria-le-pidio-a-diputados-no-votar-suba-de-retenciones-4.jpg 1536w, http:\/\/cordobadirecto.com\/wp-content\/uploads\/2024\/01\/llaryora-salio-a-bancar-al-agro-y-la-industria-le-pidio-a-diputados-no-votar-suba-de-retenciones-5.jpg 2048w\"><\/a><\/figure>\n<figure class=\"wp-block-image size-large\">De la reuni\u00f3n participaron titulares de las siguientes C\u00e1maras: del Man\u00ed, Edoardo Fracanzani; Empresaria Minera, Francisco Carusso; de la Madera, Mueble y Equipamiento, Beatriz Bederian; de Industriales Metal\u00fargicos y de Componentes de C\u00f3rdoba, Gustavo del Boca; del Pl\u00e1stico, Ariel Brusadin; de Industriales de la alimentaci\u00f3n, Gabriela Moreno; de Premoldeado, Juan Gallara; de Industrias Inform\u00e1ticas, Electr\u00f3nicas y de Comunicaciones del Centro de Argentina, Ricardo Ruival y representantes de las Asociaciones de Frigor\u00edficos e Industriales de la Carne, Dante Cerino; de Fabricantes de Maquinaria Agr\u00edcola y Agrocomponentes, Gustavo Ficcioni; de la Asociaci\u00f3n de Peque\u00f1as Medianas Empresas L\u00e1cteas y de la Uni\u00f3n Gr\u00e1fica Argentina Regional, Javier Baudino y por la Uni\u00f3n Gr\u00e1fica Argentina Regi\u00f3n Centro, Gast\u00f3n Ferrero.<\/figure>\n<\/figure>\n<footer class=\"author-bio-section\">\n<p class=\"author-name\">Punto a Punto<\/p>\n<p class=\"author-image\"><img loading=\"lazy\" alt height=\"90\" width=\"90\" class=\"avatar avatar-90 photo lazyload\" src=\"http:\/\/cordobadirecto.com\/wp-content\/uploads\/2024\/01\/llaryora-salio-a-bancar-al-agro-y-la-industria-le-pidio-a-diputados-no-votar-suba-de-retenciones-1.jpg\" srcset=\"http:\/\/cordobadirecto.com\/wp-content\/uploads\/2024\/01\/llaryora-salio-a-bancar-al-agro-y-la-industria-le-pidio-a-diputados-no-votar-suba-de-retenciones-1.jpg 2x\"><\/p>\n<\/footer>\n<div class=\"g g-38\">\n<div class=\"g-dyn a-12 c-1\"><a class=\"gofollow\" data-track=\"MTIsMzgsMSw2MA==\" href=\"https:\/\/hospitalprivado.com.ar\/landing-trasplante.html\" target=\"_blank\" rel=\"noopener\"><img class=\"lazyload\" src=\"http:\/\/cordobadirecto.com\/wp-content\/uploads\/2024\/01\/llaryora-salio-a-bancar-al-agro-y-la-industria-le-pidio-a-diputados-no-votar-suba-de-retenciones.gif\"><\/a><\/div>\n<\/div>\n","protected":false},"excerpt":{"rendered":"<p>&nbsp; &nbsp; El gobernador Mart\u00edn Llaryora recibi\u00f3 ayer en el Centro C\u00edvico a representantes de sectores productivos de C\u00f3rdoba, con quienes convers\u00f3 acerca de los puntos del proyecto de la Ley \u00d3mnibus que afectan de manera directa al sistema productivo de la provincia. \u201cNadie puede recaudar si no tiene sectores que generen riqueza, por eso [&hellip;]<\/p>\n","protected":false},"author":1,"featured_media":147154,"comment_status":"closed","ping_status":"closed","sticky":false,"template":"","format":"standard","meta":[],"categories":[25],"tags":[],"_links":{"self":[{"href":"http:\/\/cordobadirecto.com\/index.php\/wp-json\/wp\/v2\/posts\/147153"}],"collection":[{"href":"http:\/\/cordobadirecto.com\/index.php\/wp-json\/wp\/v2\/posts"}],"about":[{"href":"http:\/\/cordobadirecto.com\/index.php\/wp-json\/wp\/v2\/types\/post"}],"author":[{"embeddable":true,"href":"http:\/\/cordobadirecto.com\/index.php\/wp-json\/wp\/v2\/users\/1"}],"replies":[{"embeddable":true,"href":"http:\/\/cordobadirecto.com\/index.php\/wp-json\/wp\/v2\/comments?post=147153"}],"version-history":[{"count":0,"href":"http:\/\/cordobadirecto.com\/index.php\/wp-json\/wp\/v2\/posts\/147153\/revisions"}],"wp:featuredmedia":[{"embeddable":true,"href":"http:\/\/cordobadirecto.com\/index.php\/wp-json\/wp\/v2\/media\/147154"}],"wp:attachment":[{"href":"http:\/\/cordobadirecto.com\/index.php\/wp-json\/wp\/v2\/media?parent=147153"}],"wp:term":[{"taxonomy":"category","embeddable":true,"href":"http:\/\/cordobadirecto.com\/index.php\/wp-json\/wp\/v2\/categories?post=147153"},{"taxonomy":"post_tag","embeddable":true,"href":"http:\/\/cordobadirecto.com\/index.php\/wp-json\/wp\/v2\/tags?post=147153"}],"curies":[{"name":"wp","href":"https:\/\/api.w.org\/{rel}","templated":true}]}}