{"id":147167,"date":"2024-01-18T19:38:58","date_gmt":"2024-01-18T19:38:58","guid":{"rendered":"https:\/\/www.ole.com.ar\/autos\/dale-vos-andujar-fana-boca-paso-gloria-dakar_0_0Abxrsrq9B.html"},"modified":"2024-01-18T19:38:58","modified_gmt":"2024-01-18T19:38:58","slug":"y-dale-vos-andujar-el-fana-de-boca-a-un-paso-de-ganar-el-dakar","status":"publish","type":"post","link":"http:\/\/cordobadirecto.com\/index.php\/2024\/01\/18\/y-dale-vos-andujar-el-fana-de-boca-a-un-paso-de-ganar-el-dakar\/","title":{"rendered":"\u00a1Y dale vos! And\u00fajar, el fana de Boca, a un paso de ganar el Dakar"},"content":{"rendered":"<p><time class=\"createDate\" datetime=\"2024-01-18T16:38:58-03:00\">18\/01\/2024 16:38hs.<\/time><time class=\"modificatedDate\" datetime=\"2024-01-18T17:00:14-03:00\"> Actualizado al 18\/01\/2024 17:00hs.<\/time><\/p>\n<div id=\"storyBody\">\n<div class=\"custom-text \" readability=\"38.175182481752\">\n<p><a href=\"https:\/\/www.ole.com.ar\/tema\/manuel-andujar.html\" title=\"Manuel And\u00fajar\" alt=\"Manuel And\u00fajar\" class=\"slug\">Manuel And\u00fajar <\/a>(Yamaha) defendi\u00f3 este jueves su liderazgo en la categor\u00eda cuatriciclos del <a href=\"https:\/\/www.ole.com.ar\/tema\/dakar.html\" title=\"Dakar\" alt=\"Dakar\" class=\"slug\">Dakar 2024 <\/a>y <strong>qued\u00f3 a un paso de conseguir su segundo t\u00edtulo a falta de la etapa final <\/strong>que se disputar\u00e1 este viernes en la ciudad de Yanbu, a orillas del mar Rojo. El piloto bonaerense, nacido en Lobos, ingres\u00f3 segundo en el und\u00e9cimo y pen\u00faltimo tramo de 420 kil\u00f3metros computados (107 de enlace) entre la localidad de Al&#8217;Ula y Yanbu, con una diferencia de apenas 37 segundos en relaci\u00f3n al ganador del d\u00eda, el franc\u00e9s Alexandre Giroud (Yamaha).<\/p>\n<\/div>\n<div class=\"custom-text \" readability=\"36\">\n<p>El bicampe\u00f3n titular de la divisi\u00f3n, \u00fanica amenaza del argentino en la pelea por el campeonato, gan\u00f3 su quinta etapa en la actual edici\u00f3n del Dakar pero <strong>su descuento no fue significativo y necesitar\u00e1 una jornada fatal de su adversario <\/strong>para conseguir su tercera consagraci\u00f3n consecutiva.<\/p>\n<\/div>\n<div class=\"sc-e7b891c4-0 jPbnQF\"><img alt=\"And\u00fajar est\u00e1 a un paso de la coronaci\u00f3n.\" src=\"http:\/\/cordobadirecto.com\/wp-content\/uploads\/2024\/01\/y-dale-vos-andujar-el-fana-de-boca-a-un-paso-de-ganar-el-dakar.jpg\" width=\"720\" height=\"100\" decoding=\"async\" data-nimg=\"future\" loading=\"lazy\"><span class=\"epigraphe\">And\u00fajar est\u00e1 a un paso de la coronaci\u00f3n.<\/span><\/div>\n<div class=\"custom-text \" readability=\"39\">\n<p>And\u00fajar, que lidera la divisi\u00f3n quads desde la etapa 4, llegar\u00e1 al \u00faltimo segmento con una <strong>diferencia favorables de 8m14s<\/strong>, que el piloto de Grenoble deber\u00e1 pulverizar en los 328km del total (apenas 175 cronometrados) delineados en Yanbu. Salvo que se le rompa el cuatri, el t\u00edtulo es del hincha de Boca.<\/p>\n<\/div>\n<div class=\"custom-text \" readability=\"41\">\n<p>Giroud, ganador en 2022 y 2023, y And\u00fajar, campe\u00f3n en 2021, dominaron los \u00faltimos tres a\u00f1os de la categor\u00eda, en la que <strong>Argentina es el pa\u00eds m\u00e1s laureado con siete t\u00edtulos<\/strong>. Los anteriores fueron logrados por Marcos Patronelli en 2010, 2013 y 2016; su hermano Alejandro en 2011 y 2012 y Nicol\u00e1s Cavigliasso en 2019.<\/p>\n<\/div>\n<div class=\"custom-text \" readability=\"36\">\n<p>A Andujar le queda un segmento relativamente corto para lo que es el Dakar, y con solo seguir la huella de Giroud (el franc\u00e9s larga 1\u00b0 y el argentino, 2\u00b0) y mantener su ritmo le alcanzar\u00e1 para ganar.<\/p>\n<\/div>\n<p><h2>En motos no hay chances<\/h2>\n<\/p>\n<div class=\"custom-text \" readability=\"34.576419213974\">\n<p>El defensor del t\u00edtulo, <a href=\"https:\/\/www.ole.com.ar\/tema\/kevin-benavides.html\" title=\"Kevin Benavides\" alt=\"Kevin Benavides\" class=\"slug\">Kevin Benavides <\/a>(Red Bull KTM), finaliz\u00f3 s\u00e9ptimo, resultado que le impidi\u00f3 mejorar su clasificaci\u00f3n en las posiciones generales y que <strong>lo dej\u00f3 virtualmente sin chances de revalidar la corona del 2023<\/strong>.<\/p>\n<\/div>\n<div class=\"custom-text \" readability=\"37\">\n<p>El salte\u00f1o, dos veces ganador de la competencia, <strong>qued\u00f3 a 41m19s del l\u00edder estadounidense Ricky Brabec <\/strong>(Honda), quien palpita una nueva consagraci\u00f3n despu\u00e9s de ingresar segundo en el pen\u00faltimo tramo.<\/p>\n<\/div>\n<div class=\"sc-e7b891c4-0 jPbnQF\"><img alt=\"Kevin no gritar\u00e1 campe\u00f3n en Arabia.\" src=\"http:\/\/cordobadirecto.com\/wp-content\/uploads\/2024\/01\/y-dale-vos-andujar-el-fana-de-boca-a-un-paso-de-ganar-el-dakar-1.jpg\" width=\"720\" height=\"100\" decoding=\"async\" data-nimg=\"future\" loading=\"lazy\"><span class=\"epigraphe\">Kevin no gritar\u00e1 campe\u00f3n en Arabia.<\/span><\/div>\n<div class=\"custom-text \" readability=\"37\">\n<p>Brabec, vencedor del Dakar en 2020, <strong>mantiene una diferencia de 10m22s sobre el botsuano Ross Branch <\/strong>(Hero), que se impuso en el tramo de este jueves pero con una exigua ventaja de 32 segundos que no le alcanz\u00f3 para poner en jaque al l\u00edder.<\/p>\n<\/div>\n<div class=\"custom-text \" readability=\"39\">\n<p>&#8220;Ya estamos casi en el final. Ross apret\u00f3 mucho hoy, todo se reducir\u00e1 a \u00e9l y a m\u00ed en la \u00faltima etapa, as\u00ed que ya veremos. Hoy ha sido uno de mis mejores d\u00edas. Me asegur\u00e9 de no cometer ning\u00fan error en los \u00faltimos 100 kil\u00f3metros. <strong>Terminar un Dakar ya es una victoria<\/strong>&#8220;, consider\u00f3 el l\u00edder, cuya coronaci\u00f3n qued\u00f3 servida.<\/p>\n<\/div>\n<div class=\"custom-text \" readability=\"36\">\n<p>&#8220;Seguiremos luchando ma\u00f1ana y veremos qu\u00e9 pasa, pero <strong>Ricky hizo una carrera magn\u00edfica y se merece ganar<\/strong>&#8220;, admiti\u00f3 el escolta Branch, en declaraciones al sitio oficial.<\/p>\n<\/div>\n<div type=\"embed\" class=\"sc-7ce6049-0 dwIKul\">\n<div class=\"sc-7ce6049-1 bdcBBS videoText\" id=\"contentTitleembed0gqj7Lnv\" type=\"embed\" readability=\"56\"><svg fill=\"#ffffff\"><symbol id=\"play\" viewBox=\"0 0 512 512\"><path d=\"M512 256C512 397.4 397.4 512 256 512C114.6 512 0 397.4 0 256C0 114.6 114.6 0 256 0C397.4 0 512 114.6 512 256zM176 168V344C176 352.7 180.7 360.7 188.3 364.9C195.8 369.2 205.1 369 212.5 364.5L356.5 276.5C363.6 272.1 368 264.4 368 256C368 247.6 363.6 239.9 356.5 235.5L212.5 147.5C205.1 142.1 195.8 142.8 188.3 147.1C180.7 151.3 176 159.3 176 168V168z\" \/><\/symbol><use xlink:href=\"#play\" \/><\/svg><\/p>\n<div class=\"right\" readability=\"7\">\n<p>Kevin Benavides<!-- --> &#8211;<!-- --> <span>18-1-2024<\/span><\/p>\n<h2 class=\"title-vid\">Los hermanos Benavidez se divierten en el Dakar<\/h2>\n<\/div>\n<\/div>\n<p><span class=\"back\" id=\"spanBackembed0gqj7Lnv\"><\/span><\/div>\n<div class=\"custom-text \" readability=\"38\">\n<p>Sin chances de campeonato, el desaf\u00edo para Kevin Benavides ser\u00e1 <strong>completar el rally m\u00e1s exigente del mundo por octava vez <\/strong>en su carrera, como tambi\u00e9n para su hermano menor, piloto oficial Husqvarna, que hoy se ubic\u00f3 en el cuarto puesto debajo del franc\u00e9s Adrien van Bereven (Honda).<\/p>\n<\/div>\n<div class=\"custom-text \" readability=\"33.968652037618\">\n<p><strong>Se trata de <a href=\"https:\/\/www.ole.com.ar\/tema\/luciano-benavides.html\" title=\"Luciano Benavides\" alt=\"Luciano Benavides\" class=\"slug\">Luciano Benavides, <\/a>que ocupa el s\u00e9ptimo puesto de la clasificaci\u00f3n general <\/strong>de motos e intentar\u00e1 subir un escal\u00f3n en la etapa final para igualar las mejores actuaciones en el Dakar. Si consigue descontarle 8 minutos al australiano Toby Price (Red Bull KTM) finalizar\u00e1 sexto como ocurri\u00f3 en 2020 y 2023.<\/p>\n<\/div>\n<p><h2>Sainz se frota las manos<\/h2>\n<\/p>\n<div class=\"custom-text \" readability=\"39\">\n<p>En la categor\u00eda autos, salvo una cat\u00e1strofe, <strong>ser\u00e1 consagrado el espa\u00f1ol Carlos Sainz <\/strong>(Audi), luego de que el franc\u00e9s Sebastien Loeb quedara fuera de competencia al <strong>romper la horquilla delantera derecha <\/strong>de su Prodrive Hunter del equipo Bahrain Raid Xtreme. Sainz complet\u00f3 el podio de la und\u00e9cima y pen\u00faltima etapa, que tuvo al argentino Juan Cruz Yacopini (Toyota Overdrive Racing) en el s\u00e9ptimo escal\u00f3n.<\/p>\n<\/div>\n<div class=\"sc-e7b891c4-0 jPbnQF\"><img alt=\"A Sainz lo esperan con la copa.\" src=\"http:\/\/cordobadirecto.com\/wp-content\/uploads\/2024\/01\/y-dale-vos-andujar-el-fana-de-boca-a-un-paso-de-ganar-el-dakar-2.jpg\" width=\"720\" height=\"100\" decoding=\"async\" data-nimg=\"future\" loading=\"lazy\"><span class=\"epigraphe\">A Sainz lo esperan con la copa.<\/span><\/div>\n<div class=\"custom-text \" readability=\"42\">\n<p>El madrile\u00f1o, tres veces ganador del Dakar (2010, 2018 y 2020), <strong>lidera con una diferencia de 1h27m06s<\/strong> sobre el belga Guillaume de Mevius (Toyota), que este jueves fue escolta de su compa\u00f1ero de equipo, el franc\u00e9s Guerlain Chicherit, ganador por segundo d\u00eda consecutivo. El Matador puede ir paseando en los tramos finales, si quiere.<\/p>\n<\/div>\n<div class=\"custom-text \" readability=\"36\">\n<p>&#8220;Etapa 11 superada. <strong>Ya sab\u00edamos la cantidad que piedras que nos \u00edbamos a encontrar y fuimos con bastante precauci\u00f3n<\/strong>. Ma\u00f1ana nos quedan 175 km de especial por delante y haremos todo lo que est\u00e9 en nuestras manos por llegar al final! Much\u00edsimas gracias a todos por vuestro apoyo!&#8221;, coment\u00f3 el espa\u00f1ol en su cuenta oficial de X (antes Twitter).<\/p>\n<\/div>\n<div class=\"custom-text \" readability=\"39\">\n<p>Mientras tanto, <strong>Nicol\u00e1s Cavigliasso y Valentina Pertegarini ganaron una nueva etapa en 5h19m13s, pero igualmente se mantienen en el noveno puesto de la categor\u00eda Challenger (veh\u00edculos livianos) <\/strong>y todo indica que terminar\u00e1n el Dakar en esa posici\u00f3n, ya que est\u00e1n a 2 horas y media de los octavos, la dupla Gastaldi &#8211; Sachs.<\/p>\n<\/div>\n<div class=\"sc-a7166897-0 exHLBh\" readability=\"6\">\n<section readability=\"2\"><picture><img alt=\"La contundente frase del entorno de Benzema tras su conflicto con Gallardo\" src=\"http:\/\/cordobadirecto.com\/wp-content\/uploads\/2024\/01\/y-dale-vos-andujar-el-fana-de-boca-a-un-paso-de-ganar-el-dakar-3.jpg\" width=\"290\" height=\"290\" decoding=\"async\" data-nimg=\"future\" loading=\"lazy\"><\/picture>\n<p><span>Mir\u00e1 tambi\u00e9n<\/span><\/p>\n<hr>\n<h3>La contundente frase del entorno de Benzema tras su conflicto con Gallardo<\/h3>\n<\/p>\n<\/section>\n<\/div>\n<div class=\"sc-a7166897-0 exHLBh\" readability=\"6\">\n<section readability=\"2\"><picture><img alt=\"S\u00e9ptimo refuerzo para Independiente: llega Juan Fedorco\" src=\"http:\/\/cordobadirecto.com\/wp-content\/uploads\/2024\/01\/y-dale-vos-andujar-el-fana-de-boca-a-un-paso-de-ganar-el-dakar-4.jpg\" width=\"290\" height=\"290\" decoding=\"async\" data-nimg=\"future\" loading=\"lazy\"><\/picture>\n<p><span>Mir\u00e1 tambi\u00e9n<\/span><\/p>\n<hr>\n<h3>S\u00e9ptimo refuerzo para Independiente: llega Juan Fedorco<\/h3>\n<\/p>\n<\/section>\n<\/div>\n<\/div>\n","protected":false},"excerpt":{"rendered":"<p>18\/01\/2024 16:38hs. Actualizado al 18\/01\/2024 17:00hs. Manuel And\u00fajar (Yamaha) defendi\u00f3 este jueves su liderazgo en la categor\u00eda cuatriciclos del Dakar 2024 y qued\u00f3 a un paso de conseguir su segundo t\u00edtulo a falta de la etapa final que se disputar\u00e1 este viernes en la ciudad de Yanbu, a orillas del mar Rojo. El piloto bonaerense, [&hellip;]<\/p>\n","protected":false},"author":1,"featured_media":147168,"comment_status":"closed","ping_status":"closed","sticky":false,"template":"","format":"standard","meta":[],"categories":[21],"tags":[],"_links":{"self":[{"href":"http:\/\/cordobadirecto.com\/index.php\/wp-json\/wp\/v2\/posts\/147167"}],"collection":[{"href":"http:\/\/cordobadirecto.com\/index.php\/wp-json\/wp\/v2\/posts"}],"about":[{"href":"http:\/\/cordobadirecto.com\/index.php\/wp-json\/wp\/v2\/types\/post"}],"author":[{"embeddable":true,"href":"http:\/\/cordobadirecto.com\/index.php\/wp-json\/wp\/v2\/users\/1"}],"replies":[{"embeddable":true,"href":"http:\/\/cordobadirecto.com\/index.php\/wp-json\/wp\/v2\/comments?post=147167"}],"version-history":[{"count":0,"href":"http:\/\/cordobadirecto.com\/index.php\/wp-json\/wp\/v2\/posts\/147167\/revisions"}],"wp:featuredmedia":[{"embeddable":true,"href":"http:\/\/cordobadirecto.com\/index.php\/wp-json\/wp\/v2\/media\/147168"}],"wp:attachment":[{"href":"http:\/\/cordobadirecto.com\/index.php\/wp-json\/wp\/v2\/media?parent=147167"}],"wp:term":[{"taxonomy":"category","embeddable":true,"href":"http:\/\/cordobadirecto.com\/index.php\/wp-json\/wp\/v2\/categories?post=147167"},{"taxonomy":"post_tag","embeddable":true,"href":"http:\/\/cordobadirecto.com\/index.php\/wp-json\/wp\/v2\/tags?post=147167"}],"curies":[{"name":"wp","href":"https:\/\/api.w.org\/{rel}","templated":true}]}}