{"id":147181,"date":"2024-01-21T14:47:45","date_gmt":"2024-01-21T14:47:45","guid":{"rendered":"https:\/\/cordoba.gob.ar\/?p=54850"},"modified":"2024-01-21T14:47:45","modified_gmt":"2024-01-21T14:47:45","slug":"derecho-al-verano-este-domingo-celebramos-en-el-polideportivo-de-obispo-angelelli","status":"publish","type":"post","link":"http:\/\/cordobadirecto.com\/index.php\/2024\/01\/21\/derecho-al-verano-este-domingo-celebramos-en-el-polideportivo-de-obispo-angelelli\/","title":{"rendered":"Derecho al Verano: este domingo celebramos en el Polideportivo de Obispo Angelelli"},"content":{"rendered":"<div><img src=\"http:\/\/cordobadirecto.com\/wp-content\/uploads\/2024\/01\/derecho-al-verano-este-domingo-celebramos-en-el-polideportivo-de-obispo-angelelli.jpg\" class=\"ff-og-image-inserted\"><\/div>\n<ul>\n<li><strong>Desde las 17:00 horas subir\u00e1n al escenario The Monkeys, la banda tributo a la Mona de Nati Medina y el Payaso Crotton junto a Nicol\u00e1s Agustinoy.<\/strong><\/li>\n<\/ul>\n<hr>\n<p>Luego de una concurrente jornada en Campo de la Ribera, Derecho al Verano se traslada a la zona sur, al barrio Obispo Angelleli.<\/p>\n<p>El Polideportivo tendr\u00e1 espect\u00e1culos de primera a partir de las 17:00 horas, adem\u00e1s de gran cantidad de sorteos, juegos y actividades recreativas para toda la familia.<\/p>\n<p>Subir\u00e1n al escenario The Monkeys, la banda tributo a la Mona de Nati Medina y el Payaso Crotton junto a Nicol\u00e1s Agustinoy.<\/p>\n<p>Pero adem\u00e1s, la Secretar\u00eda de Salud de la Municipalidad concientizar\u00e1 sobre la importancia de la salud mental con actividades l\u00fadicas, brindar\u00e1 charlas sobre t\u00e9cnicas del cepillado de dientes y ofrecer\u00e1 testeos de Infecciones de Transmisi\u00f3n Sexual (ITS)<\/p>\n<p>Habr\u00e1 un puesto de hidrataci\u00f3n y alimentaci\u00f3n nutritiva a disposici\u00f3n de los presentes.<\/p>\n<p>\u201cDerecho al Verano\u201d es un programa de recreaci\u00f3n e inclusi\u00f3n social que llevan adelante la Municipalidad de C\u00f3rdoba y el Gobierno Provincial desde hace 16 a\u00f1os.<\/p>\n<p>Esta iniciativa proporciona un verano diferente para los barrios de la ciudad, con actividades y espect\u00e1culos con entrada libre y gratuita.<\/p>\n","protected":false},"excerpt":{"rendered":"<p>Desde las 17:00 horas subir\u00e1n al escenario The Monkeys, la banda tributo a la Mona de Nati Medina y el Payaso Crotton junto a Nicol\u00e1s Agustinoy. Luego de una concurrente jornada en Campo de la Ribera, Derecho al Verano se traslada a la zona sur, al barrio Obispo Angelleli. El Polideportivo tendr\u00e1 espect\u00e1culos de primera [&hellip;]<\/p>\n","protected":false},"author":1,"featured_media":147182,"comment_status":"closed","ping_status":"closed","sticky":false,"template":"","format":"standard","meta":[],"categories":[44],"tags":[],"_links":{"self":[{"href":"http:\/\/cordobadirecto.com\/index.php\/wp-json\/wp\/v2\/posts\/147181"}],"collection":[{"href":"http:\/\/cordobadirecto.com\/index.php\/wp-json\/wp\/v2\/posts"}],"about":[{"href":"http:\/\/cordobadirecto.com\/index.php\/wp-json\/wp\/v2\/types\/post"}],"author":[{"embeddable":true,"href":"http:\/\/cordobadirecto.com\/index.php\/wp-json\/wp\/v2\/users\/1"}],"replies":[{"embeddable":true,"href":"http:\/\/cordobadirecto.com\/index.php\/wp-json\/wp\/v2\/comments?post=147181"}],"version-history":[{"count":0,"href":"http:\/\/cordobadirecto.com\/index.php\/wp-json\/wp\/v2\/posts\/147181\/revisions"}],"wp:featuredmedia":[{"embeddable":true,"href":"http:\/\/cordobadirecto.com\/index.php\/wp-json\/wp\/v2\/media\/147182"}],"wp:attachment":[{"href":"http:\/\/cordobadirecto.com\/index.php\/wp-json\/wp\/v2\/media?parent=147181"}],"wp:term":[{"taxonomy":"category","embeddable":true,"href":"http:\/\/cordobadirecto.com\/index.php\/wp-json\/wp\/v2\/categories?post=147181"},{"taxonomy":"post_tag","embeddable":true,"href":"http:\/\/cordobadirecto.com\/index.php\/wp-json\/wp\/v2\/tags?post=147181"}],"curies":[{"name":"wp","href":"https:\/\/api.w.org\/{rel}","templated":true}]}}