{"id":147190,"date":"2024-01-19T00:13:54","date_gmt":"2024-01-19T00:13:54","guid":{"rendered":"https:\/\/cordoba.gob.ar\/?p=54790"},"modified":"2024-01-19T00:13:54","modified_gmt":"2024-01-19T00:13:54","slug":"el-parque-educativo-noroeste-inicia-la-temporada-de-pileta-y-suma-talleres-de-robotica-impresion-3d-arte-y-drones","status":"publish","type":"post","link":"http:\/\/cordobadirecto.com\/index.php\/2024\/01\/19\/el-parque-educativo-noroeste-inicia-la-temporada-de-pileta-y-suma-talleres-de-robotica-impresion-3d-arte-y-drones\/","title":{"rendered":"El Parque Educativo Noroeste inicia la temporada de pileta y suma talleres de rob\u00f3tica, impresi\u00f3n 3D, arte y drones"},"content":{"rendered":"<div><img src=\"http:\/\/cordobadirecto.com\/wp-content\/uploads\/2024\/01\/el-parque-educativo-noroeste-inicia-la-temporada-de-pileta-y-suma-talleres-de-robotica-impresion-3d-arte-y-drones.jpg\" class=\"ff-og-image-inserted\"><\/div>\n<ul>\n<li>Passerini celebr\u00f3 con vecinas y vecinos la apertura del natatorio y las m\u00faltiples propuestas del per\u00edodo estival.<\/li>\n<li>&nbsp;El Gobierno Provincial acompa\u00f1a con una gira itinerante por los Parques con telescopios, ciencia y laboratorio, programaci\u00f3n, realidad aumentada y m\u00e1s.<\/li>\n<\/ul>\n<hr>\n<p>El intendente Daniel Passerini encabez\u00f3 la apertura de la temporada de verano del Parque Educativo Noroeste, un espacio que se llena de actividades recreativas para las ni\u00f1as y ni\u00f1os que viven en los alrededores de Villa Allende Parque.<\/p>\n<p>Durante las vacaciones escolares, el Parque pone a disposici\u00f3n la pileta, una opci\u00f3n refrescante y una buena oportunidad que los mas peque\u00f1os aprendan a nadar y se diviertan.<\/p>\n<p>Para esta jornada especial, el Ministerio de Producci\u00f3n, Ciencia e Innovaci\u00f3n de la Provincia se sum\u00f3 a las actividades de programaci\u00f3n, rob\u00f3tica e impresi\u00f3n 3D y sum\u00f3 vuelo de drones, un laboratorio de demostraci\u00f3n qu\u00edmica, telescopios para mirar la luna y realidad aumentada.<\/p>\n<p>\u00ab<em>Hoy queda demostrado el esp\u00edritu de integraci\u00f3n de las distintas \u00e1reas del gobierno municipal y provincial y de la comunidad que hace posible que estas actividades puedan llevarse a cabo cada verano<\/em>\u00ab, expres\u00f3 Passerini.<\/p>\n<p>\u00ab<em>En esta gesti\u00f3n nos propusimos tres pilares: conectar, integrar y humanizar. Estoy feliz de ver aqu\u00ed que esos tres pilares se practican y son parte de esta comunidad<\/em>\u201d, a\u00f1adi\u00f3 el intendente.<\/p>\n<p>A su tiempo, el ministro de Producci\u00f3n, Ciencia e Innovaci\u00f3n de la Provincia, Pedro Dellarossa, destac\u00f3: \u201c<em>Comparto con la gesti\u00f3n del intendente Daniel Passerini las ganas de hacer y de seguir creciendo, para que los vecinos puedan disfrutar de espacios como este. Cuando se logra que un ni\u00f1o se interese por la nataci\u00f3n, el deporte, la cultura, y la ciencia, de grande esa pasi\u00f3n se hace gigante<\/em>\u201d.<\/p>\n<p>De manera itinerante, las propuestas del Gobierno Provincial llegar\u00e1n a todos los Parques Educativos en las pr\u00f3ximas semanas.<\/p>\n<p>En esta apertura de la temporada de verano, la Secretar\u00eda de Salud ofreci\u00f3 vacunaci\u00f3n para completar el calendario e informaci\u00f3n sobre la prevenci\u00f3n del Dengue, Chicungunya, Zika y pediculosis.<\/p>\n<p>El encuentro cont\u00f3 con la participaci\u00f3n de m\u00e1s de 250 ni\u00f1as y ni\u00f1os de Villa Allende Parque y alrededores.<\/p>\n<p>La secretaria de Educaci\u00f3n, Alicia la Terza, manifest\u00f3: \u201c<em>Estamos muy contentos de dar apertura oficial a esta temporada. Nuestro deseo es que el Parque Educativo Noroeste contin\u00fae siendo un espacio de integraci\u00f3n y encuentro de la comunidad, un espacio para celebrar, para aprender y para seguir construyendo una C\u00f3rdoba cada d\u00eda mejor<\/em>\u201d.<\/p>\n<p>Tambi\u00e9n se desarrollaron actividades que diariamente se viven en el Parque Educativo Noroeste, como en la Tecnoteca CREA, d\u00f3nde los peques generaron algoritmos de baile para robots y que luego ellos mismos imitaron.<\/p>\n<p>Tambi\u00e9n presentaron un circuito creativo de producci\u00f3n audiovisual, programaci\u00f3n e impresi\u00f3n 3D.<\/p>\n<p>Luego se hizo una exhibici\u00f3n de newcom para adultos mayores, gap y pat\u00edn, y una demostraci\u00f3n en la pileta por parte de quienes concurren a la escuela de verano.<\/p>\n<p>Cerraron la jornada Caisa y Lautaro Ug\u00faa, dos j\u00f3venes artistas vecinos del lugar, que grabaron sus primeras canciones en la Tecnoteca CREA.<\/p>\n<p>En el acto estuvieron presentes el ministro de Producci\u00f3n, Ciencia e Innovaci\u00f3n de la Provincia, Pedro Dellarossa; el secretario de Ciencia y Tecnolog\u00eda provincial, Gabriel Raya Tonetti; la secretaria de Educaci\u00f3n, Alicia La Terza; el secretario de Gobierno, Control y Fiscalizaci\u00f3n, Rodrigo Fern\u00e1ndez; el secretario de Deportes y Vinculaci\u00f3n Comunitaria, H\u00e9ctor Campana; y el director del Parque, Juan Bardach.<\/p>\n<p>Para m\u00e1s informaci\u00f3n sobre la grilla de actividades del Parque Educativo ingresar al siguiente link: <a href=\"https:\/\/drive.google.com\/file\/1mZUw6ABkZwKe6lW8PS0m9hfkrUINpHAx\/view](https:\/\/drive.google.com\/file\/d\/1mZUw6ABkZwKe6lW8PS0m9hfkrUINpHAx\/view\">https:\/\/drive.google.com\/file\/1mZUw6ABkZwKe6lW8PS0m9hfkrUINpHAx\/view](https:\/\/drive.google.com\/file\/d\/1mZUw6ABkZwKe6lW8PS0m9hfkrUINpHAx\/view<\/a><\/p>\n","protected":false},"excerpt":{"rendered":"<p>Passerini celebr\u00f3 con vecinas y vecinos la apertura del natatorio y las m\u00faltiples propuestas del per\u00edodo estival. &nbsp;El Gobierno Provincial acompa\u00f1a con una gira itinerante por los Parques con telescopios, ciencia y laboratorio, programaci\u00f3n, realidad aumentada y m\u00e1s. El intendente Daniel Passerini encabez\u00f3 la apertura de la temporada de verano del Parque Educativo Noroeste, un [&hellip;]<\/p>\n","protected":false},"author":1,"featured_media":147191,"comment_status":"closed","ping_status":"closed","sticky":false,"template":"","format":"standard","meta":[],"categories":[44],"tags":[],"_links":{"self":[{"href":"http:\/\/cordobadirecto.com\/index.php\/wp-json\/wp\/v2\/posts\/147190"}],"collection":[{"href":"http:\/\/cordobadirecto.com\/index.php\/wp-json\/wp\/v2\/posts"}],"about":[{"href":"http:\/\/cordobadirecto.com\/index.php\/wp-json\/wp\/v2\/types\/post"}],"author":[{"embeddable":true,"href":"http:\/\/cordobadirecto.com\/index.php\/wp-json\/wp\/v2\/users\/1"}],"replies":[{"embeddable":true,"href":"http:\/\/cordobadirecto.com\/index.php\/wp-json\/wp\/v2\/comments?post=147190"}],"version-history":[{"count":0,"href":"http:\/\/cordobadirecto.com\/index.php\/wp-json\/wp\/v2\/posts\/147190\/revisions"}],"wp:featuredmedia":[{"embeddable":true,"href":"http:\/\/cordobadirecto.com\/index.php\/wp-json\/wp\/v2\/media\/147191"}],"wp:attachment":[{"href":"http:\/\/cordobadirecto.com\/index.php\/wp-json\/wp\/v2\/media?parent=147190"}],"wp:term":[{"taxonomy":"category","embeddable":true,"href":"http:\/\/cordobadirecto.com\/index.php\/wp-json\/wp\/v2\/categories?post=147190"},{"taxonomy":"post_tag","embeddable":true,"href":"http:\/\/cordobadirecto.com\/index.php\/wp-json\/wp\/v2\/tags?post=147190"}],"curies":[{"name":"wp","href":"https:\/\/api.w.org\/{rel}","templated":true}]}}