{"id":147352,"date":"2024-02-13T23:12:00","date_gmt":"2024-02-13T23:12:00","guid":{"rendered":"http:\/\/cordobadirecto.com\/index.php\/2024\/02\/13\/biden-considero-vergonzoso-un-comentario-de-trump-sobre-la-otan\/"},"modified":"2024-02-13T23:12:00","modified_gmt":"2024-02-13T23:12:00","slug":"biden-considero-vergonzoso-un-comentario-de-trump-sobre-la-otan","status":"publish","type":"post","link":"http:\/\/cordobadirecto.com\/index.php\/2024\/02\/13\/biden-considero-vergonzoso-un-comentario-de-trump-sobre-la-otan\/","title":{"rendered":"Biden consider\u00f3 &#8220;vergonzoso&#8221; un comentario de Trump sobre la OTAN"},"content":{"rendered":"<p> El presidente de Estados Unidos, Joe Biden, calific\u00f3 este martes de &#8220;tonto&#8221; y &#8220;vergonzoso&#8221; un comentario de su predecesor Donald Trump sobre la OTAN, por estimar que incitar\u00eda a Rusia atacar a miembros de la Alianza que no cumplan sus compromisos financieros con la Alianza Atl\u00e1ntica. <\/p>\n<div id=\"div_cuerpo\" readability=\"65\"><strong>&#8220;Es tonto. Es vergonzoso. Es peligroso. Es antiestadounidense&#8221;, expres\u00f3 Biden<\/strong> desde la Casa Blanca.<\/p>\n<p><strong>&#8220;Cuando \u00e9l mira a la OTAN, no ve la alianza que protege a Estados Unidos y al mundo. Ve un fraude&#8221;,<\/strong> a\u00f1adi\u00f3, seg\u00fan detall\u00f3 la agencia de noticias AFP.<\/p>\n<p>Trump suele criticar a los aliados de la Organizaci\u00f3n del Tratado del Atl\u00e1ntico Norte (OTAN) por incumplir sus compromisos de gasto militar.<\/p>\n<div class=\"video_repositive\"> <a class=\"video_sticky\" href=\"javascript:void();\" onclick=\"removeStuckVideo(true);\"><i class=\"far fa-window-close\"><\/i><\/a> <\/p>\n<div id=\"Lw-7daH7wOE\" class=\"video_telam\" readability=\"6\">\n<div class=\"feature_article_inner\" readability=\"32\">\n<p><h2 class=\"text-center\">Biden consider\u00f3 &#8220;vergonzoso&#8221; comentario de Trump sobre la OTAN<\/h2>\n<\/p><\/div>\n<p>VER VIDEO <i class=\"fas fa-play\"><\/i><\/p>\n<\/p><\/div><\/div>\n<p>El pasado s\u00e1bado, el exmandatario republicano record\u00f3 una conversaci\u00f3n con un gobernante que no identific\u00f3 durante una reuni\u00f3n de la OTAN.<\/p>\n<p>&#8220;El presidente de un pa\u00eds grande se levant\u00f3 y pregunt\u00f3: <strong>&#8216;Pues bien, se\u00f1or, si no pagamos y Rusia nos ataca, \u00bfusted nos proteger\u00eda?'&#8221;, relat\u00f3 Trump.<\/strong><\/p>\n<p>&#8220;No lo proteger\u00eda. Por el contrario, animar\u00eda (a Rusia) a hacerle lo que le d\u00e9 la gana. Tiene que pagar, tiene que pagar sus cuentas&#8221;, a\u00f1adi\u00f3.<\/p>\n<p>El lunes Trump declar\u00f3 en su red social Truth Social, que durante su mandato hizo fuerte a la OTAN.<\/p>\n<p><strong>&#8220;Cuando les dije a los 20 pa\u00edses que no estaban pagando su parte justa, que ten\u00edan que pagar, y les dije que si no lo hac\u00edan no tendr\u00edan protecci\u00f3n militar estadounidense, el dinero lleg\u00f3 a raudales&#8221;<\/strong>, afirm\u00f3.<\/p>\n<figure class=\"mb-3\"><img loading=\"lazy\" data-src=\"http:\/\/cordobadirecto.com\/wp-content\/uploads\/2024\/02\/biden-considero-vergonzoso-un-comentario-de-trump-sobre-la-otan.jpg\" src=\"https:\/\/www.telam.com.ar\/assets\/img\/not_image.png\" class=\" lazy \" width=\"100%\" height=\"100%\" alt=\"La OTAN se encuentra embarcada en la lucha contra Rusia por territorios al este de Europa Foto AFP\"><figcaption> La OTAN se encuentra embarcada en la lucha contra Rusia por territorios al este de Europa. Foto: AFP <\/figcaption><\/figure>\n<p>Trump amenaz\u00f3 en una reuni\u00f3n en Carolina del Sur con retirar la &#8220;protecci\u00f3n&#8221; de Estados Unidos frente a Mosc\u00fa si no cumplen con las contribuciones financieras a la Alianza Atl\u00e1ntica.<\/p>\n<p>Por su parte<strong>, la embajadora de Estados Unidos ante la OTAN, Julianne Smith, afirm\u00f3 este martes que las palabras del expresidente son &#8220;peligrosas&#8221; e &#8220;irresponsables<\/strong>&#8221; porque ponen en peligro a los propios militares estadounidenses.<\/p>\n<p>Smith alert\u00f3 de las implicaciones de las palabras de Trump en las bases que cimentaron la OTAN, asegurando que estas declaraciones son &#8220;peligrosas&#8221; e &#8220;irresponsables&#8221;.<\/p>\n<p>Respecto al posible regreso de Trump a la Casa Blanca y las implicaciones que tendr\u00eda en el lazo transatl\u00e1ntico, despu\u00e9s de que la propia Comisi\u00f3n Europea haya confirmado que ya trabaja con ese escenario, en particular en materia comercial, Smith evit\u00f3 se\u00f1alar las consecuencias que tendr\u00eda en el funcionamiento de la OTAN y se limit\u00f3 a decir que Washington apoya los esfuerzos de la UE para &#8220;reforzar la capacidad y las pol\u00edticas de la UE en el \u00e1mbito de la defensa y la seguridad&#8221;.<\/p>\n<\/div>\n","protected":false},"excerpt":{"rendered":"<p>El presidente de Estados Unidos, Joe Biden, calific\u00f3 este martes de &#8220;tonto&#8221; y &#8220;vergonzoso&#8221; un comentario de su predecesor Donald Trump sobre la OTAN, por estimar que incitar\u00eda a Rusia atacar a miembros de la Alianza que no cumplan sus compromisos financieros con la Alianza Atl\u00e1ntica. &#8220;Es tonto. Es vergonzoso. Es peligroso. Es antiestadounidense&#8221;, expres\u00f3 [&hellip;]<\/p>\n","protected":false},"author":1,"featured_media":147353,"comment_status":"closed","ping_status":"closed","sticky":false,"template":"","format":"standard","meta":[],"categories":[24],"tags":[],"_links":{"self":[{"href":"http:\/\/cordobadirecto.com\/index.php\/wp-json\/wp\/v2\/posts\/147352"}],"collection":[{"href":"http:\/\/cordobadirecto.com\/index.php\/wp-json\/wp\/v2\/posts"}],"about":[{"href":"http:\/\/cordobadirecto.com\/index.php\/wp-json\/wp\/v2\/types\/post"}],"author":[{"embeddable":true,"href":"http:\/\/cordobadirecto.com\/index.php\/wp-json\/wp\/v2\/users\/1"}],"replies":[{"embeddable":true,"href":"http:\/\/cordobadirecto.com\/index.php\/wp-json\/wp\/v2\/comments?post=147352"}],"version-history":[{"count":0,"href":"http:\/\/cordobadirecto.com\/index.php\/wp-json\/wp\/v2\/posts\/147352\/revisions"}],"wp:featuredmedia":[{"embeddable":true,"href":"http:\/\/cordobadirecto.com\/index.php\/wp-json\/wp\/v2\/media\/147353"}],"wp:attachment":[{"href":"http:\/\/cordobadirecto.com\/index.php\/wp-json\/wp\/v2\/media?parent=147352"}],"wp:term":[{"taxonomy":"category","embeddable":true,"href":"http:\/\/cordobadirecto.com\/index.php\/wp-json\/wp\/v2\/categories?post=147352"},{"taxonomy":"post_tag","embeddable":true,"href":"http:\/\/cordobadirecto.com\/index.php\/wp-json\/wp\/v2\/tags?post=147352"}],"curies":[{"name":"wp","href":"https:\/\/api.w.org\/{rel}","templated":true}]}}