{"id":147364,"date":"2024-02-14T13:27:49","date_gmt":"2024-02-14T13:27:49","guid":{"rendered":"http:\/\/cordobadirecto.com\/index.php\/2024\/02\/14\/fito-paez-y-una-orquesta-de-masas-cerraron-la-fiesta-de-la-confluencia\/"},"modified":"2024-02-14T13:27:49","modified_gmt":"2024-02-14T13:27:49","slug":"fito-paez-y-una-orquesta-de-masas-cerraron-la-fiesta-de-la-confluencia","status":"publish","type":"post","link":"http:\/\/cordobadirecto.com\/index.php\/2024\/02\/14\/fito-paez-y-una-orquesta-de-masas-cerraron-la-fiesta-de-la-confluencia\/","title":{"rendered":"Fito P\u00e1ez y una &#8220;orquesta de masas&#8221; cerraron la Fiesta de la Confluencia"},"content":{"rendered":"<figure class=\"mb-3\"><img loading=\"lazy\" data-src=\"http:\/\/cordobadirecto.com\/wp-content\/uploads\/2024\/02\/fito-paez-y-una-orquesta-de-masas-cerraron-la-fiesta-de-la-confluencia.jpg\" src=\"https:\/\/www.telam.com.ar\/assets\/img\/not_image.png\" class=\" lazy \" width=\"100%\" height=\"100%\" alt=\"Fito Pez en la cuarta jornada del festival Foto Prensa\"><figcaption> Fito P\u00e1ez en la cuarta jornada del festival. Foto: Prensa. <\/figcaption><\/figure>\n<p>La Fiesta Nacional de la Confluencia, que <strong>reuni\u00f3 en su und\u00e9cima edici\u00f3n<\/strong> a buena parte de los artistas de la nueva escena, potenciados por la velocidad de las redes sociales, fue clausurada sin embargo con m\u00fasicas y letras imperecederas, validadas por el tiempo y los a\u00f1os de escucha: las que ofreci\u00f3 el rosarino Fito P\u00e1ez en la cuarta jornada del festival.<\/p>\n<p>C\u00f3modo en la posici\u00f3n de centro de gravedad de la noche, que tuvo tambi\u00e9n como protagonistas a Los Ratones Paranoicos, Fabiana Cantilo y Piti Fern\u00e1ndez, P\u00e1ez <strong>despleg\u00f3 su m\u00fasica durante 90 minutos<\/strong> ante los m\u00e1s de 250 mil espectadores que poblaron el predio Isla 132 de la capital neuquina. &#8220;No se ve el final&#8221;, dijo el rosarino desde el escenario mientras buscaba trazar el horizonte.<\/p>\n<figure class=\"mb-3\"><img loading=\"lazy\" data-src=\"http:\/\/cordobadirecto.com\/wp-content\/uploads\/2024\/02\/fito-paez-y-una-orquesta-de-masas-cerraron-la-fiesta-de-la-confluencia-1.jpg\" src=\"https:\/\/www.telam.com.ar\/assets\/img\/not_image.png\" class=\" lazy \" width=\"100%\" height=\"100%\" alt=\"Ms de 250 mil espectadores poblaron el predio Isla 132 de la capital neuquina Foto Prensa\"><figcaption> M\u00e1s de 250 mil espectadores poblaron el predio Isla 132 de la capital neuquina. Foto: Prensa. <\/figcaption><\/figure>\n<p>La noche comenz\u00f3 con el escenario vac\u00edo y la pista de &#8220;El amor despu\u00e9s del amor&#8221; para aclimatar a la multitud, que ya hab\u00eda atravesado el pr\u00f3logo del show de Cantilo y que, por lo tanto, ya estaba en el mismo registro. La irrupci\u00f3n del cantante y la banda para suspender la grabaci\u00f3n y rematar el tema en vivo alcanz\u00f3 para transformar la escena de un minuto al otro.<\/p>\n<blockquote class><p>Una sesi\u00f3n rockera inaugura un nuevo momento de la noche, a pura guitarra el\u00e9ctrica, con &#8220;Ciudad de Pobres corazones&#8221; y luego &#8220;A rodar mi vida&#8221; insin\u00faa un falso final que no enga\u00f1a al p\u00fablico<\/p><\/blockquote>\n<p><strong>Enseguida un golpe de efecto de la nostalgia: &#8220;Dos d\u00edas en la vida&#8221;<\/strong>, con las voces femeninas de Mariana Vitale y Cantilo; &#8220;Tr\u00e1fico por Katmand\u00fa&#8221;; y &#8220;P\u00e9talo de sal&#8221; con un gui\u00f1o a Luis Alberto Spinetta, que sum\u00f3 su guitara en el registro de estudio de 1992.<\/p>\n<p>P\u00e1ez se sienta al piano solo, se pelea con la m\u00e1quina de humo (&#8220;Esto no es un asado&#8221;) y asienta los \u00e1nimos de la Isla. &#8220;La m\u00fasica tambi\u00e9n se hace en silencio&#8221;, afirma (y reclama).<\/p>\n<blockquote class=\"instagram-media\" data-instgrm-captioned data-instgrm-permalink=\"https:\/\/www.instagram.com\/reel\/C3T_lOrtFvk\/?utm_source=ig_embed&amp;utm_campaign=loading\" data-instgrm-version=\"14\" readability=\"-0.17355371900826\"><\/blockquote>\n<p>Resuelto el contexto, el rosarino encara la introducci\u00f3n de &#8220;Un vestido y un amor&#8221;. Hay algo del formato minimalista que acaso le siente bien a P\u00e1ez para una nueva etapa, una vez que concluya su raid celebratorio del trig\u00e9simo aniversario de &#8220;El amor despu\u00e9s del amor&#8221;, que reposa en el polo opuesto.<\/p>\n<p>La cita de P\u00e1ez es m\u00e1s sutil y tambi\u00e9n m\u00e1s bella. Es a trav\u00e9s de su propia versi\u00f3n de <strong>&#8220;Tumbas de la gloria&#8221;: hay all\u00ed una aproximaci\u00f3n al tango<\/strong> que se parece al modo de Garc\u00eda de asumir ese lenguaje, sin golpe.<\/p>\n<blockquote class><p>La trayectoria de P\u00e1ez, desde los turbulentos \u00b480, presenta, como la de todo m\u00fasico, alturas, planicies y precipicios<\/p><\/blockquote>\n<p>La evocaci\u00f3n sigue con invitados: Cantilo regresa para &#8220;Circo Beat&#8221;, que P\u00e1ez usa para jugar con el p\u00fablico, y &#8220;Piti&#8221; Fern\u00e1ndez se asocia a &#8220;Brillante sobre el mic&#8221;.<\/p>\n<p><strong>Una sesi\u00f3n rockera inaugura un nuevo momento de la noche<\/strong>, a pura guitarra el\u00e9ctrica, con &#8220;Ciudad de Pobres corazones&#8221; y luego &#8220;A rodar mi vida&#8221; insin\u00faa un falso final que no enga\u00f1a al p\u00fablico.<\/p>\n<figure class=\"mb-3\"><img loading=\"lazy\" data-src=\"http:\/\/cordobadirecto.com\/wp-content\/uploads\/2024\/02\/fito-paez-y-una-orquesta-de-masas-cerraron-la-fiesta-de-la-confluencia-2.jpg\" src=\"https:\/\/www.telam.com.ar\/assets\/img\/not_image.png\" class=\" lazy \" width=\"100%\" height=\"100%\" alt=\"Juanse estuvo presente en la Fiesta de la Confluencia Foto Prensa\"><figcaption> Juanse estuvo presente en la Fiesta de la Confluencia. Foto: Prensa. <\/figcaption><\/figure>\n<p>La multitud no permite la despedida. La secci\u00f3n de bises avanza con &#8220;Dar es dar&#8221; y luego una explosi\u00f3n con &#8220;Mariposa tecnicolor&#8221;. Desborde y \u00e9xtasis. Ahora s\u00ed es el final.<\/p>\n<p>La maniobra esta vez no falla. Las luces vuelven al escenario y <strong>P\u00e1ez, por primera vez en la noche, se apega a otro un temperamento m\u00e1s introspectivo<\/strong>. &#8220;Y dale alegr\u00eda mi coraz\u00f3n&#8221; hace cantar a toda la plaza.<\/p>\n<figure class=\"mb-3\"><img loading=\"lazy\" data-src=\"http:\/\/cordobadirecto.com\/wp-content\/uploads\/2024\/02\/fito-paez-y-una-orquesta-de-masas-cerraron-la-fiesta-de-la-confluencia-3.jpg\" src=\"https:\/\/www.telam.com.ar\/assets\/img\/not_image.png\" class=\" lazy \" width=\"100%\" height=\"100%\" alt=\"Foto Prensa\"><figcaption> Foto: Prensa. <\/figcaption><\/figure>\n<p>Tentado a extender su orquesta hacia esa infinita marea de espectadores cuyo final no puede ver, P\u00e1ez abandona el piano y suspende todo sonido. Lo acompa\u00f1an Cantilo, Piti y Juanse, que luego va a clausurar la noche con los Ratones.<\/p>\n<p><strong>El rosarino asume el rol de director de orquesta<\/strong> (de masas) y por largos minutos el due\u00f1o del coro m\u00e1s grande que jam\u00e1s se haya visto.<\/p>\n<blockquote class><p>La musicalidad Charly Garc\u00eda de alg\u00fan modo aparece en la noche. Ya Cantilo hab\u00eda iniciado su show con &#8220;Bancate ese defecto&#8221;<\/p><\/blockquote>\n<p>Despu\u00e9s de aquello s\u00f3lo le cabe abandonar el escenario.<\/p>\n<p>La trayectoria de P\u00e1ez, desde los turbulentos \u00b480, presenta, como la de todo m\u00fasico, alturas, planicies y precipicios.<\/p>\n<p>Su incontenible pulsi\u00f3n creadora de la juventud, acaso, ya no pueda ser replicada. Pero<strong> la persistencia por volver a alcanzarla es su forma de vencer al tiempo.<\/strong><\/p>\n<figure class=\"mb-3\"><img loading=\"lazy\" data-src=\"http:\/\/cordobadirecto.com\/wp-content\/uploads\/2024\/02\/fito-paez-y-una-orquesta-de-masas-cerraron-la-fiesta-de-la-confluencia-4.jpg\" src=\"https:\/\/www.telam.com.ar\/assets\/img\/not_image.png\" class=\" lazy \" width=\"100%\" height=\"100%\" alt=\"Foto Prensa\"><figcaption> Foto: Prensa. <\/figcaption><\/figure>\n","protected":false},"excerpt":{"rendered":"<p>Fito P\u00e1ez en la cuarta jornada del festival. Foto: Prensa. La Fiesta Nacional de la Confluencia, que reuni\u00f3 en su und\u00e9cima edici\u00f3n a buena parte de los artistas de la nueva escena, potenciados por la velocidad de las redes sociales, fue clausurada sin embargo con m\u00fasicas y letras imperecederas, validadas por el tiempo y los [&hellip;]<\/p>\n","protected":false},"author":1,"featured_media":147365,"comment_status":"closed","ping_status":"closed","sticky":false,"template":"","format":"standard","meta":[],"categories":[20],"tags":[],"_links":{"self":[{"href":"http:\/\/cordobadirecto.com\/index.php\/wp-json\/wp\/v2\/posts\/147364"}],"collection":[{"href":"http:\/\/cordobadirecto.com\/index.php\/wp-json\/wp\/v2\/posts"}],"about":[{"href":"http:\/\/cordobadirecto.com\/index.php\/wp-json\/wp\/v2\/types\/post"}],"author":[{"embeddable":true,"href":"http:\/\/cordobadirecto.com\/index.php\/wp-json\/wp\/v2\/users\/1"}],"replies":[{"embeddable":true,"href":"http:\/\/cordobadirecto.com\/index.php\/wp-json\/wp\/v2\/comments?post=147364"}],"version-history":[{"count":0,"href":"http:\/\/cordobadirecto.com\/index.php\/wp-json\/wp\/v2\/posts\/147364\/revisions"}],"wp:featuredmedia":[{"embeddable":true,"href":"http:\/\/cordobadirecto.com\/index.php\/wp-json\/wp\/v2\/media\/147365"}],"wp:attachment":[{"href":"http:\/\/cordobadirecto.com\/index.php\/wp-json\/wp\/v2\/media?parent=147364"}],"wp:term":[{"taxonomy":"category","embeddable":true,"href":"http:\/\/cordobadirecto.com\/index.php\/wp-json\/wp\/v2\/categories?post=147364"},{"taxonomy":"post_tag","embeddable":true,"href":"http:\/\/cordobadirecto.com\/index.php\/wp-json\/wp\/v2\/tags?post=147364"}],"curies":[{"name":"wp","href":"https:\/\/api.w.org\/{rel}","templated":true}]}}