{"id":147366,"date":"2024-02-14T13:27:56","date_gmt":"2024-02-14T13:27:56","guid":{"rendered":"http:\/\/cordobadirecto.com\/index.php\/2024\/02\/14\/dia-de-las-enamoradas-canciones-que-celebran-el-amor-entre-mujeres\/"},"modified":"2024-02-14T13:27:56","modified_gmt":"2024-02-14T13:27:56","slug":"dia-de-las-enamoradas-canciones-que-celebran-el-amor-entre-mujeres","status":"publish","type":"post","link":"http:\/\/cordobadirecto.com\/index.php\/2024\/02\/14\/dia-de-las-enamoradas-canciones-que-celebran-el-amor-entre-mujeres\/","title":{"rendered":"D\u00eda de las Enamoradas: canciones que celebran el amor entre mujeres"},"content":{"rendered":"<figure class=\"mb-3\"><img loading=\"lazy\" data-src=\"http:\/\/cordobadirecto.com\/wp-content\/uploads\/2024\/02\/dia-de-las-enamoradas-canciones-que-celebran-el-amor-entre-mujeres.jpg\" src=\"https:\/\/www.telam.com.ar\/assets\/img\/not_image.png\" class=\" lazy \" width=\"100%\" height=\"100%\" alt=\"Todos los 14 de febrero se celebra el Da de los Enamorados 123RF\"><figcaption> Todos los 14 de febrero se celebra el D\u00eda de los Enamorados. (123RF) <\/figcaption><\/figure>\n<p><\/p>\n<h2 class>Los a\u00f1os 70 y la primera canci\u00f3n l\u00e9sbica<\/h2>\n<p><strong>Maxine Feldman<\/strong> fue una cantante folk estadounidense cuyo repertorio cont\u00f3 con grandes temas sobre feminismo y el universo de la comunidad <strong>LGBT<\/strong>.<\/p>\n<p>Esta <strong>&#8220;gran ruidosa lesbiana jud\u00eda y marimacho&#8221;<\/strong>&#8211; seg\u00fan ella misma se defin\u00eda- surgi\u00f3 en plena d\u00e9cada del sesenta cuando la palabra \u201cqueer\u201d a\u00fan ten\u00eda una connotaci\u00f3n negativa y la comunidad de gays, travestis y lesbianas era perseguida y castigada por la polic\u00eda.&nbsp; Maxine era la que abr\u00eda los shows del <strong>d\u00fao de comediantes feministas y lesbianas Harrison y Tyler,<\/strong> consideradas las primeras en llevar a las universidades un acto de comedia que a trav\u00e9s del humor y la iron\u00eda luchaba por la igualdad de derechos.<\/p>\n<figure class=\"mb-3\"><img loading=\"lazy\" data-src=\"http:\/\/cordobadirecto.com\/wp-content\/uploads\/2024\/02\/dia-de-las-enamoradas-canciones-que-celebran-el-amor-entre-mujeres-1.jpg\" src=\"https:\/\/www.telam.com.ar\/assets\/img\/not_image.png\" class=\" lazy \" width=\"100%\" height=\"100%\" alt=\"Maxine Feldman una pionera \"><figcaption> Maxine Feldman, una pionera. <\/figcaption><\/figure>\n<p>En 1969 un mes antes de que se desataran los disturbios de <strong>Stonewall<\/strong>, las protestas por parte de la comunidad LGTB en respuesta a una serie de detenciones policiales en el bar Stonewall Inn, conocido por albergar a miembros de la comunidad, y que se consideran impulsoras de los movimientos pro- derechos en el pa\u00eds del norte, Maxine escrib\u00eda una canci\u00f3n que por primera vez nombra, con todas las letras, la palabra \u201clesbiana\u201d. Se trat\u00f3 de<strong> &#8220;Angry Atthis&#8221;, considerada la primera canci\u00f3n abiertamente l\u00e9sbica.<\/strong><\/p>\n<p>&#8220;Odio no poder tomar \/la mano de mi amada\/salvo por debajo de una mesa en penumbras\/ con miedo de ser quien soy. \/&nbsp;Odio decir mentiras\/vivir en la sombra del miedo\/La mitad de nuestras vidas hemos estado escapando\/de esa maldita palabra: \u201cQueer\u201d \/&nbsp;No quiero a tu esposa\/ no voy tras tus hijos\/ ni siquiera quiero hacer gala de mi elecci\u00f3n\/ S\u00f3lo quiero escuchar la risa de mi amada. \/&nbsp;<strong>Me siento como si fu\u00e9ramos animales en jaulas<\/strong> \/ Y \u00bfhas visto las luces en el bar gay? \/ No revelan arrugas ni edades\/ Dios no permita que revelemos qui\u00e9nes somos. \/&nbsp;Odio no poder tomar \/la mano de mi amada\/salvo por debajo de una mesa en penumbras\/ con miedo de ser quien soy. \/&nbsp;Sin miedo ya de ser \/ una lesbiana&#8221;.<\/p>\n<div class=\"video_repositive\"> <a class=\"video_sticky\" href=\"javascript:void();\" onclick=\"removeStuckVideo(true);\"><i class=\"far fa-window-close\"><\/i><\/a> <\/p>\n<div id=\"1qNVYX8BntQ\" class=\"video_telam\">\n<div class=\"feature_article_inner\">\n<p><h2 class=\"text-center\">&#8220;Angre Atthis&#8221;<\/h2>\n<\/p><\/div>\n<p>VER VIDEO <i class=\"fas fa-play\"><\/i><\/p>\n<\/p><\/div><\/div>\n<p>Tres a\u00f1os despu\u00e9s, Maxine lograr\u00eda hacer<strong> la primera grabaci\u00f3n de su canci\u00f3n gracias a la ayuda de Robin Tyler<\/strong> quien produjo \u201cAngry Atthis\u201d con una cinta que hab\u00eda sobrado de las sesiones de grabaci\u00f3n del d\u00fao con el sello 20th Century Records. Por eso, sobre la edici\u00f3n de aquel simple, Maxine bromeaba diciendo que &#8220;20th Century Fox nunca supo que en realidad produjeron el primer disco l\u00e9sbico&#8221;.<\/p>\n<h2 class>Los a\u00f1os 80, mujer contra mujer<\/h2>\n<p><\/p>\n<figure class=\"mb-3\"><img loading=\"lazy\" data-src=\"http:\/\/cordobadirecto.com\/wp-content\/uploads\/2024\/02\/dia-de-las-enamoradas-canciones-que-celebran-el-amor-entre-mujeres-2.jpg\" src=\"https:\/\/www.telam.com.ar\/assets\/img\/not_image.png\" class=\" lazy \" width=\"100%\" height=\"100%\" alt=\"Sandre y Celeste\"><figcaption> Sandre y Celeste. <\/figcaption><\/figure>\n<p>Aun no hab\u00eda terminado la d\u00e9cada del 80, a\u00fan <strong>la Organizaci\u00f3n Mundial de la Salud no se hab\u00eda dignado a reconocer que la homosexualidad no era una enfermedad<\/strong>: en efecto, fue el 17 de mayo de 1990 que la OMS quit\u00f3 de la lista de enfermedades mentales a la homosexualidad, y la acept\u00f3 como una \u201cvariaci\u00f3n de la sexualidad humana\u201d.<\/p>\n<div class=\"video_repositive\"> <a class=\"video_sticky\" href=\"javascript:void();\" onclick=\"removeStuckVideo(true);\"><i class=\"far fa-window-close\"><\/i><\/a> <\/p>\n<div id=\"wVSA2CEIQ7U\" class=\"video_telam\">\n<div class=\"feature_article_inner\">\n<p><h2 class=\"text-center\">&#8220;Mujer contra mujer&#8221;<\/h2>\n<\/p><\/div>\n<p>VER VIDEO <i class=\"fas fa-play\"><\/i><\/p>\n<\/p><\/div><\/div>\n<p>En un contexto en el que <strong>las relaciones sexo afectivas entre mujeres no se encontraban tematizadas en canciones<\/strong>, la voz de <strong>Ana Torroja, de la banda espa\u00f1ola Mecano<\/strong>, se abr\u00eda paso en su pa\u00eds para hablar de aquello que no se hablaba: el amor entre dos mujeres y los prejuicios morales en torno a eso\u2026 Un amor por ocultar\/ aunque en sue\u00f1os no hay donde esconderlo\/ lo disfrazan de amistad\/ cuando salen a pasear por la ciudad\/ Una opina que aquello no est\u00e1 bien\/la otra opina que qu\u00e9 se le va a hacer\/ Y lo que opinen los dem\u00e1s est\u00e1 de m\u00e1s\u2026<\/p>\n<p>El tema llev\u00f3 de t\u00edtulo <strong>\u201cMujer contra mujer\u201d<\/strong>, se estren\u00f3 en Espa\u00f1a en 1988, incluida en el disco \u201cDescanso dominical\u201d.<\/p>\n<p>La canci\u00f3n fue n\u00famero uno en Espa\u00f1a, y tambi\u00e9n en Francia, gracias a la versi\u00f3n en idioma galo que los espa\u00f1oles deciden grabar, y m\u00e1s tarde tambi\u00e9n lo sumar\u00e1 <strong>Laura Branigan en su disco \u201cOver My Heart\u201d.<\/strong><\/p>\n<div class=\"video_repositive\"> <a class=\"video_sticky\" href=\"javascript:void();\" onclick=\"removeStuckVideo(true);\"><i class=\"far fa-window-close\"><\/i><\/a> <\/p>\n<div id=\"6U7Jfwt4U2w\" class=\"video_telam\" readability=\"6\">\n<div class=\"feature_article_inner\" readability=\"32\">\n<p><h2 class=\"text-center\">&#8220;Mujer contra mujer&#8221; (Sandra y Celeste)<\/h2>\n<\/p><\/div>\n<p>VER VIDEO <i class=\"fas fa-play\"><\/i><\/p>\n<\/p><\/div><\/div>\n<p>En Argentina, el d\u00fao que hab\u00edan conformado<strong> Sandra y Celeste<\/strong> hacia fines de los a\u00f1os 80, incluyen la canci\u00f3n en su repertorio, con un \u00e9xito arrollador, y haciendo frente a un sinf\u00edn de pol\u00e9micas, lo graban en un \u00e1lbum (el segundo y \u00faltimo del d\u00fao, en 1990) que llev\u00f3 de t\u00edtulo justamente el nombre de esta canci\u00f3n.<\/p>\n<h2 class>Entre las dos, y una espada<\/h2>\n<p><\/p>\n<figure class=\"mb-3\"><img loading=\"lazy\" data-src=\"http:\/\/cordobadirecto.com\/wp-content\/uploads\/2024\/02\/dia-de-las-enamoradas-canciones-que-celebran-el-amor-entre-mujeres-3.jpg\" src=\"https:\/\/www.telam.com.ar\/assets\/img\/not_image.png\" class=\" lazy \" width=\"100%\" height=\"100%\" alt=\"Javiera Mena\"><figcaption> Javiera Mena. <\/figcaption><\/figure>\n<p>La cantautora chilena<strong> Javiera Mena<\/strong> era aun casi una ni\u00f1a cuando conoci\u00f3 las canciones de Mecano gracias a sus primas. Unos veinticinco a\u00f1os m\u00e1s tarde de la irrupci\u00f3n de<strong> \u201cMujer contra Mujer\u201d<\/strong>, ella lanza su <strong>\u201cEspada\u201d,<\/strong> una canci\u00f3n que tambi\u00e9n tendr\u00eda destino de himno.<\/p>\n<p><strong>\u201cMe inspir\u00e9 en las protestas de los adolescentes de Chile<\/strong> defendiendo la educaci\u00f3n p\u00fablica, me los imaginaba con su espada guardada en la mochila, lista para ser usada, pero luego se fue un poco m\u00e1s hacia el deseo y el sexo y la lucha pasional entre dos corazones\u201d, describe la cantante en una entrevista con el blog Divinity.<\/p>\n<p>Esos corazones en lucha pasional pertenecen a dos mujeres en el videoclip de la canci\u00f3n que se se dio a conocer en el a\u00f1o 2014, y que su est\u00e9tica ochentosa <strong>nos lleva a las \u00e9pocas donde a\u00fan eran tab\u00fa las relaciones sexo afectivas entre mujeres<\/strong>, y \u201cMujer contra Mujer\u201d visibilizaba la tem\u00e1tica.<\/p>\n<p>\u201cQuiero vivir mi sexualidad con alegr\u00eda. Y tambi\u00e9n una bandera de lucha. Para m\u00ed ser gay es una bendici\u00f3n luminosa. <strong>Son miles de a\u00f1os de historia de mucha represi\u00f3n<\/strong> y a m\u00ed me gusta vivirlo de manera luminosa, como el s\u00edmbolo del arco iris\u201d supo decir la autora de \u201cEspada\u201d.&nbsp;<\/p>\n<div class=\"video_repositive\"> <a class=\"video_sticky\" href=\"javascript:void();\" onclick=\"removeStuckVideo(true);\"><i class=\"far fa-window-close\"><\/i><\/a> <\/p>\n<div id=\"Y0IGGXes2WQ\" class=\"video_telam\" readability=\"6\">\n<div class=\"feature_article_inner\" readability=\"32\">\n<p><h2 class=\"text-center\">&#8220;Entre las dos&#8221; (Miranda! y Javiera Mena) <\/h2>\n<\/p><\/div>\n<p>VER VIDEO <i class=\"fas fa-play\"><\/i><\/p>\n<\/p><\/div><\/div>\n<p>Unos a\u00f1os m\u00e1s tarde, Javiera lo hace de nuevo, esta vez, junto a Juliana Gattas:<br \/>Entre las dos, solas\/La puerta cerrada\/Y \u00e9l, fuera\/No puede hacer nada\/Y t\u00fa y yo\/Vivimos el misterio del amor\/Entre las dos<br \/>Ambas cantantes unen sus voces para hacerlas convergir en este tema de autor\u00eda conjunta entre Mena, Gattas y Segi (Miranda), titulado \u201cEntre las dos\u201d, un single del a\u00f1o 2020.<\/p>\n<h2 class>&#8220;Bes\u00e9 a una chica&#8221;<\/h2>\n<p><\/p>\n<figure class=\"mb-3\"><img loading=\"lazy\" data-src=\"http:\/\/cordobadirecto.com\/wp-content\/uploads\/2024\/02\/dia-de-las-enamoradas-canciones-que-celebran-el-amor-entre-mujeres-4.jpg\" src=\"https:\/\/www.telam.com.ar\/assets\/img\/not_image.png\" class=\" lazy \" width=\"100%\" height=\"100%\" alt=\"Katy Perry\"><figcaption> Katy Perry <\/figcaption><\/figure>\n<p>Si hubo una canci\u00f3n que posicion\u00f3 a la cantante y compositora estadounidense <strong>Katy Perry<\/strong> como un<strong> \u00edcono de la comunidad LGBTIQ+<\/strong>, sin lugar a dudas, esa canci\u00f3n fue <strong>\u201cI Kissed a Girl\u201d (&#8220;Bes\u00e9 a una chica&#8221;)<\/strong>, que es parte del \u00e1lbum \u201cOne of the Boys\u201d (2008). Si bien estuvo a punto de quedar afuera de la selecci\u00f3n de temas para el disco, la canci\u00f3n result\u00f3 ser toda una revelaci\u00f3n no s\u00f3lo porque se trat\u00f3 de un hitazo sino porque, adem\u00e1s, supo abordar el lesbianismo desde la exploraci\u00f3n y la experiencia sin pronunciamientos ni prejuicios.<\/p>\n<div class=\"video_repositive\"> <a class=\"video_sticky\" href=\"javascript:void();\" onclick=\"removeStuckVideo(true);\"><i class=\"far fa-window-close\"><\/i><\/a> <\/p>\n<div id=\"tAp9BKosZXs\" class=\"video_telam\">\n<div class=\"feature_article_inner\">\n<p><h2 class=\"text-center\">&#8220;Bes\u00e9 a una chica&#8221;<\/h2>\n<\/p><\/div>\n<p>VER VIDEO <i class=\"fas fa-play\"><\/i><\/p>\n<\/p><\/div><\/div>\n<p>Esta nunca fue como lo plane\u00e9\/No fue mi intenci\u00f3n\/Me volv\u00ed tan valiente, bebida en mano\/Perd\u00ed la discreci\u00f3n\/No es a lo que estoy acostumbrada\/S\u00f3lo quiero probarte\/Me das curiosidad \/Me llamaste la atenci\u00f3n<br \/>Bes\u00e9 a una chica y me gust\u00f3. \/El sabor de su l\u00e1piz labial de cereza\/Bes\u00e9 a una chica s\u00f3lo para probarlo. \/Espero que a mi novio no le importe\/Se sinti\u00f3 tan mal, se sinti\u00f3 tan bien\/No significa que est\u00e9 enamorada esta noche\/Bes\u00e9 a una chica y me gust\u00f3. \/Me gust\u00f3<\/p>\n<h2 class>No quiero ser tu amiga<\/h2>\n<p><\/p>\n<figure class=\"mb-3\"><img loading=\"lazy\" data-src=\"http:\/\/cordobadirecto.com\/wp-content\/uploads\/2024\/02\/dia-de-las-enamoradas-canciones-que-celebran-el-amor-entre-mujeres-5.jpg\" src=\"https:\/\/www.telam.com.ar\/assets\/img\/not_image.png\" class=\" lazy \" width=\"100%\" height=\"100%\" alt=\"Mara Becerra\"><figcaption> Mar\u00eda Becerra <\/figcaption><\/figure>\n<p>&#8220;Fue una historia incre\u00edble. Ella ten\u00eda novio, que para mi gusto era una mala persona, obviamente. Sent\u00eda que no la trataba como se merec\u00eda; ve\u00eda que no era feliz con \u00e9l porque adem\u00e1s la enga\u00f1aba. No entend\u00eda por qu\u00e9 no lo dejaba\u201d, dec\u00eda <strong>Mar\u00eda Becerra<\/strong> en declaraciones a la prensa sobre la relaci\u00f3n personal con la mujer que inspir\u00f3 la canci\u00f3n<strong> \u201cDime c\u00f3mo hago\u201d<\/strong> (2019) y que hoy es una de sus mejores amigas. &#8220;Yo estaba deseando que lo hiciera y estuviera conmigo, porque sent\u00eda que nos lo merec\u00edamos, porque ambas est\u00e1bamos s\u00faper enamoradas\u201d, recuerda la nena de Argentina.<\/p>\n<div class=\"video_repositive\"> <a class=\"video_sticky\" href=\"javascript:void();\" onclick=\"removeStuckVideo(true);\"><i class=\"far fa-window-close\"><\/i><\/a> <\/p>\n<div id=\"s87-MxUIXeg\" class=\"video_telam\">\n<div class=\"feature_article_inner\">\n<p><h2 class=\"text-center\">&#8220;Dime c\u00f3mo hago&#8221;<\/h2>\n<\/p><\/div>\n<p>VER VIDEO <i class=\"fas fa-play\"><\/i><\/p>\n<\/p><\/div><\/div>\n<p>&#8220;Uh, hoy he vuelto a so\u00f1arte \/ Quiero ser lo primero que veas al despertarte \/ Y no quiero ser tu amiga \/ Quiero ser la persona que sane tus heridas&#8221;.<\/p>\n<h2 class>Una cueca lesbiana<\/h2>\n<p>\u201cEs una canci\u00f3n de<strong> Camila Vaccaro<\/strong>. Una piba muy jovencita, chilena, amiga m\u00eda. Quer\u00eda hacer una cueca lesbiana y la hizo. Me la mostr\u00f3 un d\u00eda junto con otras preciosas creaciones que tiene y dije: bueno, ya es hora, ya es tiempo de poder decir este deseo que puede llegar a sentir una mujer por el cuerpo de otra mujer. Si bien tiene una forma y una est\u00e9tica tradicional, est\u00e1 escrita por una lesbiana\u201d, contaba la artista<strong> Luciana Jury <\/strong>en declaraciones al diario P\u00e1gina 12 sobre la canci\u00f3n<strong> \u201cSi cruzas por mi camino\u201d<\/strong> que grab\u00f3 y form\u00f3 parte de su cuarto \u00e1lbum \u201cAbrazo\u201d (2020); un disco donde la mayor\u00eda de las canciones abordan esa tem\u00e1tica,<\/p>\n<div class=\"video_repositive\"> <a class=\"video_sticky\" href=\"javascript:void();\" onclick=\"removeStuckVideo(true);\"><i class=\"far fa-window-close\"><\/i><\/a> <\/p>\n<div id=\"O_nA3lTZjBI\" class=\"video_telam\" readability=\"6\">\n<div class=\"feature_article_inner\" readability=\"32\">\n<p><h2 class=\"text-center\">&#8220;Si cruzas por mi camino&#8221;<\/h2>\n<\/p><\/div>\n<p>VER VIDEO <i class=\"fas fa-play\"><\/i><\/p>\n<\/p><\/div><\/div>\n<p>incluso, desde la imagen de tapa que fue su idea: \u201cparece un abrazo a m\u00ed misma, pero lo m\u00e1s precioso de la cosa es que a la que la persona que abrazo es mi compa\u00f1era Laura\u201d.<\/p>\n<h2 class>No quer\u00edas un Romeo, esperabas a Julieta<\/h2>\n<p><\/p>\n<figure class=\"mb-3\"><img loading=\"lazy\" data-src=\"http:\/\/cordobadirecto.com\/wp-content\/uploads\/2024\/02\/dia-de-las-enamoradas-canciones-que-celebran-el-amor-entre-mujeres-6.jpg\" src=\"https:\/\/www.telam.com.ar\/assets\/img\/not_image.png\" class=\" lazy \" width=\"100%\" height=\"100%\" alt=\"Thala\"><figcaption> Thal\u00eda <\/figcaption><\/figure>\n<p>La cantante mexicana <strong>Thal\u00eda<\/strong> incluy\u00f3 en <strong>su \u00e1lbum \u201cValiente\u201d (2018)<\/strong> el&nbsp; tema<strong> &#8220;Por amor al arte&#8221;, c<\/strong>ompuesto en 2005 por el malague\u00f1o Iv\u00e1n Guevara; una canci\u00f3n que lleg\u00f3 a los o\u00eddos de la mejicana a trav\u00e9s de una de sus seguidoras y que cuenta la historia de un amor l\u00e9sbico. El autor se inspir\u00f3 en una amiga llamada Marta y en su decisi\u00f3n de salir del closet para vivir libremente su elecci\u00f3n sexual.<\/p>\n<p>&#8220;Y apareci\u00f3 en tu vida la chica de tus sue\u00f1os \/ tu princesa herida y ella cur\u00f3 tu infierno \/ y tu no sabias que aunque nacieras princesa\/no quer\u00edas un Romeo, esperabas a Julieta \/ nadie supo explicarte porque la quer\u00edas \/ y el hombre de tu vida se llamaba Mar\u00eda, \/pero esc\u00fachame amiga si ella tambi\u00e9n quiere amarte \/ porque darle m\u00e1s vueltas yo s\u00e9 que es por amor al arte&#8221;.<\/p>\n<p><strong>Desde aquel gesto de liberaci\u00f3n de Marta <\/strong>muchas cosas fueron cambiando; la versi\u00f3n original dej\u00f3 atr\u00e1s sus ropajes andaluces para vestirse de balada y popularidad en la voz de Thal\u00eda; incluso la propia Thal\u00eda ha recorrido un largo camino de aquel amor a la mexicana de fines de siglo, una exaltaci\u00f3n de la figura del machote mejicano, a este \u201cpor amor al arte\u201d.<\/p>\n<div class=\"video_repositive\"> <a class=\"video_sticky\" href=\"javascript:void();\" onclick=\"removeStuckVideo(true);\"><i class=\"far fa-window-close\"><\/i><\/a> <\/p>\n<div id=\"d2h47Pf0dY4\" class=\"video_telam\" readability=\"6\">\n<div class=\"feature_article_inner\" readability=\"32\">\n<p><h2 class=\"text-center\">&#8220;Por amor al arte&#8221; (Thal\u00eda)<\/h2>\n<\/p><\/div>\n<p>VER VIDEO <i class=\"fas fa-play\"><\/i><\/p>\n<\/p><\/div><\/div>\n","protected":false},"excerpt":{"rendered":"<p>Todos los 14 de febrero se celebra el D\u00eda de los Enamorados. (123RF) Los a\u00f1os 70 y la primera canci\u00f3n l\u00e9sbica Maxine Feldman fue una cantante folk estadounidense cuyo repertorio cont\u00f3 con grandes temas sobre feminismo y el universo de la comunidad LGBT. Esta &#8220;gran ruidosa lesbiana jud\u00eda y marimacho&#8221;&#8211; seg\u00fan ella misma se defin\u00eda- [&hellip;]<\/p>\n","protected":false},"author":1,"featured_media":147367,"comment_status":"closed","ping_status":"closed","sticky":false,"template":"","format":"standard","meta":[],"categories":[20],"tags":[],"_links":{"self":[{"href":"http:\/\/cordobadirecto.com\/index.php\/wp-json\/wp\/v2\/posts\/147366"}],"collection":[{"href":"http:\/\/cordobadirecto.com\/index.php\/wp-json\/wp\/v2\/posts"}],"about":[{"href":"http:\/\/cordobadirecto.com\/index.php\/wp-json\/wp\/v2\/types\/post"}],"author":[{"embeddable":true,"href":"http:\/\/cordobadirecto.com\/index.php\/wp-json\/wp\/v2\/users\/1"}],"replies":[{"embeddable":true,"href":"http:\/\/cordobadirecto.com\/index.php\/wp-json\/wp\/v2\/comments?post=147366"}],"version-history":[{"count":0,"href":"http:\/\/cordobadirecto.com\/index.php\/wp-json\/wp\/v2\/posts\/147366\/revisions"}],"wp:featuredmedia":[{"embeddable":true,"href":"http:\/\/cordobadirecto.com\/index.php\/wp-json\/wp\/v2\/media\/147367"}],"wp:attachment":[{"href":"http:\/\/cordobadirecto.com\/index.php\/wp-json\/wp\/v2\/media?parent=147366"}],"wp:term":[{"taxonomy":"category","embeddable":true,"href":"http:\/\/cordobadirecto.com\/index.php\/wp-json\/wp\/v2\/categories?post=147366"},{"taxonomy":"post_tag","embeddable":true,"href":"http:\/\/cordobadirecto.com\/index.php\/wp-json\/wp\/v2\/tags?post=147366"}],"curies":[{"name":"wp","href":"https:\/\/api.w.org\/{rel}","templated":true}]}}