{"id":147378,"date":"2024-02-14T03:50:38","date_gmt":"2024-02-14T03:50:38","guid":{"rendered":"http:\/\/cordobadirecto.com\/index.php\/2024\/02\/14\/alquileres-el-70-de-los-nuevos-contratos-se-pactan-a-dos-anos-con-ajustes-cuatrimestrales\/"},"modified":"2024-02-14T03:50:38","modified_gmt":"2024-02-14T03:50:38","slug":"alquileres-el-70-de-los-nuevos-contratos-se-pactan-a-dos-anos-con-ajustes-cuatrimestrales","status":"publish","type":"post","link":"http:\/\/cordobadirecto.com\/index.php\/2024\/02\/14\/alquileres-el-70-de-los-nuevos-contratos-se-pactan-a-dos-anos-con-ajustes-cuatrimestrales\/","title":{"rendered":"Alquileres: el 70% de los nuevos contratos se pactan a dos a\u00f1os con ajustes cuatrimestrales"},"content":{"rendered":"<p>Por Mar\u00eda Ester Romero (Perfil <b>C\u00f3rdoba<\/b>) El fiscal Penal Econ\u00f3mico Mat\u00edas Bornancini requiri\u00f3 la elevaci\u00f3n a juicio para los socios de la empresa Marca&nbsp;&#8230; <\/p>\n","protected":false},"excerpt":{"rendered":"<p>Por Mar\u00eda Ester Romero (Perfil C\u00f3rdoba) El fiscal Penal Econ\u00f3mico Mat\u00edas Bornancini requiri\u00f3 la elevaci\u00f3n a juicio para los socios de la empresa Marca&nbsp;&#8230;<\/p>\n","protected":false},"author":1,"featured_media":0,"comment_status":"closed","ping_status":"closed","sticky":false,"template":"","format":"standard","meta":[],"categories":[40],"tags":[],"_links":{"self":[{"href":"http:\/\/cordobadirecto.com\/index.php\/wp-json\/wp\/v2\/posts\/147378"}],"collection":[{"href":"http:\/\/cordobadirecto.com\/index.php\/wp-json\/wp\/v2\/posts"}],"about":[{"href":"http:\/\/cordobadirecto.com\/index.php\/wp-json\/wp\/v2\/types\/post"}],"author":[{"embeddable":true,"href":"http:\/\/cordobadirecto.com\/index.php\/wp-json\/wp\/v2\/users\/1"}],"replies":[{"embeddable":true,"href":"http:\/\/cordobadirecto.com\/index.php\/wp-json\/wp\/v2\/comments?post=147378"}],"version-history":[{"count":0,"href":"http:\/\/cordobadirecto.com\/index.php\/wp-json\/wp\/v2\/posts\/147378\/revisions"}],"wp:attachment":[{"href":"http:\/\/cordobadirecto.com\/index.php\/wp-json\/wp\/v2\/media?parent=147378"}],"wp:term":[{"taxonomy":"category","embeddable":true,"href":"http:\/\/cordobadirecto.com\/index.php\/wp-json\/wp\/v2\/categories?post=147378"},{"taxonomy":"post_tag","embeddable":true,"href":"http:\/\/cordobadirecto.com\/index.php\/wp-json\/wp\/v2\/tags?post=147378"}],"curies":[{"name":"wp","href":"https:\/\/api.w.org\/{rel}","templated":true}]}}