{"id":147379,"date":"2024-02-14T18:47:23","date_gmt":"2024-02-14T18:47:23","guid":{"rendered":"https:\/\/www.checkinmag.com\/?p=3356"},"modified":"2024-02-14T18:47:23","modified_gmt":"2024-02-14T18:47:23","slug":"al-ritmo-de-la-alegria-comenzo-el-carnaval-de-rio","status":"publish","type":"post","link":"http:\/\/cordobadirecto.com\/index.php\/2024\/02\/14\/al-ritmo-de-la-alegria-comenzo-el-carnaval-de-rio\/","title":{"rendered":"Al ritmo de la alegr\u00eda comenz\u00f3 el Carnaval de R\u00edo"},"content":{"rendered":"<p>El majestuoso Carnaval de R\u00edo de Janeiro est\u00e1 de regreso este a\u00f1o, invitando a cariocas y turistas a vivir una noche inigualable.<\/p>\n<p>Reconocido como una de las celebraciones m\u00e1s espectaculares del mundo por su imponencia, organizaci\u00f3n y despliegue, el Carnaval de Rio de Janeiro atrae cada febrero a millones de personas que buscan vivir la magia de esta experiencia icono de la cultura brasile\u00f1a. Desde sus comienzos en el siglo XIX, el carnaval evolucion\u00f3 hasta convertirse en una celebraci\u00f3n sin precedentes que fusiona m\u00fasica, baile y un espect\u00e1culo visual que inunda las calles de la Ciudad Maravillosa con un clima vibrante y festivo. Un homenaje a la diversidad y un fiel reflejo de la riqueza cultural de Brasil.<\/p>\n<p><em>\u201cR\u00edo se est\u00e1 consolidando cada vez m\u00e1s como uno de los principales destinos del pa\u00eds para la celebraci\u00f3n del Carnaval, que tiene un papel crucial en el impulso del turismo y el fortalecimiento de la econom\u00eda local. Cuando la ciudad ampl\u00eda su gama de eventos m\u00e1s all\u00e1 de las tradicionales manifestaciones carnavalescas, atrae a\u00fan m\u00e1s visitantes y refuerza su identidad como destino democr\u00e1tico que da la bienvenida a todos\u201d, afirma el presidente ejecutivo de Visit Rio, Carlos Werneck.<\/em><\/p>\n<p>Este gran evento, se lleva a cabo cada a\u00f1o en el coraz\u00f3n del majestuoso Samb\u00f3dromo de Rio de Janeiro, una pasarela de 700 metros de longitud donde las escuelas de samba compiten con presentaciones llenas de energ\u00eda, color y creatividad. Desde las magn\u00edficas carrozas hasta los elaborados trajes de los participantes, cada detalle contribuye a hacer del Carnaval de R\u00edo una experiencia inolvidable. Visit Rio, fundaci\u00f3n dedicada a promover el turismo en la ciudad nos cuenta detalles de la edici\u00f3n 2024, en la cual se esperan m\u00e1s de tres millones de visitantes durante los d\u00edas de celebraci\u00f3n adem\u00e1s de los millones de personas que lo seguir\u00e1n de forma online y televisa alrededor del mundo.<\/p>\n<figure class=\"wp-block-gallery has-nested-images columns-default is-cropped wp-block-gallery-1 is-layout-flex wp-block-gallery-is-layout-flex\">\n<figure class=\"wp-block-image size-large\"><img loading=\"lazy\" fetchpriority=\"high\" decoding=\"async\" width=\"1024\" height=\"684\" data-id=\"3360\" src=\"http:\/\/cordobadirecto.com\/wp-content\/uploads\/2024\/02\/al-ritmo-de-la-alegria-comenzo-el-carnaval-de-rio.jpg\" alt class=\"wp-image-3360\" srcset=\"http:\/\/cordobadirecto.com\/wp-content\/uploads\/2024\/02\/al-ritmo-de-la-alegria-comenzo-el-carnaval-de-rio.jpg 1024w, http:\/\/cordobadirecto.com\/wp-content\/uploads\/2024\/02\/al-ritmo-de-la-alegria-comenzo-el-carnaval-de-rio-4.jpg 300w, http:\/\/cordobadirecto.com\/wp-content\/uploads\/2024\/02\/al-ritmo-de-la-alegria-comenzo-el-carnaval-de-rio-5.jpg 768w, http:\/\/cordobadirecto.com\/wp-content\/uploads\/2024\/02\/al-ritmo-de-la-alegria-comenzo-el-carnaval-de-rio-6.jpg 1536w, http:\/\/cordobadirecto.com\/wp-content\/uploads\/2024\/02\/al-ritmo-de-la-alegria-comenzo-el-carnaval-de-rio-7.jpg 629w, http:\/\/cordobadirecto.com\/wp-content\/uploads\/2024\/02\/al-ritmo-de-la-alegria-comenzo-el-carnaval-de-rio-8.jpg 537w, http:\/\/cordobadirecto.com\/wp-content\/uploads\/2024\/02\/al-ritmo-de-la-alegria-comenzo-el-carnaval-de-rio-9.jpg 640w, http:\/\/cordobadirecto.com\/wp-content\/uploads\/2024\/02\/al-ritmo-de-la-alegria-comenzo-el-carnaval-de-rio-10.jpg 681w, http:\/\/cordobadirecto.com\/wp-content\/uploads\/2024\/02\/al-ritmo-de-la-alegria-comenzo-el-carnaval-de-rio-11.jpg 2048w\" sizes=\"(max-width: 1024px) 100vw, 1024px\"><\/figure>\n<figure class=\"wp-block-image size-large\"><img loading=\"lazy\" decoding=\"async\" width=\"1024\" height=\"684\" data-id=\"3359\" src=\"http:\/\/cordobadirecto.com\/wp-content\/uploads\/2024\/02\/al-ritmo-de-la-alegria-comenzo-el-carnaval-de-rio-1.jpg\" alt class=\"wp-image-3359\" srcset=\"http:\/\/cordobadirecto.com\/wp-content\/uploads\/2024\/02\/al-ritmo-de-la-alegria-comenzo-el-carnaval-de-rio-1.jpg 1024w, http:\/\/cordobadirecto.com\/wp-content\/uploads\/2024\/02\/al-ritmo-de-la-alegria-comenzo-el-carnaval-de-rio-12.jpg 300w, http:\/\/cordobadirecto.com\/wp-content\/uploads\/2024\/02\/al-ritmo-de-la-alegria-comenzo-el-carnaval-de-rio-13.jpg 768w, http:\/\/cordobadirecto.com\/wp-content\/uploads\/2024\/02\/al-ritmo-de-la-alegria-comenzo-el-carnaval-de-rio-14.jpg 1536w, http:\/\/cordobadirecto.com\/wp-content\/uploads\/2024\/02\/al-ritmo-de-la-alegria-comenzo-el-carnaval-de-rio-15.jpg 629w, http:\/\/cordobadirecto.com\/wp-content\/uploads\/2024\/02\/al-ritmo-de-la-alegria-comenzo-el-carnaval-de-rio-16.jpg 537w, http:\/\/cordobadirecto.com\/wp-content\/uploads\/2024\/02\/al-ritmo-de-la-alegria-comenzo-el-carnaval-de-rio-17.jpg 640w, http:\/\/cordobadirecto.com\/wp-content\/uploads\/2024\/02\/al-ritmo-de-la-alegria-comenzo-el-carnaval-de-rio-18.jpg 681w, http:\/\/cordobadirecto.com\/wp-content\/uploads\/2024\/02\/al-ritmo-de-la-alegria-comenzo-el-carnaval-de-rio-19.jpg 2048w\" sizes=\"(max-width: 1024px) 100vw, 1024px\"><\/figure>\n<figure class=\"wp-block-image size-large\"><img loading=\"lazy\" decoding=\"async\" width=\"1024\" height=\"684\" data-id=\"3358\" src=\"http:\/\/cordobadirecto.com\/wp-content\/uploads\/2024\/02\/al-ritmo-de-la-alegria-comenzo-el-carnaval-de-rio-2.jpg\" alt class=\"wp-image-3358\" srcset=\"http:\/\/cordobadirecto.com\/wp-content\/uploads\/2024\/02\/al-ritmo-de-la-alegria-comenzo-el-carnaval-de-rio-2.jpg 1024w, http:\/\/cordobadirecto.com\/wp-content\/uploads\/2024\/02\/al-ritmo-de-la-alegria-comenzo-el-carnaval-de-rio-20.jpg 300w, http:\/\/cordobadirecto.com\/wp-content\/uploads\/2024\/02\/al-ritmo-de-la-alegria-comenzo-el-carnaval-de-rio-21.jpg 768w, http:\/\/cordobadirecto.com\/wp-content\/uploads\/2024\/02\/al-ritmo-de-la-alegria-comenzo-el-carnaval-de-rio-22.jpg 1536w, http:\/\/cordobadirecto.com\/wp-content\/uploads\/2024\/02\/al-ritmo-de-la-alegria-comenzo-el-carnaval-de-rio-23.jpg 629w, http:\/\/cordobadirecto.com\/wp-content\/uploads\/2024\/02\/al-ritmo-de-la-alegria-comenzo-el-carnaval-de-rio-24.jpg 537w, http:\/\/cordobadirecto.com\/wp-content\/uploads\/2024\/02\/al-ritmo-de-la-alegria-comenzo-el-carnaval-de-rio-25.jpg 640w, http:\/\/cordobadirecto.com\/wp-content\/uploads\/2024\/02\/al-ritmo-de-la-alegria-comenzo-el-carnaval-de-rio-26.jpg 681w, http:\/\/cordobadirecto.com\/wp-content\/uploads\/2024\/02\/al-ritmo-de-la-alegria-comenzo-el-carnaval-de-rio-27.jpg 2048w\" sizes=\"(max-width: 1024px) 100vw, 1024px\"><\/figure>\n<figure class=\"wp-block-image size-large\"><img loading=\"lazy\" decoding=\"async\" width=\"1024\" height=\"684\" data-id=\"3357\" src=\"http:\/\/cordobadirecto.com\/wp-content\/uploads\/2024\/02\/al-ritmo-de-la-alegria-comenzo-el-carnaval-de-rio-3.jpg\" alt class=\"wp-image-3357\" srcset=\"http:\/\/cordobadirecto.com\/wp-content\/uploads\/2024\/02\/al-ritmo-de-la-alegria-comenzo-el-carnaval-de-rio-3.jpg 1024w, http:\/\/cordobadirecto.com\/wp-content\/uploads\/2024\/02\/al-ritmo-de-la-alegria-comenzo-el-carnaval-de-rio-28.jpg 300w, http:\/\/cordobadirecto.com\/wp-content\/uploads\/2024\/02\/al-ritmo-de-la-alegria-comenzo-el-carnaval-de-rio-29.jpg 768w, http:\/\/cordobadirecto.com\/wp-content\/uploads\/2024\/02\/al-ritmo-de-la-alegria-comenzo-el-carnaval-de-rio-30.jpg 1536w, http:\/\/cordobadirecto.com\/wp-content\/uploads\/2024\/02\/al-ritmo-de-la-alegria-comenzo-el-carnaval-de-rio-31.jpg 629w, http:\/\/cordobadirecto.com\/wp-content\/uploads\/2024\/02\/al-ritmo-de-la-alegria-comenzo-el-carnaval-de-rio-32.jpg 537w, http:\/\/cordobadirecto.com\/wp-content\/uploads\/2024\/02\/al-ritmo-de-la-alegria-comenzo-el-carnaval-de-rio-33.jpg 640w, http:\/\/cordobadirecto.com\/wp-content\/uploads\/2024\/02\/al-ritmo-de-la-alegria-comenzo-el-carnaval-de-rio-34.jpg 681w, http:\/\/cordobadirecto.com\/wp-content\/uploads\/2024\/02\/al-ritmo-de-la-alegria-comenzo-el-carnaval-de-rio-35.jpg 2048w\" sizes=\"(max-width: 1024px) 100vw, 1024px\"><\/figure>\n<\/figure>\n<p><strong>Carnaval de Rio 2024&nbsp;<\/strong><\/p>\n<p>Las fechas oficiales para el Carnaval de R\u00edo en 2024 son del 9 al 12 de febrero, pero, como bien saben los amantes de esta festividad, las celebraciones comienzan antes y se prolongan m\u00e1s all\u00e1 de las fechas oficiales.<\/p>\n<ul>\n<li>9 de Febrero: La emoci\u00f3n del Carnaval se apodera de R\u00edo de Janeiro. Este d\u00eda marca el inicio de los desfiles de las escuelas de samba del Grupo de Acceso donde las escuelas emergentes muestran su talento y creatividad en el Samb\u00f3dromo, buscando un lugar en el prestigioso Grupo Especial.<\/li>\n<\/ul>\n<ul>\n<li>10 de Febrero: Seg\u00fando dia de desfile de las escuelas del Grupo de Acceso, la ciudad est\u00e1 en pleno apogeo del Carnaval. Los visitantes pueden unirse a las diversas fiestas y eventos que ocurren en toda la ciudad.<\/li>\n<\/ul>\n<ul>\n<li>11 de Febrero: Es la primera noche de desfiles de las escuelas de samba del Grupo Especial en el Samb\u00f3dromo. Las escuelas de samba m\u00e1s prestigiosas de R\u00edo muestran sus impresionantes disfraces, carrozas y sambistas en una competici\u00f3n espectacular por el t\u00edtulo de campeonas del Carnaval.<\/li>\n<\/ul>\n<ul>\n<li>12 de Febrero: Es la segunda y \u00faltima noche de desfiles del Grupo Especial en el Samb\u00f3dromo. La competici\u00f3n llega a su punto culminante mientras las escuelas de samba restantes presentan sus desfiles y la ciudad espera ansiosa para conocer a la campeona de este a\u00f1o.<\/li>\n<\/ul>\n<ul>\n<li>17 de Febrero: El D\u00eda de las Campeonas. Este es un evento imperdible donde las escuelas de samba ganadoras del Grupo Especial desfilan una vez m\u00e1s a trav\u00e9s del Samb\u00f3dromo, mostrando sus actuaciones ganadoras en una noche que es tanto una celebraci\u00f3n como una espectacular exhibici\u00f3n de cultura y arte.<\/li>\n<\/ul>\n<p>Adem\u00e1s de los desfiles en el Samb\u00f3dromo, los visitantes pueden disfrutar de una gran variedad de celebraciones en toda la ciudad, incluyendo los famosos bailes de Carnaval, fiestas en la playa y eventos exclusivos en algunos de los lugares m\u00e1s ic\u00f3nicos de R\u00edo. Entre algunas de las grandes presentaciones que se esperan este a\u00f1o se encuentra la de la artista Daniela Mercury, icono de la m\u00fasica brasile\u00f1a. Otros destacados son el tradicional Baile de Copa y el Carnaval de las Artes, en Marina da Gl\u00f3ria, festival de m\u00fasica que espera recibir alrededor de 15 mil personas por d\u00eda. El evento cuenta con otros grandes nombres de la m\u00fasica brasile\u00f1a.<\/p>\n<p>La ciudad espera ansiosa a todos los visitantes que podr\u00e1n disfrutar un a\u00f1o m\u00e1s de esta celebraci\u00f3n sin igual de la cultura carioca y uno de los eventos m\u00e1s importantes del mundo.<\/p>\n<p>M\u00e1s informaci\u00f3n: <a href=\"https:\/\/www.riocarnaval.com.br\/\">Rio Carnaval<\/a> \/ <a href=\"https:\/\/www.instagram.com\/visitrio.oficial\/\">Visit Rio<\/a><\/p>\n","protected":false},"excerpt":{"rendered":"<p>El majestuoso Carnaval de R\u00edo de Janeiro est\u00e1 de regreso este a\u00f1o, invitando a cariocas y turistas a vivir una noche inigualable. Reconocido como una de las celebraciones m\u00e1s espectaculares del mundo por su imponencia, organizaci\u00f3n y despliegue, el Carnaval de Rio de Janeiro atrae cada febrero a millones de personas que buscan vivir la [&hellip;]<\/p>\n","protected":false},"author":1,"featured_media":147380,"comment_status":"closed","ping_status":"closed","sticky":false,"template":"","format":"standard","meta":[],"categories":[22],"tags":[],"_links":{"self":[{"href":"http:\/\/cordobadirecto.com\/index.php\/wp-json\/wp\/v2\/posts\/147379"}],"collection":[{"href":"http:\/\/cordobadirecto.com\/index.php\/wp-json\/wp\/v2\/posts"}],"about":[{"href":"http:\/\/cordobadirecto.com\/index.php\/wp-json\/wp\/v2\/types\/post"}],"author":[{"embeddable":true,"href":"http:\/\/cordobadirecto.com\/index.php\/wp-json\/wp\/v2\/users\/1"}],"replies":[{"embeddable":true,"href":"http:\/\/cordobadirecto.com\/index.php\/wp-json\/wp\/v2\/comments?post=147379"}],"version-history":[{"count":0,"href":"http:\/\/cordobadirecto.com\/index.php\/wp-json\/wp\/v2\/posts\/147379\/revisions"}],"wp:featuredmedia":[{"embeddable":true,"href":"http:\/\/cordobadirecto.com\/index.php\/wp-json\/wp\/v2\/media\/147380"}],"wp:attachment":[{"href":"http:\/\/cordobadirecto.com\/index.php\/wp-json\/wp\/v2\/media?parent=147379"}],"wp:term":[{"taxonomy":"category","embeddable":true,"href":"http:\/\/cordobadirecto.com\/index.php\/wp-json\/wp\/v2\/categories?post=147379"},{"taxonomy":"post_tag","embeddable":true,"href":"http:\/\/cordobadirecto.com\/index.php\/wp-json\/wp\/v2\/tags?post=147379"}],"curies":[{"name":"wp","href":"https:\/\/api.w.org\/{rel}","templated":true}]}}