{"id":147389,"date":"2024-02-15T00:47:00","date_gmt":"2024-02-15T00:47:00","guid":{"rendered":"http:\/\/cordobadirecto.com\/index.php\/2024\/02\/15\/putin-lamento-que-rusia-no-haya-intervenido-antes-en-ucrania\/"},"modified":"2024-02-15T00:47:00","modified_gmt":"2024-02-15T00:47:00","slug":"putin-lamento-que-rusia-no-haya-intervenido-antes-en-ucrania","status":"publish","type":"post","link":"http:\/\/cordobadirecto.com\/index.php\/2024\/02\/15\/putin-lamento-que-rusia-no-haya-intervenido-antes-en-ucrania\/","title":{"rendered":"Putin lament\u00f3 que Rusia no haya intervenido antes en Ucrania"},"content":{"rendered":"<figure class=\"mb-3\"><img loading=\"lazy\" data-src=\"http:\/\/cordobadirecto.com\/wp-content\/uploads\/2024\/02\/putin-lamento-que-rusia-no-haya-intervenido-antes-en-ucrania.jpg\" src=\"https:\/\/www.telam.com.ar\/assets\/img\/not_image.png\" class=\" lazy \" width=\"100%\" height=\"100%\" alt=\"Foto AFP\"><figcaption> Foto: AFP <\/figcaption><\/figure>\n<p>El presidente de Rusia, Vladimir Putin, afirm\u00f3 este mi\u00e9rcoles que lo \u00fanico que pod\u00eda lamentar es que Rusia no haya comenzado antes una intervenci\u00f3n en Ucrania, a la que intervino militarmente hace casi dos a\u00f1os.<\/p>\n<p><strong>&#8220;Creo que lo \u00fanico que podemos lamentar es no haber comenzado acciones activas en Ucrania m\u00e1s temprano, pensando que est\u00e1bamos tratando con personas honestas&#8221;<\/strong>, dijo en una entrevista publicada en el canal de Telegram del Kremlin.<\/p>\n<p>Rusia intervino militarmente en Ucrania el 24 de febrero de 2022, ocho a\u00f1os despu\u00e9s de que se anexara la pen\u00ednsula ucraniana de Crimea y de que se firmaran los Acuerdos de Minsk -que solo se cumplieron parcialmente- para detener las hostilidades entre Kiev y las regiones ucranianas secesionistas prorrusas de Donestk y Lugansk.<\/p>\n<p>Seg\u00fan Putin, Rusia intervino en Ucrania con<strong> el prop\u00f3sito de proteger a la poblaci\u00f3n de &#8220;un genocidio por parte del r\u00e9gimen de Kiev&#8221; y conjurar los riesgos de seguridad nacional que representa el avance de la OTAN hacia el este.<\/strong><\/p>\n<figure class=\"mb-3\"><img loading=\"lazy\" data-src=\"http:\/\/cordobadirecto.com\/wp-content\/uploads\/2024\/02\/putin-lamento-que-rusia-no-haya-intervenido-antes-en-ucrania-1.jpg\" src=\"https:\/\/www.telam.com.ar\/assets\/img\/not_image.png\" class=\" lazy \" width=\"100%\" height=\"100%\" alt=\"Foto AFP\"><figcaption> Foto: AFP <\/figcaption><\/figure>\n<p>Numerosos pa\u00edses condenaron la operaci\u00f3n militar rusa y apoyan a Ucrania con suministros de armas, donaciones, ayuda humanitaria y sanciones contra Mosc\u00fa.<\/p>\n<p><strong>&#8220;Nosotros no desatamos esa guerra, solo intentamos terminarla; en una primera etapa quer\u00edamos hacerlo con medios pac\u00edficos, con la ayuda de los Acuerdos de Minsk&#8221;, sostuvo Putin.<\/strong><\/p>\n<p>&#8220;M\u00e1s tarde supimos que nos estaban enga\u00f1ando, pues la excanciller de Alemania y el expresidente de Francia declararon en p\u00fablico que ni pensaban cumplir esos acuerdos, solo estaban ganando tiempo para saturar con armas el r\u00e9gimen de Kiev&#8221;, dijo Putin en una entrevista con el periodista ruso P\u00e1vel Zarubin. <\/p>\n","protected":false},"excerpt":{"rendered":"<p>Foto: AFP El presidente de Rusia, Vladimir Putin, afirm\u00f3 este mi\u00e9rcoles que lo \u00fanico que pod\u00eda lamentar es que Rusia no haya comenzado antes una intervenci\u00f3n en Ucrania, a la que intervino militarmente hace casi dos a\u00f1os. &#8220;Creo que lo \u00fanico que podemos lamentar es no haber comenzado acciones activas en Ucrania m\u00e1s temprano, pensando [&hellip;]<\/p>\n","protected":false},"author":1,"featured_media":147390,"comment_status":"closed","ping_status":"closed","sticky":false,"template":"","format":"standard","meta":[],"categories":[24],"tags":[],"_links":{"self":[{"href":"http:\/\/cordobadirecto.com\/index.php\/wp-json\/wp\/v2\/posts\/147389"}],"collection":[{"href":"http:\/\/cordobadirecto.com\/index.php\/wp-json\/wp\/v2\/posts"}],"about":[{"href":"http:\/\/cordobadirecto.com\/index.php\/wp-json\/wp\/v2\/types\/post"}],"author":[{"embeddable":true,"href":"http:\/\/cordobadirecto.com\/index.php\/wp-json\/wp\/v2\/users\/1"}],"replies":[{"embeddable":true,"href":"http:\/\/cordobadirecto.com\/index.php\/wp-json\/wp\/v2\/comments?post=147389"}],"version-history":[{"count":0,"href":"http:\/\/cordobadirecto.com\/index.php\/wp-json\/wp\/v2\/posts\/147389\/revisions"}],"wp:featuredmedia":[{"embeddable":true,"href":"http:\/\/cordobadirecto.com\/index.php\/wp-json\/wp\/v2\/media\/147390"}],"wp:attachment":[{"href":"http:\/\/cordobadirecto.com\/index.php\/wp-json\/wp\/v2\/media?parent=147389"}],"wp:term":[{"taxonomy":"category","embeddable":true,"href":"http:\/\/cordobadirecto.com\/index.php\/wp-json\/wp\/v2\/categories?post=147389"},{"taxonomy":"post_tag","embeddable":true,"href":"http:\/\/cordobadirecto.com\/index.php\/wp-json\/wp\/v2\/tags?post=147389"}],"curies":[{"name":"wp","href":"https:\/\/api.w.org\/{rel}","templated":true}]}}