{"id":147391,"date":"2024-02-14T23:13:57","date_gmt":"2024-02-14T23:13:57","guid":{"rendered":"https:\/\/cordoba.gob.ar\/?p=55426"},"modified":"2024-02-14T23:13:57","modified_gmt":"2024-02-14T23:13:57","slug":"campana-contra-el-dengue-continuan-las-fumigaciones-por-diversos-sectores-de-la-ciudad","status":"publish","type":"post","link":"http:\/\/cordobadirecto.com\/index.php\/2024\/02\/14\/campana-contra-el-dengue-continuan-las-fumigaciones-por-diversos-sectores-de-la-ciudad\/","title":{"rendered":"Campa\u00f1a contra el Dengue: contin\u00faan las fumigaciones por diversos sectores de la ciudad"},"content":{"rendered":"<div><img src=\"http:\/\/cordobadirecto.com\/wp-content\/uploads\/2024\/02\/campana-contra-el-dengue-continuan-las-fumigaciones-por-diversos-sectores-de-la-ciudad.jpg\" class=\"ff-og-image-inserted\"><\/div>\n<p data-pm-slice=\"1 1 []\">En el marco de la campa\u00f1a contra el Dengue, la Municipalidad de C\u00f3rdoba llevar\u00e1 a cabo tareas de fumigaci\u00f3n este jueves 15 de febrero por la ma\u00f1ana (de 7:00 a 9:00 horas) en los siguientes barrios:<\/p>\n<ul class=\"ak-ul\">\n<li>Colinas de V\u00e9lez Sarsfield<\/li>\n<li>Parque Velez Sarsfield<\/li>\n<li>Los Olmos<\/li>\n<li>Cabo Farina<\/li>\n<li>Ampliaci\u00f3n&nbsp;Farina<\/li>\n<li>Parque Latino<\/li>\n<\/ul>\n<p>Por la tarde, de 18:00 a 20:00 horas, las cuadrillas se desplegar\u00e1n por:<\/p>\n<ul class=\"ak-ul\">\n<li>Jard\u00edn<\/li>\n<li>Villa Revol<\/li>\n<li>Santa Rita<\/li>\n<li>Jard\u00edn Espinosa<\/li>\n<li>Ampliaci\u00f3n Jard\u00edn Espinosa<\/li>\n<li>Jockey Club<\/li>\n<li>Ipona<\/li>\n<li>San Fernando<\/li>\n<li>Amp. San Fernando<\/li>\n<li>Villa San Isidro<\/li>\n<li>Kennedy<\/li>\n<li>Amp Kennedy<\/li>\n<li>Jard\u00edn Hip\u00f3dromo<\/li>\n<li>Artigas<\/li>\n<li>Amp. Artigas<\/li>\n<li>Parque Alameda<\/li>\n<li>2 de Abril<\/li>\n<li>Inaudi<\/li>\n<li>Bajo Inaudi<\/li>\n<li>Posta de Vargas<\/li>\n<li>Anexo Posta de Vargas<\/li>\n<li>Jard\u00edn del sud<\/li>\n<li>La Vaquita Echada<\/li>\n<li>Nuestro&nbsp;Hogar&nbsp;I<\/li>\n<\/ul>\n<p>Se recuerda a los vecinos abrir puertas y ventanas mientras recorren las calles los veh\u00edculos que llevan adelante la fumigaci\u00f3n.<\/p>\n","protected":false},"excerpt":{"rendered":"<p>En el marco de la campa\u00f1a contra el Dengue, la Municipalidad de C\u00f3rdoba llevar\u00e1 a cabo tareas de fumigaci\u00f3n este jueves 15 de febrero por la ma\u00f1ana (de 7:00 a 9:00 horas) en los siguientes barrios: Colinas de V\u00e9lez Sarsfield Parque Velez Sarsfield Los Olmos Cabo Farina Ampliaci\u00f3n&nbsp;Farina Parque Latino Por la tarde, de 18:00 [&hellip;]<\/p>\n","protected":false},"author":1,"featured_media":147392,"comment_status":"closed","ping_status":"closed","sticky":false,"template":"","format":"standard","meta":[],"categories":[44],"tags":[],"_links":{"self":[{"href":"http:\/\/cordobadirecto.com\/index.php\/wp-json\/wp\/v2\/posts\/147391"}],"collection":[{"href":"http:\/\/cordobadirecto.com\/index.php\/wp-json\/wp\/v2\/posts"}],"about":[{"href":"http:\/\/cordobadirecto.com\/index.php\/wp-json\/wp\/v2\/types\/post"}],"author":[{"embeddable":true,"href":"http:\/\/cordobadirecto.com\/index.php\/wp-json\/wp\/v2\/users\/1"}],"replies":[{"embeddable":true,"href":"http:\/\/cordobadirecto.com\/index.php\/wp-json\/wp\/v2\/comments?post=147391"}],"version-history":[{"count":0,"href":"http:\/\/cordobadirecto.com\/index.php\/wp-json\/wp\/v2\/posts\/147391\/revisions"}],"wp:featuredmedia":[{"embeddable":true,"href":"http:\/\/cordobadirecto.com\/index.php\/wp-json\/wp\/v2\/media\/147392"}],"wp:attachment":[{"href":"http:\/\/cordobadirecto.com\/index.php\/wp-json\/wp\/v2\/media?parent=147391"}],"wp:term":[{"taxonomy":"category","embeddable":true,"href":"http:\/\/cordobadirecto.com\/index.php\/wp-json\/wp\/v2\/categories?post=147391"},{"taxonomy":"post_tag","embeddable":true,"href":"http:\/\/cordobadirecto.com\/index.php\/wp-json\/wp\/v2\/tags?post=147391"}],"curies":[{"name":"wp","href":"https:\/\/api.w.org\/{rel}","templated":true}]}}