{"id":147404,"date":"2024-02-14T20:37:25","date_gmt":"2024-02-14T20:37:25","guid":{"rendered":"https:\/\/www.ole.com.ar\/autos\/tc_0_KP3CntTwdp.html"},"modified":"2024-02-14T20:37:25","modified_gmt":"2024-02-14T20:37:25","slug":"cuantos-autos-del-nuevo-tc-afrontaran-la-temporada-2024","status":"publish","type":"post","link":"http:\/\/cordobadirecto.com\/index.php\/2024\/02\/14\/cuantos-autos-del-nuevo-tc-afrontaran-la-temporada-2024\/","title":{"rendered":"\u00bfCu\u00e1ntos autos del nuevo TC afrontar\u00e1n la temporada 2024?"},"content":{"rendered":"<p><time class=\"createDate\" datetime=\"2024-02-14T17:37:25-03:00\">14\/02\/2024 17:37hs.<\/time><\/p>\n<div id=\"storyBody\">\n<div class=\"custom-text \" readability=\"36\">\n<p>La temporada 2024 del Turismo Carretera comenzar\u00e1 el 25 de febrero en el aut\u00f3dromo de El Calafate y la m\u00e1xima se prepara para afrontar una edici\u00f3n con nuevos desaf\u00edos ya que los autos actuales se mezclar\u00e1n con los de la nueva generaci\u00f3n. Seg\u00fan pudo averiguar Carburando, durante la temporada 2024 se ir\u00e1n sumando autos nuevos. <strong><em>\u00bfQui\u00e9nes son los pilotos que piensan cambiar de auto tradicional a nueva generaci\u00f3n durante el campeonato?<\/em><\/strong><\/p>\n<\/div>\n<div class=\"sc-e7b891c4-0 jPbnQF\"><img alt=\"TC: los autos de nueva generaci\u00f3n que se sumar\u00edan durante 2024\" src=\"http:\/\/cordobadirecto.com\/wp-content\/uploads\/2024\/02\/cuantos-autos-del-nuevo-tc-afrontaran-la-temporada-2024.jpg\" width=\"720\" height=\"100\" decoding=\"async\" data-nimg=\"future\" loading=\"lazy\"><span class=\"epigraphe\">TC: los autos de nueva generaci\u00f3n que se sumar\u00edan durante 2024<\/span><\/div>\n<div class=\"custom-text \" readability=\"36\">\n<p><strong>Hugo Mazzacane<\/strong>, Presidente de la ACTC, habl\u00f3 en una conferencia de prensa el d\u00eda s\u00e1bado en el marco de la presentaci\u00f3n de la nueva temporada de las TC Pick Up y<strong> confirm\u00f3 que espera para este a\u00f1o sumar al menos 20 autos de la nueva generaci\u00f3n del Turismo Carretera<\/strong>.<\/p>\n<\/div>\n<div class=\"custom-text \" readability=\"35\">\n<p>Seg\u00fan informaci\u00f3n de Carburando, <strong>la temporada comenzar\u00e1 con aproximadamente 10 autos nuevos en El Calafate<\/strong>, pero <strong><em>\u00bfQui\u00e9nes son los que est\u00e1n en proceso de armado?<\/em><\/strong><\/p>\n<\/div>\n<div class=\"custom-text \" readability=\"33\">\n<p><strong>Juan Pablo Gianini<\/strong> confirm\u00f3 que el armado del <strong>Mustang <\/strong>est\u00e1 en proceso y que espera sumarse cuando todo funcione correctamente.<\/p>\n<\/div>\n<div class=\"custom-text \" readability=\"34\">\n<p>Guillermo Cruzzetti cont\u00f3 que le est\u00e1n armando un <strong>Chevrolet Camaro<\/strong> a <strong>Facundo Ardusso<\/strong> dentro del equipo <strong>Rus Med Team<\/strong>. Mientras que otro de los pilotos que est\u00e1 en proceso de armado de un <strong>Camaro <\/strong>es <strong>Gast\u00f3n Mazzacane<\/strong>.<\/p>\n<\/div>\n<div class=\"custom-text \" readability=\"39\">\n<p>Por otra parte, Omar \u201cGuri\u201d Mart\u00ednez charl\u00f3 en exclusiva y dijo: <em>\u201cLa idea es que Agust\u00edn se suba a un Toyota Camry\u201d<\/em>, refiri\u00e9ndose a <strong>Agust\u00edn Mart\u00ednez<\/strong>, su hijo que debutar\u00e1 este a\u00f1o dentro de la m\u00e1xima. Mart\u00ednez empezar\u00e1 el a\u00f1o con el mismo auto que corri\u00f3 en el TC Pista con Ford, lo usar\u00e1 por tres o cuatro carreras y despu\u00e9s pondr\u00e1 en pista el <strong>Toyota Camry<\/strong> que est\u00e1 en proceso de enchapado.<\/p>\n<\/div>\n<\/div>\n","protected":false},"excerpt":{"rendered":"<p>14\/02\/2024 17:37hs. La temporada 2024 del Turismo Carretera comenzar\u00e1 el 25 de febrero en el aut\u00f3dromo de El Calafate y la m\u00e1xima se prepara para afrontar una edici\u00f3n con nuevos desaf\u00edos ya que los autos actuales se mezclar\u00e1n con los de la nueva generaci\u00f3n. Seg\u00fan pudo averiguar Carburando, durante la temporada 2024 se ir\u00e1n sumando [&hellip;]<\/p>\n","protected":false},"author":1,"featured_media":147405,"comment_status":"closed","ping_status":"closed","sticky":false,"template":"","format":"standard","meta":[],"categories":[21],"tags":[],"_links":{"self":[{"href":"http:\/\/cordobadirecto.com\/index.php\/wp-json\/wp\/v2\/posts\/147404"}],"collection":[{"href":"http:\/\/cordobadirecto.com\/index.php\/wp-json\/wp\/v2\/posts"}],"about":[{"href":"http:\/\/cordobadirecto.com\/index.php\/wp-json\/wp\/v2\/types\/post"}],"author":[{"embeddable":true,"href":"http:\/\/cordobadirecto.com\/index.php\/wp-json\/wp\/v2\/users\/1"}],"replies":[{"embeddable":true,"href":"http:\/\/cordobadirecto.com\/index.php\/wp-json\/wp\/v2\/comments?post=147404"}],"version-history":[{"count":0,"href":"http:\/\/cordobadirecto.com\/index.php\/wp-json\/wp\/v2\/posts\/147404\/revisions"}],"wp:featuredmedia":[{"embeddable":true,"href":"http:\/\/cordobadirecto.com\/index.php\/wp-json\/wp\/v2\/media\/147405"}],"wp:attachment":[{"href":"http:\/\/cordobadirecto.com\/index.php\/wp-json\/wp\/v2\/media?parent=147404"}],"wp:term":[{"taxonomy":"category","embeddable":true,"href":"http:\/\/cordobadirecto.com\/index.php\/wp-json\/wp\/v2\/categories?post=147404"},{"taxonomy":"post_tag","embeddable":true,"href":"http:\/\/cordobadirecto.com\/index.php\/wp-json\/wp\/v2\/tags?post=147404"}],"curies":[{"name":"wp","href":"https:\/\/api.w.org\/{rel}","templated":true}]}}