{"id":147436,"date":"2024-02-16T11:46:03","date_gmt":"2024-02-16T11:46:03","guid":{"rendered":"https:\/\/www.bbc.com\/mundo\/articles\/cp49j7rx2rwo"},"modified":"2024-02-16T11:46:03","modified_gmt":"2024-02-16T11:46:03","slug":"muere-en-prision-alexei-navalny-el-mayor-opositor-de-vladimir-putin","status":"publish","type":"post","link":"http:\/\/cordobadirecto.com\/index.php\/2024\/02\/16\/muere-en-prision-alexei-navalny-el-mayor-opositor-de-vladimir-putin\/","title":{"rendered":"Muere en prisi\u00f3n Alexei Navalny, el mayor opositor de Vladimir Putin"},"content":{"rendered":"<figure class=\"bbc-1qn0xuy\" readability=\"1.5\">\n<div class=\"bbc-1gazxmd\" readability=\"8\"><picture><img loading=\"lazy\" src=\"http:\/\/cordobadirecto.com\/wp-content\/uploads\/2024\/02\/muere-en-prision-alexei-navalny-el-mayor-opositor-de-vladimir-putin.jpg\" srcset=\"http:\/\/cordobadirecto.com\/wp-content\/uploads\/2024\/02\/muere-en-prision-alexei-navalny-el-mayor-opositor-de-vladimir-putin-4.jpg 240w, http:\/\/cordobadirecto.com\/wp-content\/uploads\/2024\/02\/muere-en-prision-alexei-navalny-el-mayor-opositor-de-vladimir-putin-5.jpg 320w, http:\/\/cordobadirecto.com\/wp-content\/uploads\/2024\/02\/muere-en-prision-alexei-navalny-el-mayor-opositor-de-vladimir-putin-6.jpg 480w, http:\/\/cordobadirecto.com\/wp-content\/uploads\/2024\/02\/muere-en-prision-alexei-navalny-el-mayor-opositor-de-vladimir-putin-7.jpg 624w, http:\/\/cordobadirecto.com\/wp-content\/uploads\/2024\/02\/muere-en-prision-alexei-navalny-el-mayor-opositor-de-vladimir-putin-8.jpg 800w\" sizes=\"(min-width: 1008px) 760px, 100vw\" alt=\"Navalny en 2018. \" width=\"1024\" height=\"661\" class=\"bbc-139onq\"><\/picture>\n<p class=\"bbc-kaivkm\" role=\"text\"><span class=\"bbc-m04vo2\">Fuente de la imagen, <\/span><span lang=\"en-GB\">Getty Images<\/span><\/p>\n<\/div><figcaption dir=\"ltr\" class=\"bbc-1jsyunq e6i104o0\" readability=\"1\"><span role=\"text\" readability=\"2\"><span class=\"bbc-m04vo2\">Pie de foto, <\/span><\/p>\n<p>Navalny cumpl\u00eda condena en una de las c\u00e1rceles m\u00e1s duras de Rusia. <\/p>\n<p><\/span><\/figcaption><\/figure>\n<section role=\"region\" aria-labelledby=\"article-byline\" class=\"bbc-1vjaf6b\"><strong id=\"article-byline\" aria-hidden=\"true\" class=\"bbc-m04vo2\">Article information<\/strong><\/p>\n<ul role=\"list\" class=\"bbc-1rvtlej\">\n<li><span role=\"text\"><span class=\"bbc-m04vo2\">Author, <\/span><span class=\"bbc-1ypcc2\">Redacci\u00f3n<\/span><\/span><\/li>\n<li><span role=\"text\"><span class=\"bbc-m04vo2\">Role, <!-- --> <\/span><span class=\"bbc-1y5sx98\">BBC News Mundo<\/span><\/span><\/li>\n<li class=\"bbc-v8pmqw\">\n<div dir=\"ltr\" class=\"bbc-19j92fr ebmt73l0\"><time datetime=\"2024-02-16\" class=\"bbc-1dafq0j e1mklfmt0\">16 febrero 2024, 11:46 GMT<\/time><\/p>\n<p><time datetime=\"2024-02-16\" class=\"bbc-1dafq0j e1mklfmt0\">Actualizado 10 minutos<\/time><\/p>\n<\/div>\n<\/li>\n<\/ul>\n<\/section>\n<div dir=\"ltr\" class=\"bbc-19j92fr ebmt73l0\" readability=\"11\">\n<p dir=\"ltr\" class=\"bbc-hhl7in e17g058b0\"><b>Alexei Navalny, el l\u00edder opositor m\u00e1s importante en Rusia en la \u00faltima d\u00e9cada, muri\u00f3 este viernes en prisi\u00f3n, seg\u00fan report\u00f3 el servicio penitenciario. <\/b><\/p>\n<\/div>\n<div dir=\"ltr\" class=\"bbc-19j92fr ebmt73l0\" readability=\"10\">\n<p dir=\"ltr\" class=\"bbc-hhl7in e17g058b0\">Navalny, de 47 a\u00f1os, era considerado el mayor cr\u00edtico del presidente <b>Vladimir Putin<\/b> y cumpl\u00eda una condena de 19 a\u00f1os por delitos que los opositores consideraban como pol\u00edticos. <\/p>\n<\/div>\n<div dir=\"ltr\" class=\"bbc-19j92fr ebmt73l0\" readability=\"9\">\n<p dir=\"ltr\" class=\"bbc-hhl7in e17g058b0\">A finales del a\u00f1o pasado fue trasladado a una colonia penal del \u00c1rtico, considerada una de las c\u00e1rceles m\u00e1s duras del pa\u00eds. <\/p>\n<\/div>\n<div dir=\"ltr\" class=\"bbc-19j92fr ebmt73l0\" readability=\"8\">\n<p dir=\"ltr\" class=\"bbc-hhl7in e17g058b0\">El servicio penitenciario del distrito de Yamalo-Nenets dijo que se hab\u00eda &#8220;sentido mal&#8221; tras un paseo a pie este viernes. <\/p>\n<\/div>\n<div dir=\"ltr\" class=\"bbc-19j92fr ebmt73l0\" readability=\"10\">\n<p dir=\"ltr\" class=\"bbc-hhl7in e17g058b0\">&#8220;Perdi\u00f3 la conciencia casi inmediatamente&#8221;, dijo el servicio en un comunicado, a\u00f1adiendo que un equipo m\u00e9dico de emergencias acudi\u00f3 r\u00e1pido y lo intent\u00f3 resucitar sin \u00e9xito. <\/p>\n<\/div>\n<div dir=\"ltr\" class=\"bbc-19j92fr ebmt73l0\" readability=\"8\">\n<p dir=\"ltr\" class=\"bbc-hhl7in e17g058b0\">Las causas de su muerte se est\u00e1n determinando, inform\u00f3 la agencia de noticias Tass.<\/p>\n<\/div>\n<div dir=\"ltr\" class=\"bbc-19j92fr ebmt73l0\" readability=\"11\">\n<p dir=\"ltr\" class=\"bbc-hhl7in e17g058b0\">Kira Yarmysh, portavoz de Navalny, dijo que su equipo no hab\u00eda recibido informaci\u00f3n sobre la muerte, pero que el abogado del opositor estaba viajando a Siberia. <\/p>\n<\/div>\n<div dir=\"ltr\" class=\"bbc-19j92fr ebmt73l0\" readability=\"10\">\n<p dir=\"ltr\" class=\"bbc-hhl7in e17g058b0\">El portavoz del Kremlin, Dmitry Peskov, confirm\u00f3 que Putin hab\u00eda sido informado del fallecimiento de Navalny.<\/p>\n<\/div>\n<p><h2 id=\"Qui\u00e9n-era-Navalny-y-por-qu\u00e9-estaba-en-prisi\u00f3n\" tabindex=\"-1\" class=\"bbc-1f03ibc eglt09e0\">Qui\u00e9n era Navalny y por qu\u00e9 estaba en prisi\u00f3n<\/h2>\n<\/p>\n<figure class=\"bbc-1qn0xuy\" readability=\"1.5\">\n<div class=\"bbc-1gazxmd\" readability=\"8\"><picture><img src=\"http:\/\/cordobadirecto.com\/wp-content\/uploads\/2024\/02\/muere-en-prision-alexei-navalny-el-mayor-opositor-de-vladimir-putin-1.jpg\" srcset=\"http:\/\/cordobadirecto.com\/wp-content\/uploads\/2024\/02\/muere-en-prision-alexei-navalny-el-mayor-opositor-de-vladimir-putin-9.jpg 240w, http:\/\/cordobadirecto.com\/wp-content\/uploads\/2024\/02\/muere-en-prision-alexei-navalny-el-mayor-opositor-de-vladimir-putin-10.jpg 320w, http:\/\/cordobadirecto.com\/wp-content\/uploads\/2024\/02\/muere-en-prision-alexei-navalny-el-mayor-opositor-de-vladimir-putin-11.jpg 480w, http:\/\/cordobadirecto.com\/wp-content\/uploads\/2024\/02\/muere-en-prision-alexei-navalny-el-mayor-opositor-de-vladimir-putin-12.jpg 624w, http:\/\/cordobadirecto.com\/wp-content\/uploads\/2024\/02\/muere-en-prision-alexei-navalny-el-mayor-opositor-de-vladimir-putin-13.jpg 800w\" sizes=\"(min-width: 1008px) 760px, 100vw\" alt=\"Navalny en una audiencia virtual. \" loading=\"lazy\" width=\"1024\" height=\"683\" class=\"bbc-139onq\"><\/picture>\n<p class=\"bbc-kaivkm\" role=\"text\"><span class=\"bbc-m04vo2\">Fuente de la imagen, <\/span><span lang=\"en-GB\">Getty Images<\/span><\/p>\n<\/div><figcaption dir=\"ltr\" class=\"bbc-1jsyunq e6i104o0\" readability=\"1\"><span role=\"text\" readability=\"2\"><span class=\"bbc-m04vo2\">Pie de foto, <\/span><\/p>\n<p>Navalny apareci\u00f3 en una audiencia el pasado mes de enero desde el penal en el \u00c1rtico.<\/p>\n<p><\/span><\/figcaption><\/figure>\n<div dir=\"ltr\" class=\"bbc-19j92fr ebmt73l0\" readability=\"8\">\n<p dir=\"ltr\" class=\"bbc-hhl7in e17g058b0\">Navalny llevaba en la c\u00e1rcel desde 2021 y en diciembre fue trasladado a una colonia penal del \u00c1rtico en Siberia. <\/p>\n<\/div>\n<div dir=\"ltr\" class=\"bbc-19j92fr ebmt73l0\" readability=\"8\">\n<p dir=\"ltr\" class=\"bbc-hhl7in e17g058b0\">Los cargos en su contra son ampliamente considerados como pol\u00edticos. Era uno de los cr\u00edticos m\u00e1s medi\u00e1ticos y duros de Putin. <\/p>\n<\/div>\n<div dir=\"ltr\" class=\"bbc-19j92fr ebmt73l0\" readability=\"8\">\n<p dir=\"ltr\" class=\"bbc-hhl7in e17g058b0\">Primero fue condenado a tres a\u00f1os y medio por violar las condiciones de una sentencia suspendida por <b>malversaci\u00f3n de fondos<\/b>. <\/p>\n<\/div>\n<div dir=\"ltr\" class=\"bbc-19j92fr ebmt73l0\" readability=\"9\">\n<p dir=\"ltr\" class=\"bbc-hhl7in e17g058b0\">En febrero de 2022 fue enjuiciado nuevamente. Esta vez se aleg\u00f3 que <b>Navalny hab\u00eda robado US$4,7 millones<\/b> de donaciones otorgadas a sus organizaciones pol\u00edticas. <\/p>\n<\/div>\n<div dir=\"ltr\" class=\"bbc-19j92fr ebmt73l0\" readability=\"9\">\n<p dir=\"ltr\" class=\"bbc-hhl7in e17g058b0\">&#8220;Van a incrementar mi sentencia indefinidamente. \u00bfQu\u00e9 podemos hacer?&#8221;, dijo Navalny durante una audiencia judicial. <\/p>\n<\/div>\n<div dir=\"ltr\" class=\"bbc-19j92fr ebmt73l0\" readability=\"8\">\n<p dir=\"ltr\" class=\"bbc-hhl7in e17g058b0\">El opositor fue declarado culpable y condenado a pasar nueve a\u00f1os en una &#8220;colonia penal de r\u00e9gimen estricto&#8221;.<\/p>\n<\/div>\n<div dir=\"ltr\" class=\"bbc-19j92fr ebmt73l0\" readability=\"10\">\n<p dir=\"ltr\" class=\"bbc-hhl7in e17g058b0\">En agosto del a\u00f1o pasado, <b>su castigo fue extendido a 19 a\u00f1os tras ser hallado culpable de crear y financiar una organizaci\u00f3n extremista<\/b>, cargos que Navalny neg\u00f3. <\/p>\n<\/div>\n<figure class=\"bbc-1qn0xuy\" readability=\"1.5\">\n<div class=\"bbc-1gazxmd\" readability=\"8\"><picture><img src=\"http:\/\/cordobadirecto.com\/wp-content\/uploads\/2024\/02\/muere-en-prision-alexei-navalny-el-mayor-opositor-de-vladimir-putin-2.jpg\" srcset=\"http:\/\/cordobadirecto.com\/wp-content\/uploads\/2024\/02\/muere-en-prision-alexei-navalny-el-mayor-opositor-de-vladimir-putin-14.jpg 240w, http:\/\/cordobadirecto.com\/wp-content\/uploads\/2024\/02\/muere-en-prision-alexei-navalny-el-mayor-opositor-de-vladimir-putin-15.jpg 320w, http:\/\/cordobadirecto.com\/wp-content\/uploads\/2024\/02\/muere-en-prision-alexei-navalny-el-mayor-opositor-de-vladimir-putin-16.jpg 480w, http:\/\/cordobadirecto.com\/wp-content\/uploads\/2024\/02\/muere-en-prision-alexei-navalny-el-mayor-opositor-de-vladimir-putin-17.jpg 624w, http:\/\/cordobadirecto.com\/wp-content\/uploads\/2024\/02\/muere-en-prision-alexei-navalny-el-mayor-opositor-de-vladimir-putin-18.jpg 800w\" sizes=\"(min-width: 1008px) 760px, 100vw\" alt=\"Navalny en 2018.\" loading=\"lazy\" width=\"1024\" height=\"683\" class=\"bbc-139onq\"><\/picture>\n<p class=\"bbc-kaivkm\" role=\"text\"><span class=\"bbc-m04vo2\">Fuente de la imagen, <\/span><span lang=\"en-GB\">Getty Images<\/span><\/p>\n<\/div><figcaption dir=\"ltr\" class=\"bbc-1jsyunq e6i104o0\" readability=\"1.5\"><span role=\"text\" readability=\"3\"><span class=\"bbc-m04vo2\">Pie de foto, <\/span><\/p>\n<p>Navalny gan\u00f3 millones de seguidores en el mundo por su abierta oposici\u00f3n a Putin y su carisma al hacer campa\u00f1as. <\/p>\n<p><\/span><\/figcaption><\/figure>\n<div dir=\"ltr\" class=\"bbc-19j92fr ebmt73l0\" readability=\"9\">\n<p dir=\"ltr\" class=\"bbc-hhl7in e17g058b0\">Por m\u00e1s de una d\u00e9cada, <b>Navalny expuso la corrupci\u00f3n dentro del seno de poder ruso<\/b>. Sus investigaciones en video recib\u00edan millones de reproducciones en l\u00ednea. <\/p>\n<\/div>\n<div dir=\"ltr\" class=\"bbc-19j92fr ebmt73l0\" readability=\"9\">\n<p dir=\"ltr\" class=\"bbc-hhl7in e17g058b0\">El opositor cre\u00f3 una red de oficinas regionales para hacer campa\u00f1a y presentarse como candidato a la presidencia en 2018, pero fue vetado. <\/p>\n<\/div>\n<div dir=\"ltr\" class=\"bbc-19j92fr ebmt73l0\" readability=\"9\">\n<p dir=\"ltr\" class=\"bbc-hhl7in e17g058b0\">En 2020, <b>fue envenenado en Siberia<\/b>. Laboratorios occidentales confirmaron luego que la causa fue la exposici\u00f3n a un agente nervioso. Fue tratado en Alemania. <\/p>\n<\/div>\n<div dir=\"ltr\" class=\"bbc-19j92fr ebmt73l0\" readability=\"7\">\n<p dir=\"ltr\" class=\"bbc-hhl7in e17g058b0\">Al recuperarse <b>volvi\u00f3 a Rusia en enero de 2021 y fue inmediatamente arrestado. <\/b><\/p>\n<\/div>\n<div dir=\"ltr\" class=\"bbc-19j92fr ebmt73l0\" readability=\"7\">\n<p dir=\"ltr\" class=\"bbc-hhl7in e17g058b0\">Antes de prisi\u00f3n viv\u00eda en Mosc\u00fa con su esposa Yulia y dos hijos. <\/p>\n<\/div>\n<p><h2 id=\"Navalny-sab\u00eda-los-riesgos-de-regresar-y-fue-desafiante-en-prisi\u00f3n-\" tabindex=\"-1\" class=\"bbc-1f03ibc eglt09e0\">&#8220;Navalny sab\u00eda los riesgos de regresar y fue desafiante en prisi\u00f3n&#8221; <\/h2>\n<\/p>\n<div dir=\"ltr\" class=\"bbc-19j92fr ebmt73l0\" readability=\"7\">\n<p dir=\"ltr\" class=\"bbc-hhl7in e17g058b0\"><b>An\u00e1lisis de Sarah Rainsford &#8211; Corresponsal de Europa del Este de la BBC<\/b><\/p>\n<\/div>\n<div dir=\"ltr\" class=\"bbc-19j92fr ebmt73l0\" readability=\"9\">\n<p dir=\"ltr\" class=\"bbc-hhl7in e17g058b0\">Cuando Navalny sobrevi\u00f3 al intento de asesinato con el agente nervioso Novichok, sab\u00eda que jam\u00e1s volver\u00eda a estar a salvo en Rusia. <\/p>\n<\/div>\n<div dir=\"ltr\" class=\"bbc-19j92fr ebmt73l0\" readability=\"8\">\n<p dir=\"ltr\" class=\"bbc-hhl7in e17g058b0\">Sin embargo, tras recuperarse en Alemania del envenenamiento vol\u00f3 de vuelta a casa. <\/p>\n<\/div>\n<div dir=\"ltr\" class=\"bbc-19j92fr ebmt73l0\" readability=\"10\">\n<p dir=\"ltr\" class=\"bbc-hhl7in e17g058b0\">Como pol\u00edtico ruso, no pod\u00eda contemplar la vida de migrante pol\u00edtico, cada vez m\u00e1s desconectado e irrelevante. <\/p>\n<\/div>\n<div dir=\"ltr\" class=\"bbc-19j92fr ebmt73l0\" readability=\"7\">\n<p dir=\"ltr\" class=\"bbc-hhl7in e17g058b0\">Dijo querer estar en Rusia sin importar el riesgo. <\/p>\n<\/div>\n<div dir=\"ltr\" class=\"bbc-19j92fr ebmt73l0\" readability=\"7\">\n<p dir=\"ltr\" class=\"bbc-hhl7in e17g058b0\">Aunque el riesgo era enorme. <\/p>\n<\/div>\n<div dir=\"ltr\" class=\"bbc-19j92fr ebmt73l0\" readability=\"8\">\n<p dir=\"ltr\" class=\"bbc-hhl7in e17g058b0\">Navalny fue arrestado tan pronto aterriz\u00f3 en Mosc\u00fa en enero de 2021 y ha estado encerrado desde entonces. <\/p>\n<\/div>\n<div dir=\"ltr\" class=\"bbc-19j92fr ebmt73l0\" readability=\"10\">\n<p dir=\"ltr\" class=\"bbc-hhl7in e17g058b0\">Aparec\u00eda en video desde prisi\u00f3n, peri\u00f3dicamente, para audiencias sobre m\u00faltiples casos criminales en su contra &#8211; todo excusas para mantenerle tras las rejas. <\/p>\n<\/div>\n<div dir=\"ltr\" class=\"bbc-19j92fr ebmt73l0\" readability=\"9\">\n<p dir=\"ltr\" class=\"bbc-hhl7in e17g058b0\">Estaba demacrado; su cabeza afeitada, su uniforme de prisi\u00f3n colgando. Pero nunca son\u00f3 m\u00e1s desafiante. <\/p>\n<\/div>\n<div dir=\"ltr\" class=\"bbc-19j92fr ebmt73l0\" readability=\"9\">\n<p dir=\"ltr\" class=\"bbc-hhl7in e17g058b0\">Navalny jam\u00e1s abandon\u00f3 sus esperanzas y creencias en lo que su equipo llamaba &#8220;la Rusia bella del futuro&#8221;: el final del mandato largo y represivo de Putin y el porvenir del cambio pol\u00edtico en su pa\u00eds. <\/p>\n<\/div>\n<div dir=\"ltr\" class=\"bbc-19j92fr ebmt73l0\" readability=\"12\">\n<p dir=\"ltr\" class=\"bbc-hhl7in e17g058b0\">Pero desde su arresto, Putin lanz\u00f3 una guerra en Ucrania, la organizaci\u00f3n pol\u00edtica de Navalny fue vetada como &#8220;extremista&#8221;, miembros de su equipo fueron arrestados y conocidos cr\u00edticos de Putin huyeron del pa\u00eds o fueron encarcelados. <\/p>\n<\/div>\n<div dir=\"ltr\" class=\"bbc-19j92fr ebmt73l0\" readability=\"7\">\n<p dir=\"ltr\" class=\"bbc-hhl7in e17g058b0\">Los familiares de esos prisioneros deben estar hoy aterrorizados tambi\u00e9n. <\/p>\n<\/div>\n<div dir=\"ltr\" class=\"bbc-19j92fr ebmt73l0\" readability=\"8\">\n<p dir=\"ltr\" class=\"bbc-hhl7in e17g058b0\">Para ellos y todos los que imaginaron una Rusia distinta, el panorama nunca fue tan desolador. <\/p>\n<\/div>\n<p><h2 id=\"Pag\u00f3-su-coraje\" tabindex=\"-1\" class=\"bbc-1f03ibc eglt09e0\">&#8220;Pag\u00f3 su coraje&#8221;<\/h2>\n<\/p>\n<figure class=\"bbc-1qn0xuy\" readability=\"1.5\">\n<div class=\"bbc-1gazxmd\" readability=\"8\"><picture><img src=\"http:\/\/cordobadirecto.com\/wp-content\/uploads\/2024\/02\/muere-en-prision-alexei-navalny-el-mayor-opositor-de-vladimir-putin-3.jpg\" srcset=\"http:\/\/cordobadirecto.com\/wp-content\/uploads\/2024\/02\/muere-en-prision-alexei-navalny-el-mayor-opositor-de-vladimir-putin-19.jpg 240w, http:\/\/cordobadirecto.com\/wp-content\/uploads\/2024\/02\/muere-en-prision-alexei-navalny-el-mayor-opositor-de-vladimir-putin-20.jpg 320w, http:\/\/cordobadirecto.com\/wp-content\/uploads\/2024\/02\/muere-en-prision-alexei-navalny-el-mayor-opositor-de-vladimir-putin-21.jpg 480w, http:\/\/cordobadirecto.com\/wp-content\/uploads\/2024\/02\/muere-en-prision-alexei-navalny-el-mayor-opositor-de-vladimir-putin-22.jpg 624w, http:\/\/cordobadirecto.com\/wp-content\/uploads\/2024\/02\/muere-en-prision-alexei-navalny-el-mayor-opositor-de-vladimir-putin-23.jpg 800w\" sizes=\"(min-width: 1008px) 760px, 100vw\" alt=\"Charles Michel. \" loading=\"lazy\" width=\"1024\" height=\"683\" class=\"bbc-139onq\"><\/picture>\n<p class=\"bbc-kaivkm\" role=\"text\"><span class=\"bbc-m04vo2\">Fuente de la imagen, <\/span><span lang=\"en-GB\">Getty Images<\/span><\/p>\n<\/div><figcaption dir=\"ltr\" class=\"bbc-1jsyunq e6i104o0\" readability=\"2\"><span role=\"text\" readability=\"4\"><span class=\"bbc-m04vo2\">Pie de foto, <\/span><\/p>\n<p>Charles Michel, presidente del Consejo Europeo, reaccion\u00f3 con dureza a la muerte de Navalny. <\/p>\n<p><\/span><\/figcaption><\/figure>\n<div dir=\"ltr\" class=\"bbc-19j92fr ebmt73l0\" readability=\"7\">\n<p dir=\"ltr\" class=\"bbc-hhl7in e17g058b0\">La noticia levant\u00f3 reacciones inmediatas por parte de varios l\u00edderes mundiales. <\/p>\n<\/div>\n<div dir=\"ltr\" class=\"bbc-19j92fr ebmt73l0\" readability=\"10\">\n<p dir=\"ltr\" class=\"bbc-hhl7in e17g058b0\"><b>El secretario general de la OTAN, Jens Stoltenberg<\/b>, dijo estar &#8220;entristecido y consternado por los reportes que llegan de Rusia&#8221;.<\/p>\n<\/div>\n<div dir=\"ltr\" class=\"bbc-19j92fr ebmt73l0\" readability=\"11\">\n<p dir=\"ltr\" class=\"bbc-hhl7in e17g058b0\">La muerte de Navalny es &#8220;una noticia terrible&#8221;, dijo el <b>primer ministro brit\u00e1nico, Rishi Sunak<\/b>, a\u00f1adiendo que el opositor &#8220;demostr\u00f3 un coraje incre\u00edble durante su vida&#8221;.<\/p>\n<\/div>\n<div dir=\"ltr\" class=\"bbc-19j92fr ebmt73l0\" readability=\"9\">\n<p dir=\"ltr\" class=\"bbc-hhl7in e17g058b0\"><b>El canciller alem\u00e1n, Olaf Scholz,<\/b> dijo que el activista &#8220;pag\u00f3 su coraje con su vida&#8221;.<\/p>\n<\/div>\n<div dir=\"ltr\" class=\"bbc-19j92fr ebmt73l0\" readability=\"7\">\n<p dir=\"ltr\" class=\"bbc-hhl7in e17g058b0\">Una de las reacciones m\u00e1s contundentes fue de la Uni\u00f3n Europea. <\/p>\n<\/div>\n<div dir=\"ltr\" class=\"bbc-19j92fr ebmt73l0\" readability=\"10\">\n<p dir=\"ltr\" class=\"bbc-hhl7in e17g058b0\"><b>Charles Michel, presidente del Consejo Europeo<\/b>, dijo que el bloque consideraba a Rusia la &#8220;\u00fanica responsable&#8221; de la &#8220;tr\u00e1gica muerte&#8221; de Navalny. <\/p>\n<\/div>\n<div dir=\"ltr\" class=\"bbc-19j92fr ebmt73l0\" readability=\"9\">\n<p dir=\"ltr\" class=\"bbc-hhl7in e17g058b0\">En una publicaci\u00f3n en X, Michel escribi\u00f3 que el opositor &#8220;pele\u00f3 por los valores de la libertad y democracia&#8221; y realiz\u00f3 &#8220;el sacrificio definitivo&#8221; por sus ideales. <\/p>\n<\/div>\n<div dir=\"ltr\" class=\"bbc-19j92fr ebmt73l0\" readability=\"11\">\n<p dir=\"ltr\" class=\"bbc-hhl7in e17g058b0\">&#8220;Extiendo mis m\u00e1s profundas condolencias a su familia. Y a aquellos que pelean por la democracia alrededor del mundo en las condiciones m\u00e1s oscuras. <b>Los guerreros mueren, pero la lucha por la libertad nunca termina<\/b>&#8220;, a\u00f1adi\u00f3 Michel. <\/p>\n<\/div>\n<div dir=\"ltr\" class=\"bbc-19j92fr ebmt73l0\" readability=\"10\">\n<p dir=\"ltr\" class=\"bbc-hhl7in e17g058b0\">El ministro de Exteriores checo, Jan Lipavsky, hizo un llamado al mundo para &#8220;honrar la memoria&#8221; de un hombre &#8220;encarcelado y torturado hasta la muerte por hacerle frente a Putin&#8221;.<\/p>\n<\/div>\n<div dir=\"ltr\" class=\"bbc-19j92fr ebmt73l0\" readability=\"12\">\n<p dir=\"ltr\" class=\"bbc-hhl7in e17g058b0\">Por su parte, la portavoz del Ministerio de Exteriores ruso, Maria Zakharova, dijo que &#8220;las acusaciones occidentales&#8221; sobre la muerte de Navalny eran &#8220;autoreveladoras&#8221; y que cre\u00eda que Occidente ya hab\u00eda sacado sus propias conclusiones.<\/p>\n<\/div>\n<figure class=\"bbc-1qn0xuy\">\n<div class=\"bbc-1gazxmd\"><picture><img src=\"http:\/\/cordobadirecto.com\/wp-content\/uploads\/2024\/02\/muere-en-prision-alexei-navalny-el-mayor-opositor-de-vladimir-putin.png\" srcset=\"http:\/\/cordobadirecto.com\/wp-content\/uploads\/2024\/02\/muere-en-prision-alexei-navalny-el-mayor-opositor-de-vladimir-putin-1.png 240w, http:\/\/cordobadirecto.com\/wp-content\/uploads\/2024\/02\/muere-en-prision-alexei-navalny-el-mayor-opositor-de-vladimir-putin-2.png 320w, http:\/\/cordobadirecto.com\/wp-content\/uploads\/2024\/02\/muere-en-prision-alexei-navalny-el-mayor-opositor-de-vladimir-putin-3.png 480w, http:\/\/cordobadirecto.com\/wp-content\/uploads\/2024\/02\/muere-en-prision-alexei-navalny-el-mayor-opositor-de-vladimir-putin-4.png 624w, http:\/\/cordobadirecto.com\/wp-content\/uploads\/2024\/02\/muere-en-prision-alexei-navalny-el-mayor-opositor-de-vladimir-putin-5.png 800w\" sizes=\"(min-width: 1008px) 760px, 100vw\" alt=\"L\u00ednea gris.\" loading=\"lazy\" width=\"800\" height=\"100\" class=\"bbc-139onq\"><\/picture><\/div>\n<\/figure>\n<div dir=\"ltr\" class=\"bbc-19j92fr ebmt73l0\" readability=\"8\">\n<p dir=\"ltr\" class=\"bbc-hhl7in e17g058b0\"><i class=\"bbc-h1y5j7 eih42320\">Y recuerda que recibir notificaciones. Descarga la nueva versi\u00f3n de nuestra app y act\u00edvalas para no perderte nuestro mejor contenido.<\/i><\/p>\n<\/div>\n","protected":false},"excerpt":{"rendered":"<p>Fuente de la imagen, Getty Images Pie de foto, Navalny cumpl\u00eda condena en una de las c\u00e1rceles m\u00e1s duras de Rusia. Article information Author, Redacci\u00f3n Role, BBC News Mundo 16 febrero 2024, 11:46 GMT Actualizado 10 minutos Alexei Navalny, el l\u00edder opositor m\u00e1s importante en Rusia en la \u00faltima d\u00e9cada, muri\u00f3 este viernes en prisi\u00f3n, [&hellip;]<\/p>\n","protected":false},"author":1,"featured_media":147437,"comment_status":"closed","ping_status":"closed","sticky":false,"template":"","format":"standard","meta":[],"categories":[24],"tags":[],"_links":{"self":[{"href":"http:\/\/cordobadirecto.com\/index.php\/wp-json\/wp\/v2\/posts\/147436"}],"collection":[{"href":"http:\/\/cordobadirecto.com\/index.php\/wp-json\/wp\/v2\/posts"}],"about":[{"href":"http:\/\/cordobadirecto.com\/index.php\/wp-json\/wp\/v2\/types\/post"}],"author":[{"embeddable":true,"href":"http:\/\/cordobadirecto.com\/index.php\/wp-json\/wp\/v2\/users\/1"}],"replies":[{"embeddable":true,"href":"http:\/\/cordobadirecto.com\/index.php\/wp-json\/wp\/v2\/comments?post=147436"}],"version-history":[{"count":0,"href":"http:\/\/cordobadirecto.com\/index.php\/wp-json\/wp\/v2\/posts\/147436\/revisions"}],"wp:featuredmedia":[{"embeddable":true,"href":"http:\/\/cordobadirecto.com\/index.php\/wp-json\/wp\/v2\/media\/147437"}],"wp:attachment":[{"href":"http:\/\/cordobadirecto.com\/index.php\/wp-json\/wp\/v2\/media?parent=147436"}],"wp:term":[{"taxonomy":"category","embeddable":true,"href":"http:\/\/cordobadirecto.com\/index.php\/wp-json\/wp\/v2\/categories?post=147436"},{"taxonomy":"post_tag","embeddable":true,"href":"http:\/\/cordobadirecto.com\/index.php\/wp-json\/wp\/v2\/tags?post=147436"}],"curies":[{"name":"wp","href":"https:\/\/api.w.org\/{rel}","templated":true}]}}