{"id":147438,"date":"2024-02-16T13:36:11","date_gmt":"2024-02-16T13:36:11","guid":{"rendered":"http:\/\/cordobadirecto.com\/index.php\/2024\/02\/16\/martino-confirmo-que-messi-esta-plenamente-recuperado\/"},"modified":"2024-02-16T13:36:11","modified_gmt":"2024-02-16T13:36:11","slug":"martino-confirmo-que-messi-esta-plenamente-recuperado","status":"publish","type":"post","link":"http:\/\/cordobadirecto.com\/index.php\/2024\/02\/16\/martino-confirmo-que-messi-esta-plenamente-recuperado\/","title":{"rendered":"Martino confirm\u00f3 que Messi est\u00e1 &#8220;plenamente recuperado&#8221;"},"content":{"rendered":"<figure class=\"mb-3\"><img loading=\"lazy\" data-src=\"http:\/\/cordobadirecto.com\/wp-content\/uploads\/2024\/02\/martino-confirmo-que-messi-esta-plenamente-recuperado.jpg\" src=\"https:\/\/www.telam.com.ar\/assets\/img\/not_image.png\" class=\" lazy \" width=\"100%\" height=\"100%\" alt=\"Foto XInterMiamiCF\"><figcaption> Foto: X@InterMiamiCF. <\/figcaption><\/figure>\n<p><strong>El director t\u00e9cnico argentino del Inter Miami<\/strong>, Gerardo Martino, muy <strong>optimista por la respuesta f\u00edsica de Lionel Messi<\/strong> <strong>en el<\/strong> <strong>empate<\/strong> 1-1 de este jueves <strong>ante Newell\u00b4s Old Boys<\/strong> de Rosario cerrando la gira de encuentros amistosos, <strong>afirm\u00f3 que lo observ\u00f3<\/strong> <strong>&#8220;plenamente recuperado&#8221; para iniciar la temporada de la Major League Soccer <\/strong>el pr\u00f3ximo mi\u00e9rcoles<strong> frente a Real Salt Lake<\/strong> como local en Fort Lauderdale.<\/p>\n<p>El &#8220;Tata&#8221; se mostr\u00f3 muy contento por la devoluci\u00f3n que entreg\u00f3 el astro argentino durante el encuentro que disput\u00f3 su equipo ante el conjunto leproso que finaliz\u00f3 con un empate 1-1 con goles del centrodelantero Shanyder Borgelin, para Inter, y el mediocampista Franco D\u00edaz, para Newell&#8217;s.<\/p>\n<p>&#8220;Yo lo veo plenamente recuperado&#8221;, manifest\u00f3 el t\u00e9cnico, de 61 a\u00f1os, acerca de la dolencia en el aductor de la pierna derecha que sufri\u00f3 el astro argentino durante la gira por Arabia Saudita, Hong Kong y Jap\u00f3n, donde se especul\u00f3 con una lesi\u00f3n de gravedad que lo podr\u00eda marginar del inicio de los primeros partidos de su club e incluso de la fecha FIFA de marzo con el seleccionado argentino.<\/p>\n<p>&#8220;Habl\u00e9 con Leo y se sent\u00eda bien&#8221;, rescat\u00f3 el ex entrenador de Atlanta United. &#8220;Hablamos durante la semana para que jugara entre 45 y 60 minutos. Finalmente, jug\u00f3 lo que esper\u00e1bamos todos. Lo m\u00e1s importante para nosotros y para Leo es que llegue bien al pr\u00f3ximo mi\u00e9rcoles&#8221;, advirti\u00f3 Martino sobre el comienzo de la temporada de la MLS.<\/p>\n<figure class=\"mb-3\"><img loading=\"lazy\" data-src=\"http:\/\/cordobadirecto.com\/wp-content\/uploads\/2024\/02\/martino-confirmo-que-messi-esta-plenamente-recuperado-1.jpg\" src=\"https:\/\/www.telam.com.ar\/assets\/img\/not_image.png\" class=\" lazy \" width=\"100%\" height=\"100%\" alt=\"Foto AFP\"><figcaption> Foto: AFP. <\/figcaption><\/figure>\n<p>Adem\u00e1s, <strong>el t\u00e9cnico rosarino transmiti\u00f3 &#8220;mucha esperanza&#8221; con el estado de salud del atacante uruguayo Luis Su\u00e1rez en el conjunto floridiano,<\/strong> remarcando que &#8220;f\u00edsicamente est\u00e1 muy bien pero nos queda un mayor trabajo con \u00e9l dentro del equipo. Quiz\u00e1s lo conocen Jordi (Alba) o Busi (Sergio Busquets) del Barcelona, pero Luis tiene que acoplarse a todos para que se una mejor al equipo&#8221;, se\u00f1al\u00f3.<\/p>\n<p>El equipo rosa y negro situado en Fort Lauderdale finaliz\u00f3 la preparaci\u00f3n con tres derrotas, tres igualdades y apenas un triunfo durante la gira internacional organizada por el club del propietario cubano Jorge M\u00e1s Canosa y el ex jugador brit\u00e1nico David Beckham.<\/p>\n<p>&#8220;Fue todo un desaf\u00edo&#8221;, indic\u00f3 Martino en alusi\u00f3n a la extensa recorrida transatl\u00e1ntica de siete juegos.<\/p>\n<p>&#8220;No fue la mejor pretemporada porque no tuvimos un plantel completo para la gran cantidad de partidos que jugamos a nivel internacional y apuntamos a salir ilesos de la pretemporada para que vuelvan sanos a Estados Unidos&#8221;, concluy\u00f3 el entrenador de Inter Miami. <\/p>\n","protected":false},"excerpt":{"rendered":"<p>Foto: X@InterMiamiCF. El director t\u00e9cnico argentino del Inter Miami, Gerardo Martino, muy optimista por la respuesta f\u00edsica de Lionel Messi en el empate 1-1 de este jueves ante Newell\u00b4s Old Boys de Rosario cerrando la gira de encuentros amistosos, afirm\u00f3 que lo observ\u00f3 &#8220;plenamente recuperado&#8221; para iniciar la temporada de la Major League Soccer el [&hellip;]<\/p>\n","protected":false},"author":1,"featured_media":147439,"comment_status":"closed","ping_status":"closed","sticky":false,"template":"","format":"standard","meta":[],"categories":[21],"tags":[],"_links":{"self":[{"href":"http:\/\/cordobadirecto.com\/index.php\/wp-json\/wp\/v2\/posts\/147438"}],"collection":[{"href":"http:\/\/cordobadirecto.com\/index.php\/wp-json\/wp\/v2\/posts"}],"about":[{"href":"http:\/\/cordobadirecto.com\/index.php\/wp-json\/wp\/v2\/types\/post"}],"author":[{"embeddable":true,"href":"http:\/\/cordobadirecto.com\/index.php\/wp-json\/wp\/v2\/users\/1"}],"replies":[{"embeddable":true,"href":"http:\/\/cordobadirecto.com\/index.php\/wp-json\/wp\/v2\/comments?post=147438"}],"version-history":[{"count":0,"href":"http:\/\/cordobadirecto.com\/index.php\/wp-json\/wp\/v2\/posts\/147438\/revisions"}],"wp:featuredmedia":[{"embeddable":true,"href":"http:\/\/cordobadirecto.com\/index.php\/wp-json\/wp\/v2\/media\/147439"}],"wp:attachment":[{"href":"http:\/\/cordobadirecto.com\/index.php\/wp-json\/wp\/v2\/media?parent=147438"}],"wp:term":[{"taxonomy":"category","embeddable":true,"href":"http:\/\/cordobadirecto.com\/index.php\/wp-json\/wp\/v2\/categories?post=147438"},{"taxonomy":"post_tag","embeddable":true,"href":"http:\/\/cordobadirecto.com\/index.php\/wp-json\/wp\/v2\/tags?post=147438"}],"curies":[{"name":"wp","href":"https:\/\/api.w.org\/{rel}","templated":true}]}}