{"id":147440,"date":"2024-02-16T13:36:19","date_gmt":"2024-02-16T13:36:19","guid":{"rendered":"http:\/\/cordobadirecto.com\/index.php\/2024\/02\/16\/nueva-denuncia-contra-gerard-depardieu-por-agresion-sexual\/"},"modified":"2024-02-16T13:36:19","modified_gmt":"2024-02-16T13:36:19","slug":"nueva-denuncia-contra-gerard-depardieu-por-agresion-sexual","status":"publish","type":"post","link":"http:\/\/cordobadirecto.com\/index.php\/2024\/02\/16\/nueva-denuncia-contra-gerard-depardieu-por-agresion-sexual\/","title":{"rendered":"Nueva denuncia contra G\u00e9rard Depardieu por agresi\u00f3n sexual"},"content":{"rendered":"<figure class=\"mb-3\"><img loading=\"lazy\" data-src=\"http:\/\/cordobadirecto.com\/wp-content\/uploads\/2024\/02\/nueva-denuncia-contra-gerard-depardieu-por-agresion-sexual.jpg\" src=\"https:\/\/www.telam.com.ar\/assets\/img\/not_image.png\" class=\" lazy \" width=\"100%\" height=\"100%\" alt=\"El actor Grard Depardieu defiende su inocencia Foto archivo\"><figcaption> El actor G\u00e9rard Depardieu defiende su inocencia \/ Foto archivo. <\/figcaption><\/figure>\n<p>El actor franc\u00e9s <strong>G\u00e9rard Depardieu fue denunciado <\/strong>nuevamente por agresi\u00f3n sexual, esta vez por una asistente de rodaje por hechos supuestamente ocurridos en 2014, cuando ella ten\u00eda 24 a\u00f1os, inform\u00f3 la prensa internacional.<\/p>\n<p>La denuncia, confirmada por medios franceses, se formaliz\u00f3 el 9 de enero pasado en Par\u00eds. La denunciante, que prefiri\u00f3 mantener su identidad en el anonimato, acusa al actor de &#8220;El hombre de la m\u00e1scara de hierro&#8221; de constantes tocamientos y de proferir comentarios obscenos y de contenido sexual tanto en Par\u00eds como durante el rodaje del cortometraje &#8216;Le magicien et les siamois&#8217;, de Jean-Pierre Mocky, que se llev\u00f3 a cabo en 2014 en la localidad de Dou\u00e9-en-Anjou.<\/p>\n<blockquote class><p>La asistente de rodaje cont\u00f3 a la prensa que tuvo que sentir &#8220;sus garras por todas partes&#8221; en su cuerpo y se vio obligada a callar por haber sentido &#8220;verg\u00fcenza&#8221; en aquel momento.<\/p><\/blockquote>\n<p>La asistente de rodaje cont\u00f3 a la prensa que tuvo que sentir &#8220;sus garras por todas partes&#8221; en su cuerpo y <strong>se vio obligada a callar <\/strong>por haber sentido &#8220;verg\u00fcenza&#8221; en aquel momento.<\/p>\n<p>La primera mujer que apunt\u00f3 contra el actor fue la actriz Charlotte Arnould, quien lo denunci\u00f3 en 2018 por violaci\u00f3n y por agresi\u00f3n sexual, un procedimiento por el que el int\u00e9rprete qued\u00f3 imputado en 2020.<\/p>\n<p>En 2023 las acusaciones por agresiones sexuales y comportamientos indebidos proliferaron gracias a investigaciones period\u00edsticas. Al margen de la de Darras,<strong> se interpuso otra querella por violaci\u00f3n contra \u00e9l en Espa\u00f1a.<\/strong><\/p>\n<p>La denunciante fue la periodista y escritora espa\u00f1ola Ruth Baza, que demand\u00f3 al actor en diciembre pasado ante la polic\u00eda de Torremolinos por hechos presuntamente ocurridos en Par\u00eds en 1995.<\/p>\n<blockquote class><p>El actor defiende su inocencia y, respecto a la nueva querella, su abogado, Christian Saint-Palais, explic\u00f3 a la prensa francesa que supo de la nueva acusaci\u00f3n por la prensa.<\/p><\/blockquote>\n<p><strong>Esta nueva demanda tiene pocas opciones de prosperar,<\/strong> ya que los hechos habr\u00edan prescrito, como ya ocurri\u00f3 con la denuncia presentada por Darras, referida tambi\u00e9n a hechos de 2014.<\/p>\n<p>Al margen de esas dos querellas, otras dos mujeres han denunciado al actor de 75 a\u00f1os por violaci\u00f3n.<\/p>\n<p><strong>El actor defiende su inocencia <\/strong>y, respecto a la nueva querella, su abogado, Christian Saint-Palais, explic\u00f3 a la prensa francesa que supo de la nueva acusaci\u00f3n por la prensa. <\/p>\n","protected":false},"excerpt":{"rendered":"<p>El actor G\u00e9rard Depardieu defiende su inocencia \/ Foto archivo. El actor franc\u00e9s G\u00e9rard Depardieu fue denunciado nuevamente por agresi\u00f3n sexual, esta vez por una asistente de rodaje por hechos supuestamente ocurridos en 2014, cuando ella ten\u00eda 24 a\u00f1os, inform\u00f3 la prensa internacional. La denuncia, confirmada por medios franceses, se formaliz\u00f3 el 9 de enero [&hellip;]<\/p>\n","protected":false},"author":1,"featured_media":147441,"comment_status":"closed","ping_status":"closed","sticky":false,"template":"","format":"standard","meta":[],"categories":[20],"tags":[],"_links":{"self":[{"href":"http:\/\/cordobadirecto.com\/index.php\/wp-json\/wp\/v2\/posts\/147440"}],"collection":[{"href":"http:\/\/cordobadirecto.com\/index.php\/wp-json\/wp\/v2\/posts"}],"about":[{"href":"http:\/\/cordobadirecto.com\/index.php\/wp-json\/wp\/v2\/types\/post"}],"author":[{"embeddable":true,"href":"http:\/\/cordobadirecto.com\/index.php\/wp-json\/wp\/v2\/users\/1"}],"replies":[{"embeddable":true,"href":"http:\/\/cordobadirecto.com\/index.php\/wp-json\/wp\/v2\/comments?post=147440"}],"version-history":[{"count":0,"href":"http:\/\/cordobadirecto.com\/index.php\/wp-json\/wp\/v2\/posts\/147440\/revisions"}],"wp:featuredmedia":[{"embeddable":true,"href":"http:\/\/cordobadirecto.com\/index.php\/wp-json\/wp\/v2\/media\/147441"}],"wp:attachment":[{"href":"http:\/\/cordobadirecto.com\/index.php\/wp-json\/wp\/v2\/media?parent=147440"}],"wp:term":[{"taxonomy":"category","embeddable":true,"href":"http:\/\/cordobadirecto.com\/index.php\/wp-json\/wp\/v2\/categories?post=147440"},{"taxonomy":"post_tag","embeddable":true,"href":"http:\/\/cordobadirecto.com\/index.php\/wp-json\/wp\/v2\/tags?post=147440"}],"curies":[{"name":"wp","href":"https:\/\/api.w.org\/{rel}","templated":true}]}}