{"id":147446,"date":"2024-02-14T20:13:52","date_gmt":"2024-02-14T20:13:52","guid":{"rendered":"https:\/\/www.ole.com.ar\/autos\/tc2000_0_BSBl0v7DsO.html"},"modified":"2024-02-14T20:13:52","modified_gmt":"2024-02-14T20:13:52","slug":"el-tc2000-volvera-al-formato-de-super-8-de-la-mano-de-las-suv","status":"publish","type":"post","link":"http:\/\/cordobadirecto.com\/index.php\/2024\/02\/14\/el-tc2000-volvera-al-formato-de-super-8-de-la-mano-de-las-suv\/","title":{"rendered":"El TC2000 volver\u00e1 al formato de &#8220;S\u00faper 8&#8221; de la mano de las SUV"},"content":{"rendered":"<div><img src=\"http:\/\/cordobadirecto.com\/wp-content\/uploads\/2024\/02\/el-tc2000-volvera-al-formato-de-super-8-de-la-mano-de-las-suv.jpg\" class=\"ff-og-image-inserted\"><\/div>\n<div readability=\"36\">\n<p>El TC2000 levantar\u00e1 el tel\u00f3n de una nueva temporada el pr\u00f3ximo 3 de marzo en el aut\u00f3dromo de Concordia. Pero la categor\u00eda no s\u00f3lo piensa en el arranque, sino tambi\u00e9n en el futuro.<strong> Por eso, hay una novedad muy importante relacionada con las SUV y el regreso del &#8220;S\u00faper 8&#8221;.<\/strong><\/p>\n<\/div>\n<div readability=\"37\">\n<p><strong>En la segunda parte de la temporada 2024 del TC2000 regresar\u00e1 el &#8220;S\u00faper 8&#8221;, el formato que sali\u00f3 a la luz en 2011, volver\u00e1 a tener vida de la mano nada m\u00e1s y nada menos que de las SUV<\/strong>, ya que ser\u00e1n las encargadas de competir en esta mini carrera a una vuelta.<\/p>\n<\/div>\n<div readability=\"35\">\n<p><strong>Estos eventos del &#8220;S\u00faper 8&#8221; que se har\u00e1n con las SUV se llevar\u00e1n a cabo de manera paralela al tradicional campeonato que estar\u00e1 conformado por los autos que vinien compitiendo en el TC2000 en los \u00faltimos a\u00f1os<\/strong>. Para luego s\u00ed en 2025, todos los autos compartan pista.<\/p>\n<\/div>\n","protected":false},"excerpt":{"rendered":"<p>El TC2000 levantar\u00e1 el tel\u00f3n de una nueva temporada el pr\u00f3ximo 3 de marzo en el aut\u00f3dromo de Concordia. Pero la categor\u00eda no s\u00f3lo piensa en el arranque, sino tambi\u00e9n en el futuro. Por eso, hay una novedad muy importante relacionada con las SUV y el regreso del &#8220;S\u00faper 8&#8221;. En la segunda parte de [&hellip;]<\/p>\n","protected":false},"author":1,"featured_media":147447,"comment_status":"closed","ping_status":"closed","sticky":false,"template":"","format":"standard","meta":[],"categories":[21],"tags":[],"_links":{"self":[{"href":"http:\/\/cordobadirecto.com\/index.php\/wp-json\/wp\/v2\/posts\/147446"}],"collection":[{"href":"http:\/\/cordobadirecto.com\/index.php\/wp-json\/wp\/v2\/posts"}],"about":[{"href":"http:\/\/cordobadirecto.com\/index.php\/wp-json\/wp\/v2\/types\/post"}],"author":[{"embeddable":true,"href":"http:\/\/cordobadirecto.com\/index.php\/wp-json\/wp\/v2\/users\/1"}],"replies":[{"embeddable":true,"href":"http:\/\/cordobadirecto.com\/index.php\/wp-json\/wp\/v2\/comments?post=147446"}],"version-history":[{"count":0,"href":"http:\/\/cordobadirecto.com\/index.php\/wp-json\/wp\/v2\/posts\/147446\/revisions"}],"wp:featuredmedia":[{"embeddable":true,"href":"http:\/\/cordobadirecto.com\/index.php\/wp-json\/wp\/v2\/media\/147447"}],"wp:attachment":[{"href":"http:\/\/cordobadirecto.com\/index.php\/wp-json\/wp\/v2\/media?parent=147446"}],"wp:term":[{"taxonomy":"category","embeddable":true,"href":"http:\/\/cordobadirecto.com\/index.php\/wp-json\/wp\/v2\/categories?post=147446"},{"taxonomy":"post_tag","embeddable":true,"href":"http:\/\/cordobadirecto.com\/index.php\/wp-json\/wp\/v2\/tags?post=147446"}],"curies":[{"name":"wp","href":"https:\/\/api.w.org\/{rel}","templated":true}]}}