{"id":147455,"date":"2024-02-16T16:19:00","date_gmt":"2024-02-16T16:19:00","guid":{"rendered":"http:\/\/cordobadirecto.com\/index.php\/2024\/02\/16\/blinken-se-reunira-con-milei-la-proxima-semana-durante-su-visita-a-buenos-aires\/"},"modified":"2024-02-16T16:19:00","modified_gmt":"2024-02-16T16:19:00","slug":"blinken-se-reunira-con-milei-la-proxima-semana-durante-su-visita-a-buenos-aires","status":"publish","type":"post","link":"http:\/\/cordobadirecto.com\/index.php\/2024\/02\/16\/blinken-se-reunira-con-milei-la-proxima-semana-durante-su-visita-a-buenos-aires\/","title":{"rendered":"Blinken se reunir\u00e1 con Milei la pr\u00f3xima semana durante su visita a Buenos Aires"},"content":{"rendered":"<figure class=\"mb-3\"><img loading=\"lazy\" data-src=\"http:\/\/cordobadirecto.com\/wp-content\/uploads\/2024\/02\/blinken-se-reunira-con-milei-la-proxima-semana-durante-su-visita-a-buenos-aires.jpg\" src=\"https:\/\/www.telam.com.ar\/assets\/img\/not_image.png\" class=\" lazy \" width=\"100%\" height=\"100%\" alt=\"Antony Blinken visitar la semana prxima Buenos Aires Foto AFP\"><figcaption> Antony Blinken visitar\u00e1 la semana pr\u00f3xima Buenos Aires. Foto: AFP. <\/figcaption><\/figure>\n<p>El jefe de la diplomacia estadounidense, <strong>Antony Blinken, visitar\u00e1 la semana pr\u00f3xima Buenos Aires <\/strong>y se reunir\u00e1 con el presidente Javier Milei, en el marco de su visita a la regi\u00f3n, que lo llevar\u00e1 tambi\u00e9n a R\u00edo de Janeiro para participar de la reuni\u00f3n de ministros de Relaciones Exteriores del G20, inform\u00f3 el Departamento de Estado.<\/p>\n<p>&#8220;El secretario de Estado, Antony J. Blinken, viajar\u00e1 a Brasilia y R\u00edo de Janeiro, Brasil, y a Buenos Aires, Argentina, del 20 al 23 de febrero&#8221;, indic\u00f3 Matthew Miller, vocero del Departamento de Estado, en un comunicado.<\/p>\n<blockquote class><p>El Gobierno argentino todav\u00eda no hizo comentarios sobre la visita de Blinken, pero esta semana confirm\u00f3 la participaci\u00f3n de Milei en la Conferencia de Acci\u00f3n Pol\u00edtica Conservadora<\/p><\/blockquote>\n<p>&#8220;En Buenos Aires, el secretario Blinken se reunir\u00e1 con el presidente argentino, Javier Milei, para discutir temas bilaterales y globales, incluido el crecimiento econ\u00f3mico sostenible, nuestro compromiso compartido con los derechos humanos y la gobernanza democr\u00e1tica, los minerales cr\u00edticos y la mejora del comercio y la inversi\u00f3n que beneficia a ambos pa\u00edses&#8221;, agreg\u00f3 la nota.<\/p>\n<p><strong>En Brasilia, en tanto, Blinken se reunir\u00e1 con el presidente Luiz In\u00e1cio Lula da Silva<\/strong> para discutir &#8220;temas bilaterales y globales&#8221; y luego acudir\u00e1 a R\u00edo de Janeiro para participar de la reuni\u00f3n de cancilleres del G20.<\/p>\n<p>El comunicado no precisa qu\u00e9 d\u00eda ser\u00e1 la reuni\u00f3n de Blinken con Milei, aunque se estima que el encuentro ser\u00eda el viernes 23, un d\u00eda despu\u00e9s de que culmine la reuni\u00f3n del G20.<\/p>\n<p>El Gobierno argentino todav\u00eda no hizo comentarios sobre la visita de Blinken, pero esta semana confirm\u00f3 la<strong> participaci\u00f3n de Milei en la Conferencia de Acci\u00f3n Pol\u00edtica Conservadora<\/strong> (CPAC) del 21 al 24 de febrero en Washington, un encuentro que re\u00fane anualmente a los referentes de la derecha de Estados Unidos.<\/p>\n<p>Milei ser\u00e1 uno de los oradores del evento, en fecha a determinar, en una reuni\u00f3n en la que tendr\u00e1n tambi\u00e9n la palabra el exmandatario estadounidense y aspirante a la nominaci\u00f3n del Partido Republicano para un segundo mandato, Donald Trump.<\/p>\n<p>En el encuentro <strong>participar\u00e1n tambi\u00e9n Steve Bannon, exasesor de Turmp<\/strong>; el presidente del partido espa\u00f1ol Vox, Santiago Abascal; y el l\u00edder del Partido de la Independencia del Reino Unido, Nigel Farage, principal impulsor del Brexit, la salida de ese pa\u00eds de la Uni\u00f3n Europea, ocurrida el 31 de enero de 2020. <\/p>\n","protected":false},"excerpt":{"rendered":"<p>Antony Blinken visitar\u00e1 la semana pr\u00f3xima Buenos Aires. Foto: AFP. El jefe de la diplomacia estadounidense, Antony Blinken, visitar\u00e1 la semana pr\u00f3xima Buenos Aires y se reunir\u00e1 con el presidente Javier Milei, en el marco de su visita a la regi\u00f3n, que lo llevar\u00e1 tambi\u00e9n a R\u00edo de Janeiro para participar de la reuni\u00f3n de [&hellip;]<\/p>\n","protected":false},"author":1,"featured_media":147456,"comment_status":"closed","ping_status":"closed","sticky":false,"template":"","format":"standard","meta":[],"categories":[24],"tags":[],"_links":{"self":[{"href":"http:\/\/cordobadirecto.com\/index.php\/wp-json\/wp\/v2\/posts\/147455"}],"collection":[{"href":"http:\/\/cordobadirecto.com\/index.php\/wp-json\/wp\/v2\/posts"}],"about":[{"href":"http:\/\/cordobadirecto.com\/index.php\/wp-json\/wp\/v2\/types\/post"}],"author":[{"embeddable":true,"href":"http:\/\/cordobadirecto.com\/index.php\/wp-json\/wp\/v2\/users\/1"}],"replies":[{"embeddable":true,"href":"http:\/\/cordobadirecto.com\/index.php\/wp-json\/wp\/v2\/comments?post=147455"}],"version-history":[{"count":0,"href":"http:\/\/cordobadirecto.com\/index.php\/wp-json\/wp\/v2\/posts\/147455\/revisions"}],"wp:featuredmedia":[{"embeddable":true,"href":"http:\/\/cordobadirecto.com\/index.php\/wp-json\/wp\/v2\/media\/147456"}],"wp:attachment":[{"href":"http:\/\/cordobadirecto.com\/index.php\/wp-json\/wp\/v2\/media?parent=147455"}],"wp:term":[{"taxonomy":"category","embeddable":true,"href":"http:\/\/cordobadirecto.com\/index.php\/wp-json\/wp\/v2\/categories?post=147455"},{"taxonomy":"post_tag","embeddable":true,"href":"http:\/\/cordobadirecto.com\/index.php\/wp-json\/wp\/v2\/tags?post=147455"}],"curies":[{"name":"wp","href":"https:\/\/api.w.org\/{rel}","templated":true}]}}