{"id":147488,"date":"2024-02-16T18:54:49","date_gmt":"2024-02-16T18:54:49","guid":{"rendered":"https:\/\/cordoba.gob.ar\/?p=55441"},"modified":"2024-02-16T18:54:49","modified_gmt":"2024-02-16T18:54:49","slug":"el-museo-genaro-perez-sera-sede-de-la-9a-edicion-del-festival-de-fotografia-impresa-en-cordoba","status":"publish","type":"post","link":"http:\/\/cordobadirecto.com\/index.php\/2024\/02\/16\/el-museo-genaro-perez-sera-sede-de-la-9a-edicion-del-festival-de-fotografia-impresa-en-cordoba\/","title":{"rendered":"El Museo Genaro P\u00e9rez ser\u00e1 sede de la 9\u00aa edici\u00f3n del Festival de Fotograf\u00eda Impresa en C\u00f3rdoba"},"content":{"rendered":"<div><img src=\"http:\/\/cordobadirecto.com\/wp-content\/uploads\/2024\/02\/el-museo-genaro-perez-sera-sede-de-la-9a-edicion-del-festival-de-fotografia-impresa-en-cordoba.jpg\" class=\"ff-og-image-inserted\"><\/div>\n<ul>\n<li><strong>Se realizar\u00e1 los pr\u00f3ximos viernes 16 y s\u00e1bado 17 de febrero, a partir de las 17:00.<\/strong><\/li>\n<li><strong><strong>Es organizado por el Centro de Estudios Fotogr\u00e1ficos, con entrada libre y gratuita, sin inscripci\u00f3n previa.<\/strong><\/strong><br \/>\n<hr>\n<\/li>\n<\/ul>\n<p>La Municipalidad de C\u00f3rdoba invita a una nueva edici\u00f3n del reconocido Festival de Fotograf\u00eda Impresa, organizado por el CEF (Centro de Estudios Fotogr\u00e1ficos), con el acompa\u00f1amiento de la Secretar\u00eda de Comunicaci\u00f3n y Cultura Municipal.<\/p>\n<p>El Festival tendr\u00e1 lugar los pr\u00f3ximos viernes 16 y s\u00e1bado 17 de febrero, a partir de las 17:00, en el Museo Genaro P\u00e9rez (General Paz 33).<\/p>\n<p>Entrada es libre y gratuita, sin inscripci\u00f3n previa.<\/p>\n<p>Con una trayectoria de ocho ediciones en la provincia de C\u00f3rdoba y otras ciudades de la regi\u00f3n, el Festival de Fotograf\u00eda Impresa tiene como objeto expl\u00edcito la construcci\u00f3n de un espacio de apreciaci\u00f3n, circulaci\u00f3n, an\u00e1lisis y di\u00e1logo de distintas producciones visuales materializadas en su formato editorial.<\/p>\n<p>En esta edici\u00f3n, se contar\u00e1 con la participaci\u00f3n de destacados referentes de C\u00f3rdoba, Rosario, Buenos Aires, Chile, Paraguay, M\u00e9xico y Brasil.<\/p>\n<p>Como en los a\u00f1os anteriores, se llevar\u00e1 a cabo la Ronda de Publicaciones, un espacio para la presentaci\u00f3n y el intercambio de exposiciones de distintos formatos. Tambi\u00e9n habr\u00e1 proyecciones de proyectos audiovisuales.<\/p>\n<p>Ambas actividades surgen a partir de convocatorias abiertas y gratuitas en toda Latinoam\u00e9rica.<\/p>\n<p>Como novedad, en esta edici\u00f3n se anunciar\u00e1n los proyectos seleccionados del&nbsp; \u201cLlamado Fronteras\u201d, una convocatoria de alcance Latinoamericano \/ Sudamericano en coproducci\u00f3n de Infinito Blanco Ediciones (C\u00f3rdoba- Arg.) y Lovely &lt;3 House (S\u00e3o Paulo \u2013 Brasil).<\/p>\n<p>Por \u00faltimo, se sumar\u00e1 a las actividades del festival el foro \u201cEl d\u00eda es hoy: \u00bfpor qu\u00e9 editar hoy? \u00bfC\u00f3mo publicar? \u00bfC\u00f3mo continuar? \u00bfC\u00f3mo hacer red? \u201c.<\/p>\n","protected":false},"excerpt":{"rendered":"<p>Se realizar\u00e1 los pr\u00f3ximos viernes 16 y s\u00e1bado 17 de febrero, a partir de las 17:00. Es organizado por el Centro de Estudios Fotogr\u00e1ficos, con entrada libre y gratuita, sin inscripci\u00f3n previa. La Municipalidad de C\u00f3rdoba invita a una nueva edici\u00f3n del reconocido Festival de Fotograf\u00eda Impresa, organizado por el CEF (Centro de Estudios Fotogr\u00e1ficos), [&hellip;]<\/p>\n","protected":false},"author":1,"featured_media":147489,"comment_status":"closed","ping_status":"closed","sticky":false,"template":"","format":"standard","meta":[],"categories":[44],"tags":[],"_links":{"self":[{"href":"http:\/\/cordobadirecto.com\/index.php\/wp-json\/wp\/v2\/posts\/147488"}],"collection":[{"href":"http:\/\/cordobadirecto.com\/index.php\/wp-json\/wp\/v2\/posts"}],"about":[{"href":"http:\/\/cordobadirecto.com\/index.php\/wp-json\/wp\/v2\/types\/post"}],"author":[{"embeddable":true,"href":"http:\/\/cordobadirecto.com\/index.php\/wp-json\/wp\/v2\/users\/1"}],"replies":[{"embeddable":true,"href":"http:\/\/cordobadirecto.com\/index.php\/wp-json\/wp\/v2\/comments?post=147488"}],"version-history":[{"count":0,"href":"http:\/\/cordobadirecto.com\/index.php\/wp-json\/wp\/v2\/posts\/147488\/revisions"}],"wp:featuredmedia":[{"embeddable":true,"href":"http:\/\/cordobadirecto.com\/index.php\/wp-json\/wp\/v2\/media\/147489"}],"wp:attachment":[{"href":"http:\/\/cordobadirecto.com\/index.php\/wp-json\/wp\/v2\/media?parent=147488"}],"wp:term":[{"taxonomy":"category","embeddable":true,"href":"http:\/\/cordobadirecto.com\/index.php\/wp-json\/wp\/v2\/categories?post=147488"},{"taxonomy":"post_tag","embeddable":true,"href":"http:\/\/cordobadirecto.com\/index.php\/wp-json\/wp\/v2\/tags?post=147488"}],"curies":[{"name":"wp","href":"https:\/\/api.w.org\/{rel}","templated":true}]}}