{"id":147492,"date":"2024-02-14T19:18:29","date_gmt":"2024-02-14T19:18:29","guid":{"rendered":"https:\/\/www.ole.com.ar\/autos\/fred-vasseur-ferrari-conversacion-sainz-arribo-hamilton_0_8DJhNnfepx.html"},"modified":"2024-02-14T19:18:29","modified_gmt":"2024-02-14T19:18:29","slug":"los-entretelones-de-ferrari-fue-una-de-las-llamadas-mas-dificiles-de-mi-vida","status":"publish","type":"post","link":"http:\/\/cordobadirecto.com\/index.php\/2024\/02\/14\/los-entretelones-de-ferrari-fue-una-de-las-llamadas-mas-dificiles-de-mi-vida\/","title":{"rendered":"Los entretelones de Ferrari: &#8220;Fue una de las llamadas m\u00e1s dif\u00edciles de mi vida&#8221;"},"content":{"rendered":"<p><time class=\"createDate\" datetime=\"2024-02-14T16:18:29-03:00\">14\/02\/2024 16:18hs.<\/time><\/p>\n<div id=\"storyBody\">\n<div class=\"custom-text \" readability=\"28.708860759494\">\n<p><a href=\"https:\/\/www.ole.com.ar\/tema\/L2O2OxOBtV.html\" title=\"La llegada de Lewis Hamilton a Ferrari\" alt=\"La llegada de Lewis Hamilton a Ferrari\" previewlistener=\"true\">La llegada de Lewis Hamilton a Ferrari<\/a> sigue en el centro de la agenda del automovilismo. Y es que la futura incorporaci\u00f3n del siete veces campe\u00f3n de la <a href=\"https:\/\/www.ole.com.ar\/tema\/formula-1.html\" title=\"F\u00f3rmula 1\" alt=\"F\u00f3rmula 1\" class=\"slug\" previewlistener=\"true\">F\u00f3rmula 1<\/a> a la escuder\u00eda italiana traer\u00e1 consigo la baja de <strong><a href=\"https:\/\/www.ole.com.ar\/tema\/carlos-sainz.html\" title=\"Carlos Sainz\" alt=\"Carlos Sainz\" class=\"slug\" previewlistener=\"true\">Carlos Sainz Jr.<\/a>, quien se ir\u00e1 a final de temporada para cederle su asiento al piloto brit\u00e1nico.<\/strong><\/p>\n<\/div>\n<div class=\"custom-text \" readability=\"39\">\n<p>Es as\u00ed que <strong>Fred Vasseur<\/strong>, jefe del equipo de Maranello, <strong>cont\u00f3 c\u00f3mo fue la conversaci\u00f3n que mantuvo con el espa\u00f1ol<\/strong>, en la que le confirm\u00f3 que no seguir\u00e1 a partir de 2025. <strong>&#8220;No fue la llamada m\u00e1s f\u00e1cil de mi vida, fue una de las m\u00e1s dif\u00edciles&#8221;<\/strong>, asegur\u00f3 el ingeniero franc\u00e9s.<\/p>\n<\/div>\n<div class=\"custom-text \" readability=\"37\">\n<p>Luego agreg\u00f3: &#8220;Estoy convencido de que es muy profesional, que entiende que nos espera una gran temporada y que es una gran oportunidad de cara al futuro. <strong>Lo apoyar\u00e9 plenamente, est\u00e1 totalmente comprometido y sabemos que tenemos que hacer el trabajo juntos<\/strong>&#8220;, coment\u00f3.<\/p>\n<\/div>\n<div class=\"sc-e7b891c4-0 jPbnQF\"><img alt=\"El Jefe de Maranello se comunic\u00f3 con el piloto espa\u00f1ol.\" src=\"http:\/\/cordobadirecto.com\/wp-content\/uploads\/2024\/02\/los-entretelones-de-ferrari-fue-una-de-las-llamadas-mas-dificiles-de-mi-vida.jpg\" width=\"720\" height=\"100\" decoding=\"async\" data-nimg=\"future\" loading=\"lazy\"><span class=\"epigraphe\">El Jefe de Maranello se comunic\u00f3 con el piloto espa\u00f1ol.<\/span><\/div>\n<div class=\"custom-text \" readability=\"36\">\n<p>Tambi\u00e9n dijo: &#8220;Se que va a estar dedicado hasta la \u00faltima curva, al igual que todo el equipo. Es importante volver a centrarnos en 2024. <strong>Tenemos una buena oportunidad, trabajamos tan duro en el proyecto que no quiero tener ning\u00fan tipo de distracci\u00f3n<\/strong>&#8220;.<\/p>\n<\/div>\n<div class=\"custom-text \" readability=\"41\">\n<p>En el cierre de la entrevista, se le pregunt\u00f3 si pensaba que era injusto correr a Sainz para el arribo de Hamilton, a lo que respondi\u00f3: &#8220;<strong>No se si injusto sea la palabra adecuada<\/strong>. Creo para el equipo <strong>la llegada de Lewis es algo que hay que tener en cuenta en cualquier caso, es el tipo con m\u00e1s experiencia<\/strong> y, por lo tanto, es una gran oportunidad para nosotros&#8221;, cerr\u00f3 Vasseur.<\/p>\n<\/div>\n<div class=\"sc-e7b891c4-0 jPbnQF\"><img alt=\"Hamilton llegar\u00e1 a Ferrari en la pr\u00f3xima temporada.\" src=\"http:\/\/cordobadirecto.com\/wp-content\/uploads\/2024\/02\/los-entretelones-de-ferrari-fue-una-de-las-llamadas-mas-dificiles-de-mi-vida-1.jpg\" width=\"720\" height=\"100\" decoding=\"async\" data-nimg=\"future\" loading=\"lazy\"><span class=\"epigraphe\">Hamilton llegar\u00e1 a Ferrari en la pr\u00f3xima temporada.<\/span><\/div>\n<p><h2>\u00bfCu\u00e1ndo arranca la F\u00f3rmula 1?<\/h2>\n<\/p>\n<div class=\"custom-text \" readability=\"34\">\n<p>La temporada oficial de la F\u00f3rmula 1 <strong>comenzar\u00e1 el 2 de marzo en el circuito de Sakhir<\/strong>, con el Gran Premio de Bahr\u00e9in.<\/p>\n<\/div>\n<div class=\"sc-e7b891c4-0 jPbnQF\"><img alt=\"Verstappen buscar\u00e1 su cuarto t\u00edtulo consecutivo en la F-1.\" src=\"http:\/\/cordobadirecto.com\/wp-content\/uploads\/2024\/02\/los-entretelones-de-ferrari-fue-una-de-las-llamadas-mas-dificiles-de-mi-vida-2.jpg\" width=\"720\" height=\"100\" decoding=\"async\" data-nimg=\"future\" loading=\"lazy\"><span class=\"epigraphe\">Verstappen buscar\u00e1 su cuarto t\u00edtulo consecutivo en la F-1.<\/span><\/div>\n<div class=\"sc-a7166897-0 exHLBh\" readability=\"6\">\n<section readability=\"2\"><picture><img alt=\"Se viene el TC con novedades en la primera fecha de El Calafate\" src=\"http:\/\/cordobadirecto.com\/wp-content\/uploads\/2024\/02\/los-entretelones-de-ferrari-fue-una-de-las-llamadas-mas-dificiles-de-mi-vida-3.jpg\" width=\"290\" height=\"290\" decoding=\"async\" data-nimg=\"future\" loading=\"lazy\"><\/picture>\n<p><span>Mir\u00e1 tambi\u00e9n<\/span><\/p>\n<hr>\n<h3>Se viene el TC con novedades en la primera fecha de El Calafate<\/h3>\n<\/p>\n<\/section>\n<\/div>\n<div class=\"sc-a7166897-0 exHLBh\" readability=\"6.5\">\n<section readability=\"3\"><picture><img alt=\"Manuel And\u00fajar: de pasarla mal en el Dakar a ser campe\u00f3n y la sorpresa por Riquelme en Arabia \" src=\"http:\/\/cordobadirecto.com\/wp-content\/uploads\/2024\/02\/los-entretelones-de-ferrari-fue-una-de-las-llamadas-mas-dificiles-de-mi-vida-4.jpg\" width=\"290\" height=\"290\" decoding=\"async\" data-nimg=\"future\" loading=\"lazy\"><\/picture>\n<p><span>Mir\u00e1 tambi\u00e9n<\/span><\/p>\n<hr>\n<h3>Manuel And\u00fajar: de pasarla mal en el Dakar a ser campe\u00f3n y la sorpresa por Riquelme en Arabia <\/h3>\n<\/p>\n<\/section>\n<\/div>\n<div class=\"sc-a7166897-0 exHLBh\" readability=\"7\">\n<section readability=\"4\"><picture><img alt=\"C\u00f3mo est\u00e1 el caso Horner en Red Bull, qu\u00e9 puede pasar y \u00a1ya suena un reemplazante!\" src=\"http:\/\/cordobadirecto.com\/wp-content\/uploads\/2024\/02\/los-entretelones-de-ferrari-fue-una-de-las-llamadas-mas-dificiles-de-mi-vida-5.jpg\" width=\"290\" height=\"290\" decoding=\"async\" data-nimg=\"future\" loading=\"lazy\"><\/picture>\n<p><span>Mir\u00e1 tambi\u00e9n<\/span><\/p>\n<hr>\n<h3>C\u00f3mo est\u00e1 el caso Horner en Red Bull, qu\u00e9 puede pasar y \u00a1ya suena un reemplazante!<\/h3>\n<\/p>\n<\/section>\n<\/div>\n<div class=\"sc-a7166897-0 exHLBh\" readability=\"6.5\">\n<section readability=\"3\"><picture><img alt=\"Hamilton, sobre su llegada a Ferrari: &quot;Cumplir\u00e9 un sue\u00f1o de mi infancia&quot;\" src=\"http:\/\/cordobadirecto.com\/wp-content\/uploads\/2024\/02\/los-entretelones-de-ferrari-fue-una-de-las-llamadas-mas-dificiles-de-mi-vida-6.jpg\" width=\"290\" height=\"290\" decoding=\"async\" data-nimg=\"future\" loading=\"lazy\"><\/picture>\n<p><span>Mir\u00e1 tambi\u00e9n<\/span><\/p>\n<hr>\n<h3>Hamilton, sobre su llegada a Ferrari: &#8220;Cumplir\u00e9 un sue\u00f1o de mi infancia&#8221;<\/h3>\n<\/p>\n<\/section>\n<\/div>\n<\/div>\n","protected":false},"excerpt":{"rendered":"<p>14\/02\/2024 16:18hs. La llegada de Lewis Hamilton a Ferrari sigue en el centro de la agenda del automovilismo. Y es que la futura incorporaci\u00f3n del siete veces campe\u00f3n de la F\u00f3rmula 1 a la escuder\u00eda italiana traer\u00e1 consigo la baja de Carlos Sainz Jr., quien se ir\u00e1 a final de temporada para cederle su asiento [&hellip;]<\/p>\n","protected":false},"author":1,"featured_media":147493,"comment_status":"closed","ping_status":"closed","sticky":false,"template":"","format":"standard","meta":[],"categories":[21],"tags":[],"_links":{"self":[{"href":"http:\/\/cordobadirecto.com\/index.php\/wp-json\/wp\/v2\/posts\/147492"}],"collection":[{"href":"http:\/\/cordobadirecto.com\/index.php\/wp-json\/wp\/v2\/posts"}],"about":[{"href":"http:\/\/cordobadirecto.com\/index.php\/wp-json\/wp\/v2\/types\/post"}],"author":[{"embeddable":true,"href":"http:\/\/cordobadirecto.com\/index.php\/wp-json\/wp\/v2\/users\/1"}],"replies":[{"embeddable":true,"href":"http:\/\/cordobadirecto.com\/index.php\/wp-json\/wp\/v2\/comments?post=147492"}],"version-history":[{"count":0,"href":"http:\/\/cordobadirecto.com\/index.php\/wp-json\/wp\/v2\/posts\/147492\/revisions"}],"wp:featuredmedia":[{"embeddable":true,"href":"http:\/\/cordobadirecto.com\/index.php\/wp-json\/wp\/v2\/media\/147493"}],"wp:attachment":[{"href":"http:\/\/cordobadirecto.com\/index.php\/wp-json\/wp\/v2\/media?parent=147492"}],"wp:term":[{"taxonomy":"category","embeddable":true,"href":"http:\/\/cordobadirecto.com\/index.php\/wp-json\/wp\/v2\/categories?post=147492"},{"taxonomy":"post_tag","embeddable":true,"href":"http:\/\/cordobadirecto.com\/index.php\/wp-json\/wp\/v2\/tags?post=147492"}],"curies":[{"name":"wp","href":"https:\/\/api.w.org\/{rel}","templated":true}]}}