{"id":147645,"date":"2024-02-26T22:34:54","date_gmt":"2024-02-26T22:34:54","guid":{"rendered":"https:\/\/cordoba.gob.ar\/?p=55637"},"modified":"2024-02-26T22:34:54","modified_gmt":"2024-02-26T22:34:54","slug":"passerini-visito-la-oei-argentina","status":"publish","type":"post","link":"http:\/\/cordobadirecto.com\/index.php\/2024\/02\/26\/passerini-visito-la-oei-argentina\/","title":{"rendered":"Passerini visit\u00f3 la OEI Argentina"},"content":{"rendered":"<div><img src=\"http:\/\/cordobadirecto.com\/wp-content\/uploads\/2024\/02\/passerini-visito-la-oei-argentina.jpg\" class=\"ff-og-image-inserted\"><\/div>\n<p data-pm-slice=\"1 1 [&quot;bulletList&quot;,null,&quot;listItem&quot;,null]\">Se acord\u00f3 dar continuidad a los proyectos que se ven\u00edan desarrollando en educaci\u00f3n del Municipio, y avanzar en los temas vinculados a las industrias creativas y culturales<\/p>\n<hr>\n<p data-pm-slice=\"1 1 []\">El intendente Daniel Passerini realiz\u00f3 una visita a la OEI (Organizaci\u00f3n de los Estados Iberoamericanos para la Educaci\u00f3n, la Ciencia y la Cultura) donde mantuvo un encuentro con el director de la Oficina de Argentina, Luis Scasso.<\/p>\n<p>Durante la reuni\u00f3n, de la cu\u00e1l tambi\u00e9n participaron el secretario de Comunicaci\u00f3n y Cultura Municipal, Mariano Almada, y la coordinadora de Cooperaci\u00f3n e Innovaci\u00f3n de la oficina de Argentina, Sandra Rodr\u00edguez, se abordaron las posibles l\u00edneas de trabajo a desarrollar a lo largo del a\u00f1o 2024.<\/p>\n<p>Entre ellas, continuar con los proyectos que se ven\u00edan desarrollando en educaci\u00f3n de la Municipalidad de C\u00f3rdoba, fundamentalmente en el \u00e1mbito de primera infancia, y la necesidad de concebir un nuevo modelo educativo apuntando a las nuevas tecnolog\u00edas.<\/p>\n<p>Adem\u00e1s, se proyect\u00f3 avanzar en los temas vinculados a las industrias creativas y culturales, y en la promoci\u00f3n de las expresiones art\u00edsticas de la ciudad. Todos coincidieron en la necesidad de fortalecer la cooperaci\u00f3n interprovincial y evaluaron la manera en que C\u00f3rdoba puede colaborar con otras provincias.<\/p>\n","protected":false},"excerpt":{"rendered":"<p>Se acord\u00f3 dar continuidad a los proyectos que se ven\u00edan desarrollando en educaci\u00f3n del Municipio, y avanzar en los temas vinculados a las industrias creativas y culturales El intendente Daniel Passerini realiz\u00f3 una visita a la OEI (Organizaci\u00f3n de los Estados Iberoamericanos para la Educaci\u00f3n, la Ciencia y la Cultura) donde mantuvo un encuentro con [&hellip;]<\/p>\n","protected":false},"author":1,"featured_media":147646,"comment_status":"closed","ping_status":"closed","sticky":false,"template":"","format":"standard","meta":[],"categories":[44],"tags":[],"_links":{"self":[{"href":"http:\/\/cordobadirecto.com\/index.php\/wp-json\/wp\/v2\/posts\/147645"}],"collection":[{"href":"http:\/\/cordobadirecto.com\/index.php\/wp-json\/wp\/v2\/posts"}],"about":[{"href":"http:\/\/cordobadirecto.com\/index.php\/wp-json\/wp\/v2\/types\/post"}],"author":[{"embeddable":true,"href":"http:\/\/cordobadirecto.com\/index.php\/wp-json\/wp\/v2\/users\/1"}],"replies":[{"embeddable":true,"href":"http:\/\/cordobadirecto.com\/index.php\/wp-json\/wp\/v2\/comments?post=147645"}],"version-history":[{"count":0,"href":"http:\/\/cordobadirecto.com\/index.php\/wp-json\/wp\/v2\/posts\/147645\/revisions"}],"wp:featuredmedia":[{"embeddable":true,"href":"http:\/\/cordobadirecto.com\/index.php\/wp-json\/wp\/v2\/media\/147646"}],"wp:attachment":[{"href":"http:\/\/cordobadirecto.com\/index.php\/wp-json\/wp\/v2\/media?parent=147645"}],"wp:term":[{"taxonomy":"category","embeddable":true,"href":"http:\/\/cordobadirecto.com\/index.php\/wp-json\/wp\/v2\/categories?post=147645"},{"taxonomy":"post_tag","embeddable":true,"href":"http:\/\/cordobadirecto.com\/index.php\/wp-json\/wp\/v2\/tags?post=147645"}],"curies":[{"name":"wp","href":"https:\/\/api.w.org\/{rel}","templated":true}]}}