{"id":147659,"date":"2024-02-26T23:27:34","date_gmt":"2024-02-26T23:27:34","guid":{"rendered":"https:\/\/cordoba.gob.ar\/?p=55644"},"modified":"2024-02-26T23:27:34","modified_gmt":"2024-02-26T23:27:34","slug":"el-polideportivo-municipal-ruta-19-dio-cierre-a-la-temporada-de-verano-y-continuara-todo-el-ano-con-actividades-deportivas-y-recreativas","status":"publish","type":"post","link":"http:\/\/cordobadirecto.com\/index.php\/2024\/02\/26\/el-polideportivo-municipal-ruta-19-dio-cierre-a-la-temporada-de-verano-y-continuara-todo-el-ano-con-actividades-deportivas-y-recreativas\/","title":{"rendered":"El Polideportivo Municipal Ruta 19 dio cierre a la temporada de verano y continuar\u00e1 todo el a\u00f1o con actividades deportivas y recreativas"},"content":{"rendered":"<div><img src=\"http:\/\/cordobadirecto.com\/wp-content\/uploads\/2024\/02\/el-polideportivo-municipal-ruta-19-dio-cierre-a-la-temporada-de-verano-y-continuara-todo-el-ano-con-actividades-deportivas-y-recreativas.jpg\" class=\"ff-og-image-inserted\"><\/div>\n<p data-pm-slice=\"1 1 []\">Durante el cierre de la temporada de verano del Polideportivo Municipal Ruta 19, y en el marco de las acciones por seguir mejorando los espacios deportivos municipales y brindar una mayor cantidad y calidad de actividades a los ciudadanos, el secretario de Fortalecimiento Vecinal y Deportes, H\u00e9ctor Campana, anunci\u00f3 la continuidad de actividades deportivas y recreativas a lo largo del a\u00f1o en ese espacio.<\/p>\n<p>Al respecto, Campana se\u00f1al\u00f3:<em> \u00abEste espacio estaba con menos actividades de las que creemos se pueden hacer y, con el esfuerzo de los vecinos y el apoyo de la Municipalidad de C\u00f3rdoba, fue puesto en valor. Que los chicos hayan podido disfrutar de la pileta todo el verano nos genera una gran satisfacci\u00f3n y muchas ganas de hacer m\u00e1s cosas\u201d<\/em>.<\/p>\n<p>Y a\u00f1adi\u00f3:<em> \u201dAhora queremos que sea un espacio de ellos todo el a\u00f1o y por eso trabajaremos incansablemente llevando actividades para grandes y chicos. Es un espacio verde muy grande para aprovechar y queremos que se convierta en un lugar de encuentro y contenci\u00f3n para los vecinos del sector\u00bb<\/em>.<\/p>\n<p>Durante la despedida del ciclo estival, ni\u00f1os, ni\u00f1as, j\u00f3venes y adultos se acercaron para compartir de una tarde a pura diversi\u00f3n. Compartieron y disfrutaron de variados juegos, del sector peluquer\u00eda, de impresiones 3D, exhibiciones de boxeo con p\u00fagiles de la zona, zumba y un divertido show circense.<\/p>\n<p>Tambi\u00e9n, los vecinos de los barrios Barranca Yaco y el Bajo Pueyrred\u00f3n disfrutaron de una merienda compartida.<\/p>\n<p>Al respecto, Elsa Cort\u00e9s, referente del comedor Rinconcito de Osana, manifest\u00f3: <em>\u00abEstoy muy agradecida por el trabajo maravilloso que hicieron en el polideportivo. Para m\u00ed es c\u00f3mo un sue\u00f1o cumplido de que lo hayan visto con otros ojos. Es un lugar precioso para que nuestros ni\u00f1os, j\u00f3venes y adultos tengan este espacio abierto para poder disfrutarlo\u00bb.<\/em><\/p>\n<p>Por su parte, Horacio Garimaldi, subsecretario de Deportes y Recreaci\u00f3n, destac\u00f3: <em>\u00abHemos tenido \u00e9xito en la temporada estival, con muy buena recepci\u00f3n de los vecinos de la zona y la intenci\u00f3n es adecuar las acciones para que contin\u00faen durante todo el a\u00f1o. Este Polideportivo es un espacio con mucho potencial para realizar diferentes disciplinas como b\u00e1squet, f\u00fatbol, boxeo y una gran cantidad de actividades recreativas, siempre articulando con otras \u00e1reas del gobierno municipal y en un trabajo conjunto con referentes de la comunidad de acuerdo a las caracter\u00edsticas y necesidades del sector\u201d<\/em>.<\/p>\n","protected":false},"excerpt":{"rendered":"<p>Durante el cierre de la temporada de verano del Polideportivo Municipal Ruta 19, y en el marco de las acciones por seguir mejorando los espacios deportivos municipales y brindar una mayor cantidad y calidad de actividades a los ciudadanos, el secretario de Fortalecimiento Vecinal y Deportes, H\u00e9ctor Campana, anunci\u00f3 la continuidad de actividades deportivas y [&hellip;]<\/p>\n","protected":false},"author":1,"featured_media":147660,"comment_status":"closed","ping_status":"closed","sticky":false,"template":"","format":"standard","meta":[],"categories":[44],"tags":[],"_links":{"self":[{"href":"http:\/\/cordobadirecto.com\/index.php\/wp-json\/wp\/v2\/posts\/147659"}],"collection":[{"href":"http:\/\/cordobadirecto.com\/index.php\/wp-json\/wp\/v2\/posts"}],"about":[{"href":"http:\/\/cordobadirecto.com\/index.php\/wp-json\/wp\/v2\/types\/post"}],"author":[{"embeddable":true,"href":"http:\/\/cordobadirecto.com\/index.php\/wp-json\/wp\/v2\/users\/1"}],"replies":[{"embeddable":true,"href":"http:\/\/cordobadirecto.com\/index.php\/wp-json\/wp\/v2\/comments?post=147659"}],"version-history":[{"count":0,"href":"http:\/\/cordobadirecto.com\/index.php\/wp-json\/wp\/v2\/posts\/147659\/revisions"}],"wp:featuredmedia":[{"embeddable":true,"href":"http:\/\/cordobadirecto.com\/index.php\/wp-json\/wp\/v2\/media\/147660"}],"wp:attachment":[{"href":"http:\/\/cordobadirecto.com\/index.php\/wp-json\/wp\/v2\/media?parent=147659"}],"wp:term":[{"taxonomy":"category","embeddable":true,"href":"http:\/\/cordobadirecto.com\/index.php\/wp-json\/wp\/v2\/categories?post=147659"},{"taxonomy":"post_tag","embeddable":true,"href":"http:\/\/cordobadirecto.com\/index.php\/wp-json\/wp\/v2\/tags?post=147659"}],"curies":[{"name":"wp","href":"https:\/\/api.w.org\/{rel}","templated":true}]}}