{"id":147661,"date":"2024-02-26T23:23:48","date_gmt":"2024-02-26T23:23:48","guid":{"rendered":"https:\/\/cordoba.gob.ar\/?p=55640"},"modified":"2024-02-26T23:23:48","modified_gmt":"2024-02-26T23:23:48","slug":"campana-contra-el-dengue-los-camiones-de-fumigacion-llegan-a-diversos-barrios-de-la-ciudad","status":"publish","type":"post","link":"http:\/\/cordobadirecto.com\/index.php\/2024\/02\/26\/campana-contra-el-dengue-los-camiones-de-fumigacion-llegan-a-diversos-barrios-de-la-ciudad\/","title":{"rendered":"Campa\u00f1a contra el Dengue: los camiones de fumigaci\u00f3n llegan a diversos barrios de la ciudad"},"content":{"rendered":"<div><img src=\"http:\/\/cordobadirecto.com\/wp-content\/uploads\/2024\/02\/campana-contra-el-dengue-los-camiones-de-fumigacion-llegan-a-diversos-barrios-de-la-ciudad.jpg\" class=\"ff-og-image-inserted\"><\/div>\n<p data-pm-slice=\"1 1 []\">La Municipalidad de C\u00f3rdoba contin\u00faa con las tareas de fumigaci\u00f3n en los barrios de la ciudad.<\/p>\n<p>En el marco de la campa\u00f1a, este martes de 07:00 a 09:00 horas las tareas se realizar\u00e1n en:<\/p>\n<ul class=\"ak-ul\">\n<li>Rogelio Mart\u00ednez<\/li>\n<li>Paso de los Andes<\/li>\n<li>Observatorio<\/li>\n<li>Providencia<\/li>\n<li>2 de Septiembre<\/li>\n<li>IPV Arguello<\/li>\n<\/ul>\n<p>En tanto que en el horario de 18:00 a 20:00 horas, se fumigar\u00e1 en:<\/p>\n<ul class=\"ak-ul\">\n<li>Villa Esqui\u00fa<\/li>\n<li>San Ram\u00f3n<\/li>\n<li>1\u00b0 de Julio<\/li>\n<li>Ampliaci\u00f3n 1\u00b0 de Julio<\/li>\n<li>La Floresta<\/li>\n<li>General Arenales<\/li>\n<li>Residencial San Jorge<\/li>\n<li>Residencial Arag\u00f3n<\/li>\n<li>Quintas de San Jorge<\/li>\n<\/ul>\n<p>Para el mi\u00e9rcoles, de 07:00 a 09:00 horas la fumigaci\u00f3n se realizar\u00e1 en los siguientes puntos:<\/p>\n<ul class=\"ak-ul\">\n<li>Mafek\u00edn<\/li>\n<li>Teodoro Fels<\/li>\n<li>Campo de Vuelo<\/li>\n<li>La Reserva<\/li>\n<\/ul>\n<p>Por la tarde, de 18:00 a 20:00 horas, ser\u00e1 en:<\/p>\n<ul class=\"ak-ul\">\n<li>Palmar<\/li>\n<li>Villa Claudina<\/li>\n<li>Ampliaci\u00f3n Palmar<\/li>\n<li>Zepa A y B<\/li>\n<li>Nuestro Hogar 2<\/li>\n<li>Floresta Norte y Sur<\/li>\n<li>Ciudad Mi Esperanza<\/li>\n<li>Villa&nbsp;la&nbsp;Merced<\/li>\n<\/ul>\n<p>Se les recuerda a los vecinos que al paso del cami\u00f3n fumigador mantengan las puertas y ventanas de sus hogares abiertas.<\/p>\n","protected":false},"excerpt":{"rendered":"<p>La Municipalidad de C\u00f3rdoba contin\u00faa con las tareas de fumigaci\u00f3n en los barrios de la ciudad. En el marco de la campa\u00f1a, este martes de 07:00 a 09:00 horas las tareas se realizar\u00e1n en: Rogelio Mart\u00ednez Paso de los Andes Observatorio Providencia 2 de Septiembre IPV Arguello En tanto que en el horario de 18:00 [&hellip;]<\/p>\n","protected":false},"author":1,"featured_media":147662,"comment_status":"closed","ping_status":"closed","sticky":false,"template":"","format":"standard","meta":[],"categories":[44],"tags":[],"_links":{"self":[{"href":"http:\/\/cordobadirecto.com\/index.php\/wp-json\/wp\/v2\/posts\/147661"}],"collection":[{"href":"http:\/\/cordobadirecto.com\/index.php\/wp-json\/wp\/v2\/posts"}],"about":[{"href":"http:\/\/cordobadirecto.com\/index.php\/wp-json\/wp\/v2\/types\/post"}],"author":[{"embeddable":true,"href":"http:\/\/cordobadirecto.com\/index.php\/wp-json\/wp\/v2\/users\/1"}],"replies":[{"embeddable":true,"href":"http:\/\/cordobadirecto.com\/index.php\/wp-json\/wp\/v2\/comments?post=147661"}],"version-history":[{"count":0,"href":"http:\/\/cordobadirecto.com\/index.php\/wp-json\/wp\/v2\/posts\/147661\/revisions"}],"wp:featuredmedia":[{"embeddable":true,"href":"http:\/\/cordobadirecto.com\/index.php\/wp-json\/wp\/v2\/media\/147662"}],"wp:attachment":[{"href":"http:\/\/cordobadirecto.com\/index.php\/wp-json\/wp\/v2\/media?parent=147661"}],"wp:term":[{"taxonomy":"category","embeddable":true,"href":"http:\/\/cordobadirecto.com\/index.php\/wp-json\/wp\/v2\/categories?post=147661"},{"taxonomy":"post_tag","embeddable":true,"href":"http:\/\/cordobadirecto.com\/index.php\/wp-json\/wp\/v2\/tags?post=147661"}],"curies":[{"name":"wp","href":"https:\/\/api.w.org\/{rel}","templated":true}]}}