{"id":147663,"date":"2024-02-27T12:00:58","date_gmt":"2024-02-27T12:00:58","guid":{"rendered":"https:\/\/www.bbc.com\/mundo\/articles\/cd191gpn9p9o"},"modified":"2024-02-27T12:00:58","modified_gmt":"2024-02-27T12:00:58","slug":"como-milei-y-bukele-se-convirtieron-en-referentes-para-trump-y-la-derecha-mas-conservadora-de-ee-uu","status":"publish","type":"post","link":"http:\/\/cordobadirecto.com\/index.php\/2024\/02\/27\/como-milei-y-bukele-se-convirtieron-en-referentes-para-trump-y-la-derecha-mas-conservadora-de-ee-uu\/","title":{"rendered":"C\u00f3mo Milei y Bukele se convirtieron en referentes para Trump y la derecha m\u00e1s conservadora de EE.UU."},"content":{"rendered":"<figure class=\"bbc-1qn0xuy\" readability=\"1.5\">\n<div class=\"bbc-1gazxmd\" readability=\"8\"><picture><img loading=\"lazy\" src=\"http:\/\/cordobadirecto.com\/wp-content\/uploads\/2024\/02\/como-milei-y-bukele-se-convirtieron-en-referentes-para-trump-y-la-derecha-mas-conservadora-de-ee-uu.jpg\" srcset=\"http:\/\/cordobadirecto.com\/wp-content\/uploads\/2024\/02\/como-milei-y-bukele-se-convirtieron-en-referentes-para-trump-y-la-derecha-mas-conservadora-de-ee-uu-5.jpg 240w, http:\/\/cordobadirecto.com\/wp-content\/uploads\/2024\/02\/como-milei-y-bukele-se-convirtieron-en-referentes-para-trump-y-la-derecha-mas-conservadora-de-ee-uu-6.jpg 320w, http:\/\/cordobadirecto.com\/wp-content\/uploads\/2024\/02\/como-milei-y-bukele-se-convirtieron-en-referentes-para-trump-y-la-derecha-mas-conservadora-de-ee-uu-7.jpg 480w, http:\/\/cordobadirecto.com\/wp-content\/uploads\/2024\/02\/como-milei-y-bukele-se-convirtieron-en-referentes-para-trump-y-la-derecha-mas-conservadora-de-ee-uu-8.jpg 624w, http:\/\/cordobadirecto.com\/wp-content\/uploads\/2024\/02\/como-milei-y-bukele-se-convirtieron-en-referentes-para-trump-y-la-derecha-mas-conservadora-de-ee-uu-9.jpg 800w\" sizes=\"(min-width: 1008px) 760px, 100vw\" alt=\"Milei saluda a los asistentes de la CPAC en Maryland co\" width=\"1021\" height=\"574\" class=\"bbc-139onq\"><\/picture>\n<p class=\"bbc-kaivkm\" role=\"text\"><span class=\"bbc-m04vo2\">Fuente de la imagen, <\/span><span lang=\"en-GB\">Getty Images<\/span><\/p>\n<\/div><figcaption dir=\"ltr\" class=\"bbc-1jsyunq e6i104o0\" readability=\"1.5\"><span role=\"text\" readability=\"3\"><span class=\"bbc-m04vo2\">Pie de foto, <\/span><\/p>\n<p>Al participar en la CPAC en EE.UU., Milei se dio un efusivo abrazo con Trump entre bastidores.<\/p>\n<p><\/span><\/figcaption><\/figure>\n<section role=\"region\" aria-labelledby=\"article-byline\" class=\"bbc-1vjaf6b\"><strong id=\"article-byline\" aria-hidden=\"true\" class=\"bbc-m04vo2\">Article information<\/strong><\/p>\n<ul role=\"list\" class=\"bbc-1rvtlej\">\n<li><span role=\"text\"><span class=\"bbc-m04vo2\">Author, <\/span><span class=\"bbc-1ypcc2\">Gerardo Lissardy<\/span><\/span><\/li>\n<li><span role=\"text\"><span class=\"bbc-m04vo2\">Role, <!-- --> <\/span><span class=\"bbc-1y5sx98\">BBC News Mundo<\/span><\/span><\/li>\n<li class=\"bbc-v8pmqw\">\n<p><time datetime=\"2024-02-27\" class=\"bbc-1dafq0j e1mklfmt0\">4 horas<\/time><\/p>\n<\/li>\n<\/ul>\n<\/section>\n<div dir=\"ltr\" class=\"bbc-19j92fr ebmt73l0\" readability=\"8\">\n<p dir=\"ltr\" class=\"bbc-hhl7in e17g058b0\"><b>Algo llamativo acaba de ocurrir en el movimiento derechista que nutre de votos a Donald Trump en Estados Unidos: dos presidentes de Am\u00e9rica Latina se sumaron a su lista de estrellas internacionales. <\/b><\/p>\n<\/div>\n<div dir=\"ltr\" class=\"bbc-19j92fr ebmt73l0\" readability=\"11\">\n<p dir=\"ltr\" class=\"bbc-hhl7in e17g058b0\">Se trata del mandatario salvadore\u00f1o Nayib Bukele y del argentino Javier Milei, quienes participaron en la Conferencia de Acci\u00f3n Pol\u00edtica Conservadora (CPAC, por sus siglas en ingl\u00e9s) que concluy\u00f3 el s\u00e1bado en el estado de Maryland. <\/p>\n<\/div>\n<div dir=\"ltr\" class=\"bbc-19j92fr ebmt73l0\" readability=\"10\">\n<p dir=\"ltr\" class=\"bbc-hhl7in e17g058b0\">Con diferentes arengas y consejos, Bukele y Milei pronunciaron dos discursos aplaudidos en este influyente foro conservador, desde el mismo escenario donde Trump habl\u00f3 como protagonista indiscutido. <\/p>\n<\/div>\n<div dir=\"ltr\" class=\"bbc-19j92fr ebmt73l0\" readability=\"9\">\n<p dir=\"ltr\" class=\"bbc-hhl7in e17g058b0\">El expresidente estadounidense agradeci\u00f3 al inicio de su mensaje la presencia de Milei como &#8220;un gran honor&#8221; y lleg\u00f3 a abrazarse de forma efusiva con el libertario argentino entre bastidores el s\u00e1bado. <\/p>\n<\/div>\n<div dir=\"ltr\" class=\"bbc-19j92fr ebmt73l0\" readability=\"10\">\n<p dir=\"ltr\" class=\"bbc-hhl7in e17g058b0\">&#8220;Hagamos grande a Argentina otra vez&#8221;, dijo Trump en ese saludo, adaptando el eslogan con el que lleg\u00f3 a la Casa Blanca en las elecciones de 2016 y busca hacerlo otra vez en las de noviembre.<\/p>\n<\/div>\n<div dir=\"ltr\" class=\"bbc-19j92fr ebmt73l0\" readability=\"12\">\n<p dir=\"ltr\" class=\"bbc-hhl7in e17g058b0\">&#8220;\u00a1Viva la libertad, carajo!&#8221;, grit\u00f3 Milei e hizo re\u00edr a Trump, como se observa en un video divulgado de ese encuentro a pocos kil\u00f3metros del Capitolio de EE.UU. que hace tres a\u00f1os fue invadido con violencia por seguidores del entonces presidente.<\/p>\n<\/div>\n<div dir=\"ltr\" class=\"bbc-19j92fr ebmt73l0\" readability=\"11\">\n<p dir=\"ltr\" class=\"bbc-hhl7in e17g058b0\">A la CPAC asistieron otros pol\u00edticos extranjeros, como el l\u00edder del partido ultraderechista espa\u00f1ol Vox, Santiago Abascal, o la ex primera ministra brit\u00e1nica Liz Truss.<\/p>\n<\/div>\n<div dir=\"ltr\" class=\"bbc-19j92fr ebmt73l0\" readability=\"10\">\n<p dir=\"ltr\" class=\"bbc-hhl7in e17g058b0\">Pero la presencia de dos jefes de Estado latinoamericanos fue singular para una conferencia de conservadores que parec\u00edan ver la regi\u00f3n como un surtidor de problemas vinculados a la migraci\u00f3n o las drogas, m\u00e1s que como una fuente de inspiraci\u00f3n pol\u00edtica.<\/p>\n<\/div>\n<div dir=\"ltr\" class=\"bbc-19j92fr ebmt73l0\" readability=\"8\">\n<p dir=\"ltr\" class=\"bbc-hhl7in e17g058b0\">Entonces, \u00bfc\u00f3mo llegaron Bukele y Milei a convertirse en referentes del trumpismo?<\/p>\n<\/div>\n<p><h2 id=\"Coincidencias\" tabindex=\"-1\" class=\"bbc-1f03ibc eglt09e0\">Coincidencias<\/h2>\n<\/p>\n<div dir=\"ltr\" class=\"bbc-19j92fr ebmt73l0\" readability=\"13\">\n<p dir=\"ltr\" class=\"bbc-hhl7in e17g058b0\">El presidente de la CPAC, Matt Schlapp, se\u00f1ala que la idea de invitar a Milei surgi\u00f3 al escucharlo en un evento de este tipo en M\u00e9xico, en noviembre de 2022, y destac\u00f3 su plan de recortar subsidios del Estado. <\/p>\n<\/div>\n<div dir=\"ltr\" class=\"bbc-19j92fr ebmt73l0\" readability=\"9\">\n<p dir=\"ltr\" class=\"bbc-hhl7in e17g058b0\">&#8220;Nos encanta la idea de tener una motosierra para representar que va a eliminar gastos&#8221;, le dice Schlapp a BBC Mundo en referencia a uno de los s\u00edmbolos de la campa\u00f1a del libertario argentino.<\/p>\n<\/div>\n<figure class=\"bbc-1qn0xuy\" readability=\"1.5\">\n<div class=\"bbc-1gazxmd\" readability=\"8\"><picture><img src=\"http:\/\/cordobadirecto.com\/wp-content\/uploads\/2024\/02\/como-milei-y-bukele-se-convirtieron-en-referentes-para-trump-y-la-derecha-mas-conservadora-de-ee-uu-1.jpg\" srcset=\"http:\/\/cordobadirecto.com\/wp-content\/uploads\/2024\/02\/como-milei-y-bukele-se-convirtieron-en-referentes-para-trump-y-la-derecha-mas-conservadora-de-ee-uu-10.jpg 240w, http:\/\/cordobadirecto.com\/wp-content\/uploads\/2024\/02\/como-milei-y-bukele-se-convirtieron-en-referentes-para-trump-y-la-derecha-mas-conservadora-de-ee-uu-11.jpg 320w, http:\/\/cordobadirecto.com\/wp-content\/uploads\/2024\/02\/como-milei-y-bukele-se-convirtieron-en-referentes-para-trump-y-la-derecha-mas-conservadora-de-ee-uu-12.jpg 480w, http:\/\/cordobadirecto.com\/wp-content\/uploads\/2024\/02\/como-milei-y-bukele-se-convirtieron-en-referentes-para-trump-y-la-derecha-mas-conservadora-de-ee-uu-13.jpg 624w, http:\/\/cordobadirecto.com\/wp-content\/uploads\/2024\/02\/como-milei-y-bukele-se-convirtieron-en-referentes-para-trump-y-la-derecha-mas-conservadora-de-ee-uu-14.jpg 800w\" sizes=\"(min-width: 1008px) 760px, 100vw\" alt=\"Bukele saluda a asistentes a la CPAC en Maryland, EE.UU.\" loading=\"lazy\" width=\"6000\" height=\"4000\" class=\"bbc-139onq\"><\/picture>\n<p class=\"bbc-kaivkm\" role=\"text\"><span class=\"bbc-m04vo2\">Fuente de la imagen, <\/span><span lang=\"en-GB\">Getty Images<\/span><\/p>\n<\/div><figcaption dir=\"ltr\" class=\"bbc-1jsyunq e6i104o0\" readability=\"1\"><span role=\"text\" readability=\"2\"><span class=\"bbc-m04vo2\">Pie de foto, <\/span><\/p>\n<p>Bukele levant\u00f3 varios aplausos de los asistentes al foro conservador en EE.UU.<\/p>\n<p><\/span><\/figcaption><\/figure>\n<div dir=\"ltr\" class=\"bbc-19j92fr ebmt73l0\" readability=\"10\">\n<p dir=\"ltr\" class=\"bbc-hhl7in e17g058b0\">Si la agenda de Milei coincide con posiciones de los conservadores de EE.UU. en el plano econ\u00f3mico, la pol\u00e9mica &#8220;mano dura&#8221; de Bukele contra el crimen parece encajar con <b>la intenci\u00f3n de Trump de colocar la seguridad como tema de campa\u00f1a.<\/b><\/p>\n<\/div>\n<div dir=\"ltr\" class=\"bbc-19j92fr ebmt73l0\" readability=\"11\">\n<p dir=\"ltr\" class=\"bbc-hhl7in e17g058b0\">Bukele declar\u00f3 la guerra a las pandillas y derrib\u00f3 las altas tasas de homicidios en El Salvador con una pol\u00edtica de encarcelamientos masivos y un estado de excepci\u00f3n que, seg\u00fan sus cr\u00edticos, provoc\u00f3 numerosas violaciones de derechos humanos. <\/p>\n<\/div>\n<div dir=\"ltr\" class=\"bbc-19j92fr ebmt73l0\" readability=\"7\">\n<p dir=\"ltr\" class=\"bbc-hhl7in e17g058b0\">Pero Schlapp descarta como algo &#8220;risible&#8221; los se\u00f1alamientos de abusos. <\/p>\n<\/div>\n<div dir=\"ltr\" class=\"bbc-19j92fr ebmt73l0\" readability=\"10\">\n<p dir=\"ltr\" class=\"bbc-hhl7in e17g058b0\">&#8220;Lo que ha hecho Bukele en El Salvador es atacar al crimen y a los criminales. Y hay mucha gente que vive en nuestras mayores ciudades [de EE.UU.] que quisiera ver las calles m\u00e1s seguras\u201d, compara.<\/p>\n<\/div>\n<div dir=\"ltr\" class=\"bbc-19j92fr ebmt73l0\" readability=\"8\">\n<p dir=\"ltr\" class=\"bbc-hhl7in e17g058b0\">Los expertos sostienen que la derecha estadounidense identific\u00f3 algunos beneficios de invitar a Bukele y Milei a su gran encuentro anual. <\/p>\n<\/div>\n<div dir=\"ltr\" class=\"bbc-19j92fr ebmt73l0\" readability=\"13\">\n<p dir=\"ltr\" class=\"bbc-hhl7in e17g058b0\">&#8220;Para Trump y su base de apoyo conservadora, es una oportunidad de se\u00f1alar que su estilo de gobierno de hombre fuerte es popular y est\u00e1 ganando impulso fuera de EE.UU.&#8221;, se\u00f1ala Erica Frantz, una profesora de Ciencia Pol\u00edtica en la Universidad Estatal de Michigan que estudia este tipo de liderazgos. <\/p>\n<\/div>\n<figure class=\"bbc-1qn0xuy\" readability=\"1.5\">\n<div class=\"bbc-1gazxmd\" readability=\"8\"><picture><img src=\"http:\/\/cordobadirecto.com\/wp-content\/uploads\/2024\/02\/como-milei-y-bukele-se-convirtieron-en-referentes-para-trump-y-la-derecha-mas-conservadora-de-ee-uu-2.jpg\" srcset=\"http:\/\/cordobadirecto.com\/wp-content\/uploads\/2024\/02\/como-milei-y-bukele-se-convirtieron-en-referentes-para-trump-y-la-derecha-mas-conservadora-de-ee-uu-15.jpg 240w, http:\/\/cordobadirecto.com\/wp-content\/uploads\/2024\/02\/como-milei-y-bukele-se-convirtieron-en-referentes-para-trump-y-la-derecha-mas-conservadora-de-ee-uu-16.jpg 320w, http:\/\/cordobadirecto.com\/wp-content\/uploads\/2024\/02\/como-milei-y-bukele-se-convirtieron-en-referentes-para-trump-y-la-derecha-mas-conservadora-de-ee-uu-17.jpg 480w, http:\/\/cordobadirecto.com\/wp-content\/uploads\/2024\/02\/como-milei-y-bukele-se-convirtieron-en-referentes-para-trump-y-la-derecha-mas-conservadora-de-ee-uu-18.jpg 624w, http:\/\/cordobadirecto.com\/wp-content\/uploads\/2024\/02\/como-milei-y-bukele-se-convirtieron-en-referentes-para-trump-y-la-derecha-mas-conservadora-de-ee-uu-19.jpg 800w\" sizes=\"(min-width: 1008px) 760px, 100vw\" alt=\"Trump parado sobre el escenario de la CPAC\" loading=\"lazy\" width=\"3796\" height=\"2531\" class=\"bbc-139onq\"><\/picture>\n<p class=\"bbc-kaivkm\" role=\"text\"><span class=\"bbc-m04vo2\">Fuente de la imagen, <\/span><span lang=\"en-GB\">Getty Images<\/span><\/p>\n<\/div><figcaption dir=\"ltr\" class=\"bbc-1jsyunq e6i104o0\" readability=\"2\"><span role=\"text\" readability=\"4\"><span class=\"bbc-m04vo2\">Pie de foto, <\/span><\/p>\n<p>Trump fue protagonista de la reuni\u00f3n de conservadores de EE.UU. este a\u00f1o, cuando busca volver a la Casa Blanca.<\/p>\n<p><\/span><\/figcaption><\/figure>\n<div dir=\"ltr\" class=\"bbc-19j92fr ebmt73l0\" readability=\"12\">\n<p dir=\"ltr\" class=\"bbc-hhl7in e17g058b0\">&#8220;No creo que se trate de movilizar al electorado latino de EE.UU. en concreto, sino de un esfuerzo por se\u00f1alar a toda la base conservadora de Trump que su ret\u00f3rica autocr\u00e1tica es &#8216;normal&#8217; y que la pol\u00edtica de hombre fuerte es la \u00fanica forma de abordar los problemas de la sociedad&#8221;, le dice Frantz a BBC Mundo.<\/p>\n<\/div>\n<div dir=\"ltr\" class=\"bbc-19j92fr ebmt73l0\" readability=\"10\">\n<p dir=\"ltr\" class=\"bbc-hhl7in e17g058b0\">En cambio, para Bukele y Milei puede haber potenciales ventajas y riesgos por haber ido a este evento pol\u00edtico, advierten analistas.<\/p>\n<\/div>\n<p><h2 id=\"Bautismo\" tabindex=\"-1\" class=\"bbc-1f03ibc eglt09e0\">&#8220;Bautismo&#8221;<\/h2>\n<\/p>\n<div dir=\"ltr\" class=\"bbc-19j92fr ebmt73l0\" readability=\"12\">\n<p dir=\"ltr\" class=\"bbc-hhl7in e17g058b0\">En su discurso del jueves ante la CPAC, pronunciado en ingl\u00e9s, Bukele busc\u00f3 sintonizar con su audiencia al lanzar cr\u00edticas a blancos comunes de la derecha, como las organizaciones no gubernamentales o el fil\u00e1ntropo multimillonario George Soros. <\/p>\n<\/div>\n<div dir=\"ltr\" class=\"bbc-19j92fr ebmt73l0\" readability=\"10\">\n<p dir=\"ltr\" class=\"bbc-hhl7in e17g058b0\">Pero, como alguien acusado por cr\u00edticos de erosionar la democracia en su pa\u00eds y concentrar el poder en sus manos, <b>Bukele dej\u00f3 adem\u00e1s algunos consejos<\/b> que pueden tener distintas interpretaciones.<\/p>\n<\/div>\n<div dir=\"ltr\" class=\"bbc-19j92fr ebmt73l0\" readability=\"9\">\n<p dir=\"ltr\" class=\"bbc-hhl7in e17g058b0\">&#8220;Dicen que el globalismo viene a morir a la CPAC. Estoy aqu\u00ed para decirles que en El Salvador ya est\u00e1 muerto&#8221;, dijo y provoc\u00f3 una ovaci\u00f3n de su audiencia en EE.UU.<\/p>\n<\/div>\n<div dir=\"ltr\" class=\"bbc-19j92fr ebmt73l0\" readability=\"10\">\n<p dir=\"ltr\" class=\"bbc-hhl7in e17g058b0\">&#8220;Pero si quieres que el globalismo muera aqu\u00ed tambi\u00e9n, debes estar dispuesto a luchar sin disculpas contra todo y todos los que lo defienden&#8221;, agreg\u00f3.<\/p>\n<\/div>\n<div dir=\"ltr\" class=\"bbc-19j92fr ebmt73l0\" readability=\"13\">\n<p dir=\"ltr\" class=\"bbc-hhl7in e17g058b0\">&#8220;El pr\u00f3ximo presidente de EE.UU. no s\u00f3lo debe ganar unas elecciones. Debe tener la visi\u00f3n, la voluntad y el coraje de hacer lo necesario. Y, sobre todo, debe ser capaz de identificar las fuerzas subyacentes que conspirar\u00e1n contra \u00e9l&#8221;, se\u00f1al\u00f3.<\/p>\n<\/div>\n<div dir=\"ltr\" class=\"bbc-19j92fr ebmt73l0\" readability=\"13\">\n<p dir=\"ltr\" class=\"bbc-hhl7in e17g058b0\">Giancarlo Summa, un investigador en la Escuela de Altos Estudios en Ciencias Sociales de Par\u00eds y cofundador del proyecto Mudral (Multilateralismo y Derecha Radical en Am\u00e9rica Latina), cree que ese discurso fue una suerte de &#8220;bautismo&#8221; pol\u00edtico para Bukele, quien evitaba definirse como alguien de derecha. <\/p>\n<\/div>\n<div dir=\"ltr\" class=\"bbc-19j92fr ebmt73l0\" readability=\"9\">\n<p dir=\"ltr\" class=\"bbc-hhl7in e17g058b0\">&#8220;\u00c9l ahora eligi\u00f3 un lado; la derecha ya lo hab\u00eda elegido a \u00e9l como \u00eddolo&#8221;, le dice Summa a BBC Mundo.<\/p>\n<\/div>\n<figure class=\"bbc-1qn0xuy\" readability=\"1.5\">\n<div class=\"bbc-1gazxmd\" readability=\"8\"><picture><img src=\"http:\/\/cordobadirecto.com\/wp-content\/uploads\/2024\/02\/como-milei-y-bukele-se-convirtieron-en-referentes-para-trump-y-la-derecha-mas-conservadora-de-ee-uu-3.jpg\" srcset=\"http:\/\/cordobadirecto.com\/wp-content\/uploads\/2024\/02\/como-milei-y-bukele-se-convirtieron-en-referentes-para-trump-y-la-derecha-mas-conservadora-de-ee-uu-20.jpg 240w, http:\/\/cordobadirecto.com\/wp-content\/uploads\/2024\/02\/como-milei-y-bukele-se-convirtieron-en-referentes-para-trump-y-la-derecha-mas-conservadora-de-ee-uu-21.jpg 320w, http:\/\/cordobadirecto.com\/wp-content\/uploads\/2024\/02\/como-milei-y-bukele-se-convirtieron-en-referentes-para-trump-y-la-derecha-mas-conservadora-de-ee-uu-22.jpg 480w, http:\/\/cordobadirecto.com\/wp-content\/uploads\/2024\/02\/como-milei-y-bukele-se-convirtieron-en-referentes-para-trump-y-la-derecha-mas-conservadora-de-ee-uu-23.jpg 624w, http:\/\/cordobadirecto.com\/wp-content\/uploads\/2024\/02\/como-milei-y-bukele-se-convirtieron-en-referentes-para-trump-y-la-derecha-mas-conservadora-de-ee-uu-24.jpg 800w\" sizes=\"(min-width: 1008px) 760px, 100vw\" alt=\"Guardias observan a prisioneros en una c\u00e1rcel de El Salvador.\" loading=\"lazy\" width=\"1024\" height=\"683\" class=\"bbc-139onq\"><\/picture>\n<p class=\"bbc-kaivkm\" role=\"text\"><span class=\"bbc-m04vo2\">Fuente de la imagen, <\/span><span lang=\"en-GB\">Getty Images<\/span><\/p>\n<\/div><figcaption dir=\"ltr\" class=\"bbc-1jsyunq e6i104o0\" readability=\"1.5\"><span role=\"text\" readability=\"3\"><span class=\"bbc-m04vo2\">Pie de foto, <\/span><\/p>\n<p>El gobierno de Bukele ha sido acusado de violaciones de derechos humanos en su pol\u00edtica de encarcelamientos masivos.<\/p>\n<p><\/span><\/figcaption><\/figure>\n<div dir=\"ltr\" class=\"bbc-19j92fr ebmt73l0\" readability=\"14\">\n<p dir=\"ltr\" class=\"bbc-hhl7in e17g058b0\">A su juicio, la CPAC funciona para crear lazos de afinidad entre derechistas que tienen enemigos comunes y, al participar en ella, tanto Bukele como Milei apostaron por tener buenas relaciones con Trump en caso de que \u00e9ste gane las elecciones en las que probablemente vuelva a enfrentarse al actual presidente de EE.UU., Joe Biden.<\/p>\n<\/div>\n<div dir=\"ltr\" class=\"bbc-19j92fr ebmt73l0\" readability=\"14\">\n<p dir=\"ltr\" class=\"bbc-hhl7in e17g058b0\">En la conferencia tambi\u00e9n particip\u00f3 el diputado brasile\u00f1o Eduardo Bolsonaro \u2014hijo del expresidente, y aliado de Trump, Jair Bolsonaro\u2014, que sostuvo que en su pa\u00eds hay abusos de la justicia en la causa que investiga un supuesto plan golpista para evitar que asumiera el actual presidente, Luiz In\u00e1cio Lula da Silva.<\/p>\n<\/div>\n<div dir=\"ltr\" class=\"bbc-19j92fr ebmt73l0\" readability=\"12\">\n<p dir=\"ltr\" class=\"bbc-hhl7in e17g058b0\">Milei expres\u00f3 simpat\u00eda por Trump desde su campa\u00f1a del a\u00f1o pasado y, si bien su discurso del s\u00e1bado ante la CPAC tuvo cierto tono acad\u00e9mico sobre temas de mercado y Estado, tambi\u00e9n incluy\u00f3 cr\u00edticas a la clase pol\u00edtica, los medios de comunicaci\u00f3n y la &#8220;agenda asesina del aborto&#8221;.<\/p>\n<\/div>\n<div dir=\"ltr\" class=\"bbc-19j92fr ebmt73l0\" readability=\"13\">\n<p dir=\"ltr\" class=\"bbc-hhl7in e17g058b0\">&#8220;No dejen avanzar el socialismo, no avalen la regulaci\u00f3n, no avalen la idea de los fallos de mercado, no permitan el avance de la agenda asesina y no se dejen llevar por los cantos de sirena de la justicia social&#8221;, dijo. <\/p>\n<\/div>\n<div dir=\"ltr\" class=\"bbc-19j92fr ebmt73l0\" readability=\"11\">\n<p dir=\"ltr\" class=\"bbc-hhl7in e17g058b0\">&#8220;<b>Yo vengo de un pa\u00eds que compr\u00f3 todas esas ideas est\u00fapidas<\/b> y, de ser un pa\u00eds de los m\u00e1s ricos del mundo, est\u00e1 en el lugar 140&#8243;, continu\u00f3.<\/p>\n<\/div>\n<div dir=\"ltr\" class=\"bbc-19j92fr ebmt73l0\" readability=\"8\">\n<p dir=\"ltr\" class=\"bbc-hhl7in e17g058b0\">&#8220;Si no pelean por su libertad, los van a llevar a la miseria&#8221;. <\/p>\n<\/div>\n<figure class=\"bbc-1qn0xuy\" readability=\"1.5\">\n<div class=\"bbc-1gazxmd\" readability=\"8\"><picture><img src=\"http:\/\/cordobadirecto.com\/wp-content\/uploads\/2024\/02\/como-milei-y-bukele-se-convirtieron-en-referentes-para-trump-y-la-derecha-mas-conservadora-de-ee-uu-4.jpg\" srcset=\"http:\/\/cordobadirecto.com\/wp-content\/uploads\/2024\/02\/como-milei-y-bukele-se-convirtieron-en-referentes-para-trump-y-la-derecha-mas-conservadora-de-ee-uu-25.jpg 240w, http:\/\/cordobadirecto.com\/wp-content\/uploads\/2024\/02\/como-milei-y-bukele-se-convirtieron-en-referentes-para-trump-y-la-derecha-mas-conservadora-de-ee-uu-26.jpg 320w, http:\/\/cordobadirecto.com\/wp-content\/uploads\/2024\/02\/como-milei-y-bukele-se-convirtieron-en-referentes-para-trump-y-la-derecha-mas-conservadora-de-ee-uu-27.jpg 480w, http:\/\/cordobadirecto.com\/wp-content\/uploads\/2024\/02\/como-milei-y-bukele-se-convirtieron-en-referentes-para-trump-y-la-derecha-mas-conservadora-de-ee-uu-28.jpg 624w, http:\/\/cordobadirecto.com\/wp-content\/uploads\/2024\/02\/como-milei-y-bukele-se-convirtieron-en-referentes-para-trump-y-la-derecha-mas-conservadora-de-ee-uu-29.jpg 800w\" sizes=\"(min-width: 1008px) 760px, 100vw\" alt=\"Milei y Blinken \" loading=\"lazy\" width=\"2775\" height=\"1850\" class=\"bbc-139onq\"><\/picture>\n<p class=\"bbc-kaivkm\" role=\"text\"><span class=\"bbc-m04vo2\">Fuente de la imagen, <\/span><span lang=\"en-GB\">Getty Images<\/span><\/p>\n<\/div><figcaption dir=\"ltr\" class=\"bbc-1jsyunq e6i104o0\" readability=\"2.5\"><span role=\"text\" readability=\"5\"><span class=\"bbc-m04vo2\">Pie de foto, <\/span><\/p>\n<p>Milei recibi\u00f3 al secretario de Estado de EE.UU., Antony Blinken, justo antes de viajar a EE.UU. para asistir a la reuni\u00f3n de los conservadores.<\/p>\n<p><\/span><\/figcaption><\/figure>\n<div dir=\"ltr\" class=\"bbc-19j92fr ebmt73l0\" readability=\"11\">\n<p dir=\"ltr\" class=\"bbc-hhl7in e17g058b0\">Milei viajo a la CPAC tras reunirse el viernes en Buenos Aires con el secretario de Estado de EE.UU., Antony Blinken, en momentos en que enfrenta crecientes dificultades pol\u00edticas dom\u00e9sticas y busca apoyo internacional a su ajuste econ\u00f3mico. <\/p>\n<\/div>\n<div dir=\"ltr\" class=\"bbc-19j92fr ebmt73l0\" readability=\"12\">\n<p dir=\"ltr\" class=\"bbc-hhl7in e17g058b0\">El embajador estadounidense en Argentina, Marc Stanley, transmiti\u00f3 de forma reservada al gobierno de Milei que la reuni\u00f3n de la CPAC era un evento demasiado pol\u00edtico como para que participara el presidente, seg\u00fan informaron distintos medios.<\/p>\n<\/div>\n<div dir=\"ltr\" class=\"bbc-19j92fr ebmt73l0\" readability=\"8\">\n<p dir=\"ltr\" class=\"bbc-hhl7in e17g058b0\">La respuesta que recibi\u00f3 fue que Milei evitar\u00eda referirse a temas de pol\u00edtica dom\u00e9stica de EE.UU.<\/p>\n<\/div>\n<div dir=\"ltr\" class=\"bbc-19j92fr ebmt73l0\" readability=\"8\">\n<p dir=\"ltr\" class=\"bbc-hhl7in e17g058b0\">Sin embargo, algunos analistas observan que quiz\u00e1s ya asumi\u00f3 un riesgo. <\/p>\n<\/div>\n<div dir=\"ltr\" class=\"bbc-19j92fr ebmt73l0\" readability=\"13\">\n<p dir=\"ltr\" class=\"bbc-hhl7in e17g058b0\">\u201c<b>Si Biden gana la reelecci\u00f3n, es probable que el hecho de que Bukele y Milei se acercaran a Trump cree tensiones<\/b>\u201d, dice Frantz, que recuerda que durante el mandato actual EE.UU. &#8220;ya se mostr\u00f3 bastante inc\u00f3modo con las graves violaciones de los derechos humanos por parte del gobierno de Bukele&#8221;. <\/p>\n<\/div>\n<div dir=\"ltr\" class=\"bbc-19j92fr ebmt73l0\" readability=\"12\">\n<p dir=\"ltr\" class=\"bbc-hhl7in e17g058b0\">&#8220;Si Milei acaba cumpliendo sus promesas electorales, sobre todo en lo que respecta a las pol\u00edticas que suprimen los derechos de las mujeres&#8221;, se\u00f1ala la polit\u00f3loga, &#8220;es probable que el gobierno de Biden responda y exprese su oposici\u00f3n&#8221;.<\/p>\n<\/div>\n<figure class=\"bbc-1qn0xuy\">\n<div class=\"bbc-1gazxmd\"><picture><img src=\"http:\/\/cordobadirecto.com\/wp-content\/uploads\/2024\/02\/como-milei-y-bukele-se-convirtieron-en-referentes-para-trump-y-la-derecha-mas-conservadora-de-ee-uu.png\" srcset=\"http:\/\/cordobadirecto.com\/wp-content\/uploads\/2024\/02\/como-milei-y-bukele-se-convirtieron-en-referentes-para-trump-y-la-derecha-mas-conservadora-de-ee-uu-1.png 240w, http:\/\/cordobadirecto.com\/wp-content\/uploads\/2024\/02\/como-milei-y-bukele-se-convirtieron-en-referentes-para-trump-y-la-derecha-mas-conservadora-de-ee-uu-2.png 320w, http:\/\/cordobadirecto.com\/wp-content\/uploads\/2024\/02\/como-milei-y-bukele-se-convirtieron-en-referentes-para-trump-y-la-derecha-mas-conservadora-de-ee-uu-3.png 480w, http:\/\/cordobadirecto.com\/wp-content\/uploads\/2024\/02\/como-milei-y-bukele-se-convirtieron-en-referentes-para-trump-y-la-derecha-mas-conservadora-de-ee-uu-4.png 624w, http:\/\/cordobadirecto.com\/wp-content\/uploads\/2024\/02\/como-milei-y-bukele-se-convirtieron-en-referentes-para-trump-y-la-derecha-mas-conservadora-de-ee-uu-5.png 800w\" sizes=\"(min-width: 1008px) 760px, 100vw\" alt=\"l\u00ednea gris\" loading=\"lazy\" width=\"800\" height=\"100\" class=\"bbc-139onq\"><\/picture><\/div>\n<\/figure>\n<div dir=\"ltr\" class=\"bbc-19j92fr ebmt73l0\" readability=\"8\">\n<p dir=\"ltr\" class=\"bbc-hhl7in e17g058b0\"><i class=\"bbc-h1y5j7 eih42320\">Y recuerda que puedes recibir notificaciones. Descarga la \u00faltima versi\u00f3n de nuestra app y act\u00edvalas para no perderte nuestro mejor contenido.<\/i><\/p>\n<\/div>\n","protected":false},"excerpt":{"rendered":"<p>Fuente de la imagen, Getty Images Pie de foto, Al participar en la CPAC en EE.UU., Milei se dio un efusivo abrazo con Trump entre bastidores. Article information Author, Gerardo Lissardy Role, BBC News Mundo 4 horas Algo llamativo acaba de ocurrir en el movimiento derechista que nutre de votos a Donald Trump en Estados [&hellip;]<\/p>\n","protected":false},"author":1,"featured_media":147664,"comment_status":"closed","ping_status":"closed","sticky":false,"template":"","format":"standard","meta":[],"categories":[24],"tags":[],"_links":{"self":[{"href":"http:\/\/cordobadirecto.com\/index.php\/wp-json\/wp\/v2\/posts\/147663"}],"collection":[{"href":"http:\/\/cordobadirecto.com\/index.php\/wp-json\/wp\/v2\/posts"}],"about":[{"href":"http:\/\/cordobadirecto.com\/index.php\/wp-json\/wp\/v2\/types\/post"}],"author":[{"embeddable":true,"href":"http:\/\/cordobadirecto.com\/index.php\/wp-json\/wp\/v2\/users\/1"}],"replies":[{"embeddable":true,"href":"http:\/\/cordobadirecto.com\/index.php\/wp-json\/wp\/v2\/comments?post=147663"}],"version-history":[{"count":0,"href":"http:\/\/cordobadirecto.com\/index.php\/wp-json\/wp\/v2\/posts\/147663\/revisions"}],"wp:featuredmedia":[{"embeddable":true,"href":"http:\/\/cordobadirecto.com\/index.php\/wp-json\/wp\/v2\/media\/147664"}],"wp:attachment":[{"href":"http:\/\/cordobadirecto.com\/index.php\/wp-json\/wp\/v2\/media?parent=147663"}],"wp:term":[{"taxonomy":"category","embeddable":true,"href":"http:\/\/cordobadirecto.com\/index.php\/wp-json\/wp\/v2\/categories?post=147663"},{"taxonomy":"post_tag","embeddable":true,"href":"http:\/\/cordobadirecto.com\/index.php\/wp-json\/wp\/v2\/tags?post=147663"}],"curies":[{"name":"wp","href":"https:\/\/api.w.org\/{rel}","templated":true}]}}