{"id":147696,"date":"2024-02-27T18:10:10","date_gmt":"2024-02-27T18:10:10","guid":{"rendered":"https:\/\/cordoba.gob.ar\/?p=55518"},"modified":"2024-02-27T18:10:10","modified_gmt":"2024-02-27T18:10:10","slug":"mas-de-13-mil-cordobeses-pasaron-el-verano-en-los-parques-educativos-y-centros-educativos-barriales","status":"publish","type":"post","link":"http:\/\/cordobadirecto.com\/index.php\/2024\/02\/27\/mas-de-13-mil-cordobeses-pasaron-el-verano-en-los-parques-educativos-y-centros-educativos-barriales\/","title":{"rendered":"M\u00e1s de 13 mil cordobeses pasaron el verano en los Parques Educativos y Centros Educativos Barriales"},"content":{"rendered":"<div><img src=\"http:\/\/cordobadirecto.com\/wp-content\/uploads\/2024\/02\/mas-de-13-mil-cordobeses-pasaron-el-verano-en-los-parques-educativos-y-centros-educativos-barriales.jpg\" class=\"ff-og-image-inserted\"><\/div>\n<ul class=\"ak-ul\">\n<li><strong>Entre todos los espacios municipales hubo 150 propuestas vinculadas a la recreaci\u00f3n, el deporte, la educaci\u00f3n y la salud.<\/strong><\/li>\n<\/ul>\n<hr>\n<p>M\u00e1s de 13.000 cordobeses asistieron a los cinco Parques Educativos y seis Centros de Encuentro Barrial (CEB) para participar de las 150 iniciativas de verano.<\/p>\n<p>Uno de los principales atractivos en estos d\u00edas de calor fueron las piletas de los Parques Educativos, con asistencia de toda la familia: ni\u00f1as, ni\u00f1os, j\u00f3venes, adultos y adultos mayores.<\/p>\n<p>All\u00ed se desarrollaron Escuelas de Verano y se dictaron clases de nataci\u00f3n y aquagym. Asistieron principalmente ni\u00f1os de los barrios aleda\u00f1os, y tambi\u00e9n adultos mayores del Padre La M\u00f3naca que participaron de actividades especiales.<\/p>\n<p>Otra de las atracciones m\u00e1s convocantes fue la experiencia \u201cVerano con Ciencia y Tecnolog\u00eda\u201d. La propuesta, que busc\u00f3 acercar la educaci\u00f3n cient\u00edfica y tecnol\u00f3gica a las infancias, comprendi\u00f3 actividades de dise\u00f1o digital, programaci\u00f3n, matem\u00e1tica y experimentaci\u00f3n con videojuegos.<\/p>\n<p>Los concurrentes a los CEB y Parques Educativos que no tienen pileta, tambi\u00e9n participaron de las actividades bajo el agua en los Polideportivos.<\/p>\n<p>En ambas instituciones a cargo del Municipio se presentaron propuestas como \u00abCREA ConCiencia\u00bb, un espacio donde los peque\u00f1os aprendieron sobre las tareas de los cient\u00edficos con disfraces, accesorios y un espacio de intervenci\u00f3n de arte digital.<\/p>\n<p>Tambi\u00e9n se destacaron actividades relativas al fomento de la creatividad, la formaci\u00f3n, los espacios de deporte, entrenamiento y recreaci\u00f3n, la educaci\u00f3n ambiental, la literatura, programaci\u00f3n, rob\u00f3tica, comunicaci\u00f3n y cultura digital en las Tecnotecas Municipales CREA, Puntos Digitales y Laboratorios Tecnol\u00f3gicos.<\/p>\n<p>Tambi\u00e9n se desarroll\u00f3 el Carnaval de la Ciencia y la Tecnolog\u00eda, la Fiesta del Agua en Familia y las visitas educativas al C\u00f3rdoba Open, la Reserva Natural San Mart\u00edn y el espacio de la memoria Campo de la Ribera.<\/p>\n<p>\u201cLa funci\u00f3n social que cumplen los Parques Educativos y Centros de Encuentro Barrial adquiere d\u00eda a d\u00eda m\u00e1s relevancia e impacto en la comunidad, constituy\u00e9ndose en una referencia insoslayable para la cultura y la trama social en los barrios. Estos n\u00fameros de participaci\u00f3n son testimonio de que es un lugar destacado, lo que se evidencia a\u00fan m\u00e1s en las temporadas vacacionales\u201d expres\u00f3 la secretaria de Educaci\u00f3n, Alicia La Terza.<\/p>\n<p>\u201cCada verano llegamos a m\u00e1s vecinos y vecinas de la ciudad y eso es una alegr\u00eda enorme porque ni\u00f1os, ni\u00f1as, j\u00f3venes y adultos pueden disfrutar de muchas propuestas para disfrutar y aprender en vacaciones en los Parques Educativos y Centro de Encuentro Barrial. El verano es un derecho y se vive con mucho entusiasmo\u201d, a\u00f1adi\u00f3 la subdirectora de Educaci\u00f3n Social, Cient\u00edfica y Tecnol\u00f3gica, Eugenia Rotondi.<\/p>\n<p>La variedad de encuentros fueron programados por la Municipalidad de C\u00f3rdoba, a trav\u00e9s de la Secretar\u00eda de Educaci\u00f3n, en ocasiones en trabajo conjunto con la Secretar\u00eda de Fortalecimiento Vecinal y Deportes, su par de Salud y el Ente BioC\u00f3rdoba, as\u00ed como tambi\u00e9n organismos del Gobierno Provincial.<\/p>\n","protected":false},"excerpt":{"rendered":"<p>Entre todos los espacios municipales hubo 150 propuestas vinculadas a la recreaci\u00f3n, el deporte, la educaci\u00f3n y la salud. M\u00e1s de 13.000 cordobeses asistieron a los cinco Parques Educativos y seis Centros de Encuentro Barrial (CEB) para participar de las 150 iniciativas de verano. Uno de los principales atractivos en estos d\u00edas de calor fueron [&hellip;]<\/p>\n","protected":false},"author":1,"featured_media":147697,"comment_status":"closed","ping_status":"closed","sticky":false,"template":"","format":"standard","meta":[],"categories":[44],"tags":[],"_links":{"self":[{"href":"http:\/\/cordobadirecto.com\/index.php\/wp-json\/wp\/v2\/posts\/147696"}],"collection":[{"href":"http:\/\/cordobadirecto.com\/index.php\/wp-json\/wp\/v2\/posts"}],"about":[{"href":"http:\/\/cordobadirecto.com\/index.php\/wp-json\/wp\/v2\/types\/post"}],"author":[{"embeddable":true,"href":"http:\/\/cordobadirecto.com\/index.php\/wp-json\/wp\/v2\/users\/1"}],"replies":[{"embeddable":true,"href":"http:\/\/cordobadirecto.com\/index.php\/wp-json\/wp\/v2\/comments?post=147696"}],"version-history":[{"count":0,"href":"http:\/\/cordobadirecto.com\/index.php\/wp-json\/wp\/v2\/posts\/147696\/revisions"}],"wp:featuredmedia":[{"embeddable":true,"href":"http:\/\/cordobadirecto.com\/index.php\/wp-json\/wp\/v2\/media\/147697"}],"wp:attachment":[{"href":"http:\/\/cordobadirecto.com\/index.php\/wp-json\/wp\/v2\/media?parent=147696"}],"wp:term":[{"taxonomy":"category","embeddable":true,"href":"http:\/\/cordobadirecto.com\/index.php\/wp-json\/wp\/v2\/categories?post=147696"},{"taxonomy":"post_tag","embeddable":true,"href":"http:\/\/cordobadirecto.com\/index.php\/wp-json\/wp\/v2\/tags?post=147696"}],"curies":[{"name":"wp","href":"https:\/\/api.w.org\/{rel}","templated":true}]}}