{"id":147930,"date":"2024-03-05T23:50:54","date_gmt":"2024-03-05T23:50:54","guid":{"rendered":"https:\/\/cordoba.gob.ar\/?p=55916"},"modified":"2024-03-05T23:50:54","modified_gmt":"2024-03-05T23:50:54","slug":"passerini-participo-de-la-asamblea-anual-del-ente-metropolitano-cordoba-el-nuevo-nombre-de-la-institucion-que-nuclea-16-localidades-de-la-zona","status":"publish","type":"post","link":"http:\/\/cordobadirecto.com\/index.php\/2024\/03\/05\/passerini-participo-de-la-asamblea-anual-del-ente-metropolitano-cordoba-el-nuevo-nombre-de-la-institucion-que-nuclea-16-localidades-de-la-zona\/","title":{"rendered":"Passerini particip\u00f3 de la asamblea anual del Ente Metropolitano C\u00f3rdoba, el nuevo nombre de la instituci\u00f3n que nuclea 16 localidades de la zona"},"content":{"rendered":"<div><img src=\"http:\/\/cordobadirecto.com\/wp-content\/uploads\/2024\/03\/passerini-participo-de-la-asamblea-anual-del-ente-metropolitano-cordoba-el-nuevo-nombre-de-la-institucion-que-nuclea-16-localidades-de-la-zona.jpg\" class=\"ff-og-image-inserted\"><\/div>\n<ul class=\"ak-ul\">\n<li><strong>Intendentes y jefes comunales pusieron en com\u00fan el plan de acci\u00f3n 2024.<\/strong><\/li>\n<\/ul>\n<hr>\n<p>El intendente de la ciudad de C\u00f3rdoba, Daniel Passerini, particip\u00f3 de la Asamblea Anual del ahora Ente Metropolitano C\u00f3rdoba (EMEC), nuevo mote elegido entre las autoridades que forman parte de la instituci\u00f3n interjurisdiccional.<\/p>\n<p>En el c\u00f3nclave llevado a cabo en el Campus Norte de la Universidad Nacional de C\u00f3rdoba, las partes coincidieron en desarrollar acciones a largo plazo para una regi\u00f3n ambientalmente m\u00e1s sustentable, socialmente equitativa y econ\u00f3micamente competitiva.<\/p>\n<p>Se destaca la adhesi\u00f3n de todas las ciudades a la Tarjeta Activa, el programa de est\u00edmulo econ\u00f3mico de la Municipalidad de C\u00f3rdoba: un nuevo instrumento para promover el comercio en cada municipio y comuna.<\/p>\n<p>Adem\u00e1s, se avanz\u00f3 en la planificaci\u00f3n de la metropolizaci\u00f3n de la asistencia m\u00e9dica hospitalaria y el servicio de Emergencias M\u00e9dicas 107, en mancomunar esfuerzos para la prevenci\u00f3n de adicciones y consumo problem\u00e1tico, y la articulaci\u00f3n en materia de seguridad con la implementaci\u00f3n de las Guardias Urbanas.<\/p>\n<p>\u201cAc\u00e1 no se habla de otra pol\u00edtica que no sea la de resolver los problemas de la gente. La semana que viene, el Ente va a firmar un convenio con el Ministerio de Salud de la Provincia para la implementaci\u00f3n de un nuevo protocolo para las emergencias con personas que tienen problemas de salud mental, derivados del consumo problem\u00e1tico\u201d afirm\u00f3 Passerini, una propuesta en la que personalmente se comprometi\u00f3 a concretar antes de los 100 d\u00edas de su gesti\u00f3n en la Municipalidad.<\/p>\n<p>Por su parte, el presidente del Ente, y secretario de Gobierno, Fiscalizaci\u00f3n y Control de la Municipalidad de C\u00f3rdoba, Rodrigo Fern\u00e1ndez, destac\u00f3: \u201ccon la incorporaci\u00f3n formal de Bouwer y Toledo se cumple el objetivo de abarcar todo el radio del \u00c1rea Metropolitana, mientras que la adhesi\u00f3n Mendiolaza, Agua de Oro y Salsipuedes permite la expansi\u00f3n a la regi\u00f3n\u201c.<\/p>\n<p>\u201cAhora est\u00e1 en sus manos sostener y fortalecer el EMEC para que cumpla su funci\u00f3n: que esas calles que antes nos separaban hoy nos unan y mejoren la calidad de vida de nuestros vecinos\u201d, expres\u00f3 la ex presidenta del Ente y actual vicegobernadora, Myrian Prunotto.<\/p>\n<p>En la Asamblea Anual se puso en com\u00fan un norte para futuras acciones en materia de competitividad econ\u00f3mica, desarrollo social integral y sostenible, gesti\u00f3n ambiental, institucionalidad metropolitana, ordenamiento e integraci\u00f3n regional y movilidad.<\/p>\n<p>EMEC resalt\u00f3 la labor del sector p\u00fablico y el acad\u00e9mico, tanto en la planificaci\u00f3n como la ejecuci\u00f3n de nuevos lineamientos.<\/p>\n<p>Estuvieron presentes el intendente de C\u00f3rdoba, Daniel Passerini; de Malvinas Argentinas, Gast\u00f3n Mazzalay; Estaci\u00f3n Ju\u00e1rez C\u00e9lman, Fabi\u00e1n Reschia; de Malague\u00f1o, Marcos Fey; Colonia Tirolesa, Juan Panichelli; Los Cedros, Viviana Spadoni; Mi Granja, Claudia Acosta; Sald\u00e1n, Carolina Cristori; Villa Allende, Pablo Cornet; La Calera, Fernando Rambaldi; Monte Cristo, Daniel Haniewicz; Toledo, Sergio Mar\u00edn; Bouwe, Gustavo Braida; Agua de Oro; Miguel Aguirre; Mendiolaza, Adelan Arning; y Salsipuedes, David Strasorier.<\/p>\n<p>Estuvieron presentes el intendente de C\u00f3rdoba, Daniel Passerini; de Malvinas Argentinas, Gast\u00f3n Mazzalay; Estaci\u00f3n Ju\u00e1rez C\u00e9lman, Fabi\u00e1n Reschia; de Malague\u00f1o, Marcos Fey; Colonia Tirolesa, Juan Panichelli; Los Cedros, Viviana Spadoni; Mi Granja, Claudia Acosta; Sald\u00e1n, Carolina Cristori; Villa Allende, Pablo Cornet; La Calera, Fernando Rambaldi; Monte Cristo, Daniel Haniewicz; Toledo, Sergio Mar\u00edn; Bouwe, Gustavo Braida; Agua de Oro; Miguel Aguirre; Mendiolaza, Adelan Arning; y Salsipuedes, David Strasorier.<\/p>\n<p>Participaron tambi\u00e9n el Prorrector de Desarrollo Territorial de la UNC, Marcelo Conrero; M\u00f3nica Zalazar subsecretaria de Desarrollo Metropolitano de la Municipalidad de C\u00f3rdoba; Pablo Bianco, Director de Tarjeta Activa; y por el Ente: el Director Ejecutivo, Rub\u00e9n Garc\u00eda Peyrano; el Director de Asuntos Econ\u00f3micos y Financieros, Pedro Soda; y el Director de Asuntos T\u00e9cnicos y Legales, \u00c1lvaro Zamora Consigli.<\/p>\n","protected":false},"excerpt":{"rendered":"<p>Intendentes y jefes comunales pusieron en com\u00fan el plan de acci\u00f3n 2024. El intendente de la ciudad de C\u00f3rdoba, Daniel Passerini, particip\u00f3 de la Asamblea Anual del ahora Ente Metropolitano C\u00f3rdoba (EMEC), nuevo mote elegido entre las autoridades que forman parte de la instituci\u00f3n interjurisdiccional. En el c\u00f3nclave llevado a cabo en el Campus Norte [&hellip;]<\/p>\n","protected":false},"author":1,"featured_media":147931,"comment_status":"closed","ping_status":"closed","sticky":false,"template":"","format":"standard","meta":[],"categories":[44],"tags":[],"_links":{"self":[{"href":"http:\/\/cordobadirecto.com\/index.php\/wp-json\/wp\/v2\/posts\/147930"}],"collection":[{"href":"http:\/\/cordobadirecto.com\/index.php\/wp-json\/wp\/v2\/posts"}],"about":[{"href":"http:\/\/cordobadirecto.com\/index.php\/wp-json\/wp\/v2\/types\/post"}],"author":[{"embeddable":true,"href":"http:\/\/cordobadirecto.com\/index.php\/wp-json\/wp\/v2\/users\/1"}],"replies":[{"embeddable":true,"href":"http:\/\/cordobadirecto.com\/index.php\/wp-json\/wp\/v2\/comments?post=147930"}],"version-history":[{"count":0,"href":"http:\/\/cordobadirecto.com\/index.php\/wp-json\/wp\/v2\/posts\/147930\/revisions"}],"wp:featuredmedia":[{"embeddable":true,"href":"http:\/\/cordobadirecto.com\/index.php\/wp-json\/wp\/v2\/media\/147931"}],"wp:attachment":[{"href":"http:\/\/cordobadirecto.com\/index.php\/wp-json\/wp\/v2\/media?parent=147930"}],"wp:term":[{"taxonomy":"category","embeddable":true,"href":"http:\/\/cordobadirecto.com\/index.php\/wp-json\/wp\/v2\/categories?post=147930"},{"taxonomy":"post_tag","embeddable":true,"href":"http:\/\/cordobadirecto.com\/index.php\/wp-json\/wp\/v2\/tags?post=147930"}],"curies":[{"name":"wp","href":"https:\/\/api.w.org\/{rel}","templated":true}]}}