{"id":147935,"date":"2024-03-06T09:50:50","date_gmt":"2024-03-06T09:50:50","guid":{"rendered":"http:\/\/estaciontrip.com.ar\/?p=8600"},"modified":"2024-03-06T09:50:50","modified_gmt":"2024-03-06T09:50:50","slug":"apostamos-a-la-transformacion-de-cosquin-a-partir-del-turismo-dijo-el-intendente-raul-cardinali","status":"publish","type":"post","link":"http:\/\/cordobadirecto.com\/index.php\/2024\/03\/06\/apostamos-a-la-transformacion-de-cosquin-a-partir-del-turismo-dijo-el-intendente-raul-cardinali\/","title":{"rendered":"\u00abApostamos a la transformaci\u00f3n de Cosqu\u00edn a partir del turismo\u00bb, dijo el intendente Ra\u00fal Cardinali"},"content":{"rendered":"<p><em>El funcionario adelant\u00f3 los proyectos que se pondr\u00e1n en marcha con ejes en el ecoturismo y atractivos culturales dirigidos a posicionar a la localidad del valle de Punilla como un destino de estad\u00eda.<\/em><\/p>\n<p><strong><em>Por Patricia Veltri.- <\/em><\/strong>\u00abApostamos a la transformaci\u00f3n de Cosqu\u00edn a partir del turismo y la cultura\u00bb, enfatiza Ra\u00fal Cardinali, intendente de la localidad cordobesa del Valle de Punilla. Y toma impulso a partir de la exitosa edici\u00f3n del Festival Nacional de Folklore, que se desarroll\u00f3 del 21 al 29 de enero.<\/p>\n<p>\u00abIniciamos nuestra gesti\u00f3n el 10 de diciembre al frente de la municipalidad de Cosqu\u00edn con el compromiso de llevar a cabo la edici\u00f3n 64\u00b0 del festival, partiendo desde cero. Formamos una comisi\u00f3n previa con tres meses de anticipaci\u00f3n, fuimos a promocionarla a la Feria Internacional de Turismo de Buenos Aires, all\u00ed acordamos la presentaci\u00f3n de impacto nacional que hicimos en la Pe\u00f1a Balderrama de Salta\u00bb, enumera el intendente Cardinali.<\/p>\n<p>Por la convocatoria y la recuperaci\u00f3n de propuestas culturales y recreativas en torno al festival emblem\u00e1tico de la localidad, el funcionario se confiesa \u00aborgulloso. Por ah\u00ed, la gente s\u00f3lo ve lo que muestra la televisi\u00f3n dentro de la Plaza Pr\u00f3spero Molina pero hay un mont\u00f3n de actividades culturales complementarias afuera. La Feria Augusto Ra\u00fal Cortazar cont\u00f3 con m\u00e1s de 120 maestros artesanos que volvieron a Cosqu\u00edn. La Plaza San Mart\u00edn reluci\u00f3 como espacio cultural durante el festival. Hubo importantes desfiles inaugurales, pe\u00f1as, espect\u00e1culos callejeros y en el balneario, encuentro de poetas y muestra de artes. En s\u00edntesis: nueve d\u00edas de exitoso festival\u00bb. <\/p>\n<div id=\"envira-gallery-wrap-8617\" class=\"envira-gallery-wrap envira-gallery-theme-base envira-lightbox-theme-base\" itemscope itemtype=\"https:\/\/schema.org\/ImageGallery\">\n<div data-row-height data-gallery-theme id=\"envira-gallery-8617\" class=\"envira-gallery-public envira-gallery-1-columns envira-clear enviratope envira-gallery-css-animations\" data-envira-columns=\"1\">\n<div id=\"envira-gallery-item-8618\" class=\"envira-gallery-item enviratope-item envira-gallery-item-1 envira-lazy-load\" itemscope itemtype=\"https:\/\/schema.org\/ImageObject\">\n<div class=\"envira-gallery-item-inner\"><a href=\"http:\/\/cordobadirecto.com\/wp-content\/uploads\/2024\/03\/apostamos-a-la-transformacion-de-cosquin-a-partir-del-turismo-dijo-el-intendente-raul-cardinali-1.jpg\" class=\"envira-gallery-8617 envira-gallery-link\" rel=\"enviragallery8617\" title=\"Intendente de Cosqu\u00ed, Ra\u00fal Cardinali\" data-envira-caption=\"Intendente de Cosqu\u00ed, Ra\u00fal Cardinali\" data-envira-retina data-thumbnail itemprop=\"contentUrl\"><\/p>\n<div class=\"envira-lazy\" data-test-width=\"640\" data-test-height=\"480\"><img id=\"envira-gallery-image-8618\" class=\"envira-gallery-image envira-gallery-image-1\" data-envira-index=\"1\" src=\"http:\/\/cordobadirecto.com\/wp-content\/uploads\/2024\/03\/apostamos-a-la-transformacion-de-cosquin-a-partir-del-turismo-dijo-el-intendente-raul-cardinali.jpg\" data-envira-src=\"http:\/\/cordobadirecto.com\/wp-content\/uploads\/2024\/03\/apostamos-a-la-transformacion-de-cosquin-a-partir-del-turismo-dijo-el-intendente-raul-cardinali.jpg\" data-envira-gallery-id=\"8617\" data-envira-item-id=\"8618\" data-envira-caption=\"Intendente de Cosqu\u00ed, Ra\u00fal Cardinali\" alt title=\"Intendente de Cosqu\u00ed, Ra\u00fal Cardinali\" itemprop=\"thumbnailUrl\" data-envira-srcset=\"http:\/\/cordobadirecto.com\/wp-content\/uploads\/2024\/03\/apostamos-a-la-transformacion-de-cosquin-a-partir-del-turismo-dijo-el-intendente-raul-cardinali.jpg 400w,http:\/\/cordobadirecto.com\/wp-content\/uploads\/2024\/03\/apostamos-a-la-transformacion-de-cosquin-a-partir-del-turismo-dijo-el-intendente-raul-cardinali.jpg 2x\" srcset=\"data:image\/gif;base64,R0lGODlhAQABAIAAAP\/\/\/\/\/\/\/yH5BAEKAAEALAAAAAABAAEAAAICTAEAOw==\"><\/div>\n<p><\/a><\/div>\n<\/div>\n<\/div>\n<\/div>\n<p><noscript><img src=\"http:\/\/cordobadirecto.com\/wp-content\/uploads\/2024\/03\/apostamos-a-la-transformacion-de-cosquin-a-partir-del-turismo-dijo-el-intendente-raul-cardinali-1.jpg\" alt><\/noscript> <\/p>\n<p>Para ponerlo en datos, Cardinali sostiene que Cosqu\u00edn recibi\u00f3 \u00abcerca de 100 mil visitantes por noche porque se trata de un festival a cielo abierto. Es decir que quien no ingresa al predio tiene un mont\u00f3n de otras actividades y propuestas, en su gran mayor\u00eda gratuitas, salvo las pe\u00f1as que son privadas. La Pr\u00f3spero Molina estuvo llena y el p\u00fablico disfrutando con esa prolongaci\u00f3n del escenario que los acerco a los artistas\u00bb.<\/p>\n<p>Para el funcionario municipal, contribuy\u00f3 a la numerosa afluencia de p\u00fablico el costo accesible de las entradas, comparativamente con ediciones anteriores, sumado a la posibilidad de pago en cuotas sin inter\u00e9s con tarjeta de cr\u00e9dito. <\/p>\n<p>\u00abSi consideramos los nueve d\u00edas del Festival Nacional de Folklore y los dos del Cosqu\u00edn Cuarteto, calculamos que Cosqu\u00edn recibi\u00f3 casi un mill\u00f3n de personas en 11 d\u00edas. Y luego hay que sumar el Cosqu\u00edn Rock -que aunque se desarrolla en Santa Mar\u00eda de Punilla- la gente se aloja en Cosqu\u00edn y consume la gastronom\u00eda de ac\u00e1. Todo ello representa un impacto m\u00e1s que positivo para la econom\u00eda local y regional\u00bb, destaca Cardinali.<\/p>\n<p>\u00abEsta tradici\u00f3n en festivales de alcance nacional -sumado a que tenemos artesanos, escultores m\u00fasicos, poetas, escritores, luthiers- motiv\u00f3 nuestro slogan Cosqu\u00edn Capital Cultural. M\u00e1s a\u00fan, trabajamos en el desarrollo de un plan para transformar a Cosqu\u00edn desde lo tur\u00edstico y cultural\u00bb, adelant\u00f3 el intendente Ra\u00fal Cardinali.<\/p>\n<p><strong>Lo que se viene en planificaci\u00f3n<\/strong><\/p>\n<p>Seg\u00fan adelant\u00f3 el funcionario municipal, la planificaci\u00f3n tendr\u00e1 como pilares el turismo de naturaleza y los atractivos culturales. En relaci\u00f3n a esos ejes, adelant\u00f3 que ya se vot\u00f3 una ordenanza que ampli\u00f3 la superficie que abarca la Reserva Natural del R\u00edo Yuspe: pas\u00f3 de 200 metros hacia las m\u00e1rgenes del rio a 2.700 hect\u00e1reas. \u00abEn todo el \u00e1rea ahora se desarrollar\u00e1n emprendimientos que se ajusten a la preservaci\u00f3n ambiental y c\u00f3digos de edificaci\u00f3n; tambi\u00e9n, al ordenamiento territorial. Habr\u00e1 aldeas ecol\u00f3gicas, paseos de trekking y dem\u00e1s, respetando las zonas de bosque nativo que abarca hasta sitios donde no se puede tocar un \u00e1rbol\u00bb, detall\u00f3 Cardinali.<\/p>\n<p>\u00abTambi\u00e9n vamos a embellecer las m\u00e1rgenes del r\u00edo Cosqu\u00edn; habr\u00e1 senderos para avistamiento de flora y fauna nativa, \u00e1reas de recreaci\u00f3n, entre otros proyectos dirigidos a convertirla en ciudad tur\u00edstica en base a desarrollo e infraestructura con un nuevo plan y oportunidades. El objetivo es que no sea una ciudad de paso o de eventos puntuales, sino que la gente la elija y se quede\u00bb, resalt\u00f3.<\/p>\n<p>En cuanto a lo cultural de la mano del turismo, los proyectos que ya cuentan con el benepl\u00e1cito del gobernador de C\u00f3rdoba, Mart\u00edn Llaryora, contemplan obras sobre la Plaza del Folclore; en frente un centro cultural con museo del festival que incluya un paseo con visita guiada por el escenario, los camarines y regresar el Museo del Artesano con las mismas obras que fueron retiradas y permanecen sin exponer.<\/p>\n","protected":false},"excerpt":{"rendered":"<p>El funcionario adelant\u00f3 los proyectos que se pondr\u00e1n en marcha con ejes en el ecoturismo y atractivos culturales dirigidos a posicionar a la localidad del valle de Punilla como un destino de estad\u00eda. Por Patricia Veltri.- \u00abApostamos a la transformaci\u00f3n de Cosqu\u00edn a partir del turismo y la cultura\u00bb, enfatiza Ra\u00fal Cardinali, intendente de la [&hellip;]<\/p>\n","protected":false},"author":1,"featured_media":147936,"comment_status":"closed","ping_status":"closed","sticky":false,"template":"","format":"standard","meta":[],"categories":[22],"tags":[],"_links":{"self":[{"href":"http:\/\/cordobadirecto.com\/index.php\/wp-json\/wp\/v2\/posts\/147935"}],"collection":[{"href":"http:\/\/cordobadirecto.com\/index.php\/wp-json\/wp\/v2\/posts"}],"about":[{"href":"http:\/\/cordobadirecto.com\/index.php\/wp-json\/wp\/v2\/types\/post"}],"author":[{"embeddable":true,"href":"http:\/\/cordobadirecto.com\/index.php\/wp-json\/wp\/v2\/users\/1"}],"replies":[{"embeddable":true,"href":"http:\/\/cordobadirecto.com\/index.php\/wp-json\/wp\/v2\/comments?post=147935"}],"version-history":[{"count":0,"href":"http:\/\/cordobadirecto.com\/index.php\/wp-json\/wp\/v2\/posts\/147935\/revisions"}],"wp:featuredmedia":[{"embeddable":true,"href":"http:\/\/cordobadirecto.com\/index.php\/wp-json\/wp\/v2\/media\/147936"}],"wp:attachment":[{"href":"http:\/\/cordobadirecto.com\/index.php\/wp-json\/wp\/v2\/media?parent=147935"}],"wp:term":[{"taxonomy":"category","embeddable":true,"href":"http:\/\/cordobadirecto.com\/index.php\/wp-json\/wp\/v2\/categories?post=147935"},{"taxonomy":"post_tag","embeddable":true,"href":"http:\/\/cordobadirecto.com\/index.php\/wp-json\/wp\/v2\/tags?post=147935"}],"curies":[{"name":"wp","href":"https:\/\/api.w.org\/{rel}","templated":true}]}}