{"id":147937,"date":"2024-03-06T16:41:10","date_gmt":"2024-03-06T16:41:10","guid":{"rendered":"https:\/\/puntoapunto.com.ar\/?p=358027"},"modified":"2024-03-06T16:41:10","modified_gmt":"2024-03-06T16:41:10","slug":"comerciantes-en-crisis-deciden-bajar-los-precios-para-evitar-el-cierre","status":"publish","type":"post","link":"http:\/\/cordobadirecto.com\/index.php\/2024\/03\/06\/comerciantes-en-crisis-deciden-bajar-los-precios-para-evitar-el-cierre\/","title":{"rendered":"Comerciantes en crisis: deciden bajar los precios para evitar el cierre"},"content":{"rendered":"<div><img src=\"http:\/\/cordobadirecto.com\/wp-content\/uploads\/2024\/03\/comerciantes-en-crisis-deciden-bajar-los-precios-para-evitar-el-cierre.jpg\" class=\"ff-og-image-inserted\"><\/div>\n<p>&nbsp;\n<\/p>\n<p>&nbsp;\n<\/p>\n<p><strong>Fausto Brandol\u00edn<\/strong>, titular de la Federaci\u00f3n de Comercio (<a href=\"https:\/\/www.fedecom.org.ar\/\" target=\"_blank\" rel=\"noopener\">Fedecom<\/a>), alert\u00f3 sobre la persistente<strong> ca\u00edda en las ventas del sector&nbsp;durante el \u00faltimo mes,<\/strong> marcando as\u00ed<strong> 22 meses consecutivos de declive<\/strong>. En un panorama particularmente sombr\u00edo, Brandol\u00edn revel\u00f3 que todos los <strong>11 rubros registraron n\u00fameros negativos, todos en dos d\u00edgitos.<\/strong>\n<\/p>\n<p>\u00abLos comerciantes se enfrentan a una situaci\u00f3n desafiante, donde <strong>la baja de precios y las promociones son estrategias para evitar una mayor disminuci\u00f3n en las ventas<\/strong>\u00ab, se\u00f1al\u00f3 Brandol\u00edn. Explic\u00f3 que&nbsp;<strong>muchos comerciantes se vieron en la necesidad de reducir sus precios y ofrecer promociones para atraer a los clientes<\/strong>, sin embargo, lamentablemente,<strong> el consumo no ha logrado repuntar.<\/strong>\n<\/p>\n<p>Brandol\u00edn destac\u00f3 que la percepci\u00f3n de los consumidores sobre los precios elevados ha contribuido al exceso de stock en los establecimientos comerciales. \u00abLa lista de precios que surgi\u00f3 a fines de noviembre y en diciembre, junto con los primeros d\u00edas de Milei y una devaluaci\u00f3n del 50%, todo eso se reflej\u00f3 en los precios. El comerciante no lo convalid\u00f3. Ni el comerciante, ni nadie. Todo se med\u00eda por el d\u00f3lar blue.<strong>&nbsp;Ahora que el d\u00f3lar se desinfl\u00f3, nada baja<\/strong>\u00ab, explic\u00f3.\n<\/p>\n<p><strong>Bajan algunos productos y aumentan los servicios<\/strong><\/p>\n<p>\u201cAhora<strong>&nbsp;hay promociones de algunas f\u00e1bricas porque no se vende<\/strong>. No hay alternativa: cerr\u00e1s o bajas. La baja de precios se est\u00e1 dando, pero el consumo no acompa\u00f1a. Pero ni as\u00ed se puede vender\u201d, detall\u00f3.\n<\/p>\n<p>Ante esta situaci\u00f3n, el presidente de la federaci\u00f3n que agrupa a miles de comercios, hizo un llamado a la reflexi\u00f3n sobre \u201cla necesidad de implementar medidas que impulsen el consumo y reactiven la econom\u00eda del sector comercial\u201d. Adem\u00e1s, expres\u00f3 su preocupaci\u00f3n por el \u201cpr\u00f3ximo aumento en las tarifas de energ\u00eda\u201d, advirtiendo que ser\u00e1 dif\u00edcil para los comerciantes hacerle frente sin una mejora en la rentabilidad.\n<\/p>\n<p><strong>\u201cRecuerde que vamos a recibir un aumento de la energ\u00eda tremendo.&nbsp;<\/strong>Si no se lo acompa\u00f1a con una suba en la rentabilidad ser\u00e1 muy dif\u00edcil hacerle frente\u201d, alert\u00f3.\n<\/p>\n<p>En este contexto, la Federaci\u00f3n de Comercio insta a considerar la importancia de la baja de precios y las promociones como herramientas para estimular las ventas y evitar una mayor contracci\u00f3n en el sector.<\/p>\n","protected":false},"excerpt":{"rendered":"<p>&nbsp; &nbsp; Fausto Brandol\u00edn, titular de la Federaci\u00f3n de Comercio (Fedecom), alert\u00f3 sobre la persistente ca\u00edda en las ventas del sector&nbsp;durante el \u00faltimo mes, marcando as\u00ed 22 meses consecutivos de declive. En un panorama particularmente sombr\u00edo, Brandol\u00edn revel\u00f3 que todos los 11 rubros registraron n\u00fameros negativos, todos en dos d\u00edgitos. \u00abLos comerciantes se enfrentan a [&hellip;]<\/p>\n","protected":false},"author":1,"featured_media":147938,"comment_status":"closed","ping_status":"closed","sticky":false,"template":"","format":"standard","meta":[],"categories":[25],"tags":[],"_links":{"self":[{"href":"http:\/\/cordobadirecto.com\/index.php\/wp-json\/wp\/v2\/posts\/147937"}],"collection":[{"href":"http:\/\/cordobadirecto.com\/index.php\/wp-json\/wp\/v2\/posts"}],"about":[{"href":"http:\/\/cordobadirecto.com\/index.php\/wp-json\/wp\/v2\/types\/post"}],"author":[{"embeddable":true,"href":"http:\/\/cordobadirecto.com\/index.php\/wp-json\/wp\/v2\/users\/1"}],"replies":[{"embeddable":true,"href":"http:\/\/cordobadirecto.com\/index.php\/wp-json\/wp\/v2\/comments?post=147937"}],"version-history":[{"count":0,"href":"http:\/\/cordobadirecto.com\/index.php\/wp-json\/wp\/v2\/posts\/147937\/revisions"}],"wp:featuredmedia":[{"embeddable":true,"href":"http:\/\/cordobadirecto.com\/index.php\/wp-json\/wp\/v2\/media\/147938"}],"wp:attachment":[{"href":"http:\/\/cordobadirecto.com\/index.php\/wp-json\/wp\/v2\/media?parent=147937"}],"wp:term":[{"taxonomy":"category","embeddable":true,"href":"http:\/\/cordobadirecto.com\/index.php\/wp-json\/wp\/v2\/categories?post=147937"},{"taxonomy":"post_tag","embeddable":true,"href":"http:\/\/cordobadirecto.com\/index.php\/wp-json\/wp\/v2\/tags?post=147937"}],"curies":[{"name":"wp","href":"https:\/\/api.w.org\/{rel}","templated":true}]}}