{"id":14833,"date":"2021-08-20T17:32:28","date_gmt":"2021-08-20T17:32:28","guid":{"rendered":"https:\/\/es.digitaltrends.com\/?p=853740"},"modified":"2021-08-20T17:32:28","modified_gmt":"2021-08-20T17:32:28","slug":"facebook-lanza-herramienta-para-bloquear-perfiles-en-afganistan","status":"publish","type":"post","link":"http:\/\/cordobadirecto.com\/index.php\/2021\/08\/20\/facebook-lanza-herramienta-para-bloquear-perfiles-en-afganistan\/","title":{"rendered":"Facebook lanza herramienta para bloquear perfiles en Afganist\u00e1n"},"content":{"rendered":"<div><img src=\"http:\/\/cordobadirecto.com\/wp-content\/uploads\/2021\/08\/facebook-lanza-herramienta-para-bloquear-perfiles-en-afganistan.jpg\" class=\"ff-og-image-inserted\"><\/div>\n<p>Facebook lanz\u00f3 una herramienta especial para ayudar a la gente en Afganist\u00e1n a proteger su identidad y los datos que hayan publicado en la plataforma, <a href=\"https:\/\/es.digitaltrends.com\/sociales\/conflicto-afganistan-cuentas-twitter\/\">en medio del conflicto que se vive en el pa\u00eds<\/a> con la llegada al poder de los talibanes.<\/p>\n<p>La herramienta permite bloquear y proteger la cuenta con apenas un clic. Seg\u00fan explica en redes sociales Nathaniel Gleicher, jefe de seguridad de Facebook, cuando una cuenta se bloquea con este sistema, quienes no sean amigos de la persona en cuesti\u00f3n no pueden ver las publicaciones del usuario ni tampoco descargar o compartir la foto de perfil.<\/p>\n<p>Facebook tambi\u00e9n desactiv\u00f3 la opci\u00f3n de ver las listas de amigos de las cuentas en Afganist\u00e1n, aunque esta acci\u00f3n es solamente temporal y no definitiva.<\/p>\n<blockquote class=\"h-lazy-embed\" data-width=\"500\" data-dnt=\"true\" data-initial-classes=\"twitter-tweet\" data-embed-name=\"twitter\" data-sdk-src=\"\/\/platform.twitter.com\/widgets.js\">\n<p lang=\"en\" dir=\"ltr\">4\/ We\u2019ve launched a one-click tool for people in Afghanistan to quickly lock down their account. When their profile is locked, people who aren\u2019t their friends can\u2019t download or share their profile photo or see posts on their timeline. <a href=\"https:\/\/t.co\/pUANh5uBgn\">pic.twitter.com\/pUANh5uBgn<\/a><\/p>\n<p>&amp;mdash; Nathaniel Gleicher (@ngleicher) <a href=\"https:\/\/twitter.com\/ngleicher\/status\/1428474006609399811?ref_src=twsrc%5Etfw\">August 19, 2021<\/a><\/p>\n<\/blockquote>\n<p>Gleicher indic\u00f3 que en Instagram se est\u00e1n tomando medidas similares, aunque en dicha red social esto se hace mediante alertas con las que se dar\u00e1n instrucciones espec\u00edficas de c\u00f3mo hacerlo. Tambi\u00e9n recomienda a las personas que tengan amigos de Facebook en Afganist\u00e1n que ajusten sus medidas de privacidad para que, por ejemplo, otras personas no puedan ver su lista de amigos.<\/p>\n<p>Estas medidas se suman a otras que ya tom\u00f3 Facebook y que consistieron en <a href=\"https:\/\/es.digitaltrends.com\/sociales\/facebook-elimina-contenido-talibanes\/\">eliminar desde la red social todo el contenido de apoyo hacia los talibanes<\/a>, quienes son considerados como un grupo terrorista. Asimismo, organizaciones de derechos humanos <a href=\"https:\/\/es.digitaltrends.com\/tendencias\/face-id-afganos-talibanes-reconocimiento\/\">recomiendan mirar hacia abajo al pasar por una c\u00e1mara de vigilancia<\/a> para evitar que estas reconozcan el rostro.<\/p>\n<p>Uno de los factores del conflicto en Afganist\u00e1n tiene que ver con el retiro de las tropas estadounidenses del pa\u00eds y que generaron un gran caos en el aeropuerto de Kabul, tal como lo <a href=\"https:\/\/es.digitaltrends.com\/sociales\/fotos-satelitales-aeropuerto-afganistan\/\">revelaron algunas im\u00e1genes satelitales<\/a>.<\/p>\n<h4 class=\"h-editors-recs-title\"> Recomendaciones del editor\t<\/h4>\n<p> <span id=\"publisher-md\" itemprop=\"publisher\" itemscope itemtype=\"https:\/\/schema.org\/Organization\"> <span itemprop=\"url\" itemtype=\"https:\/\/schema.org\/Url\" content=\"https:\/\/es.digitaltrends.com\"> <span itemprop=\"logo\" itemscope itemtype=\"https:\/\/schema.org\/ImageObject\"> <meta itemprop=\"url\" content=\"https:\/\/cdn.dtcn.com\/dt\/dt-logo-small.png\"> <meta itemprop=\"width\" content=\"0\"> <meta itemprop=\"height\" content=\"0\"> <\/span> <meta itemprop=\"name\" content=\"Digital Trends Espa\u00f1ol\"> <\/span> <span itemprop=\"image\" itemscope itemtype=\"https:\/\/schema.org\/ImageObject\"> <meta itemprop=\"url\" content=\"http:\/\/cordobadirecto.com\/wp-content\/uploads\/2021\/08\/facebook-lanza-herramienta-para-bloquear-perfiles-en-afganistan.jpg\"> <\/span> <\/span><\/p>\n","protected":false},"excerpt":{"rendered":"<p>Facebook lanz\u00f3 una herramienta especial para ayudar a la gente en Afganist\u00e1n a proteger su identidad y los datos que hayan publicado en la plataforma, en medio del conflicto que se vive en el pa\u00eds con la llegada al poder de los talibanes. La herramienta permite bloquear y proteger la cuenta con apenas un clic. [&hellip;]<\/p>\n","protected":false},"author":1,"featured_media":14834,"comment_status":"closed","ping_status":"closed","sticky":false,"template":"","format":"standard","meta":[],"categories":[26],"tags":[],"_links":{"self":[{"href":"http:\/\/cordobadirecto.com\/index.php\/wp-json\/wp\/v2\/posts\/14833"}],"collection":[{"href":"http:\/\/cordobadirecto.com\/index.php\/wp-json\/wp\/v2\/posts"}],"about":[{"href":"http:\/\/cordobadirecto.com\/index.php\/wp-json\/wp\/v2\/types\/post"}],"author":[{"embeddable":true,"href":"http:\/\/cordobadirecto.com\/index.php\/wp-json\/wp\/v2\/users\/1"}],"replies":[{"embeddable":true,"href":"http:\/\/cordobadirecto.com\/index.php\/wp-json\/wp\/v2\/comments?post=14833"}],"version-history":[{"count":0,"href":"http:\/\/cordobadirecto.com\/index.php\/wp-json\/wp\/v2\/posts\/14833\/revisions"}],"wp:featuredmedia":[{"embeddable":true,"href":"http:\/\/cordobadirecto.com\/index.php\/wp-json\/wp\/v2\/media\/14834"}],"wp:attachment":[{"href":"http:\/\/cordobadirecto.com\/index.php\/wp-json\/wp\/v2\/media?parent=14833"}],"wp:term":[{"taxonomy":"category","embeddable":true,"href":"http:\/\/cordobadirecto.com\/index.php\/wp-json\/wp\/v2\/categories?post=14833"},{"taxonomy":"post_tag","embeddable":true,"href":"http:\/\/cordobadirecto.com\/index.php\/wp-json\/wp\/v2\/tags?post=14833"}],"curies":[{"name":"wp","href":"https:\/\/api.w.org\/{rel}","templated":true}]}}