{"id":14857,"date":"2021-08-20T20:20:00","date_gmt":"2021-08-20T20:20:00","guid":{"rendered":"http:\/\/cordobadirecto.com\/index.php\/2021\/08\/20\/tras-el-triunfo-taliban-la-poblacion-afgana-es-ahora-la-preocupacion-de-organismos-internacionales\/"},"modified":"2021-08-20T20:20:00","modified_gmt":"2021-08-20T20:20:00","slug":"tras-el-triunfo-taliban-la-poblacion-afgana-es-ahora-la-preocupacion-de-organismos-internacionales","status":"publish","type":"post","link":"http:\/\/cordobadirecto.com\/index.php\/2021\/08\/20\/tras-el-triunfo-taliban-la-poblacion-afgana-es-ahora-la-preocupacion-de-organismos-internacionales\/","title":{"rendered":"Tras el triunfo talib\u00e1n, la poblaci\u00f3n afgana es ahora la preocupaci\u00f3n de organismos internacionales"},"content":{"rendered":"<div class=\"image\" id=\"image\" readability=\"8\"> <img src=\"http:\/\/cordobadirecto.com\/wp-content\/uploads\/2021\/08\/tras-el-triunfo-taliban-la-poblacion-afgana-es-ahora-la-preocupacion-de-organismos-internacionales.jpg\" alt=\"Los organismos humanitarios refuerzan los trabajos para proteger a la poblaci\u00f3n afgana. Foto: Xinhua.\" title=\"Los organismos humanitarios refuerzan los trabajos para proteger a la poblaci\u00f3n afgana. Foto: Xinhua.\"><\/p>\n<p>Los organismos humanitarios refuerzan los trabajos para proteger a la poblaci\u00f3n afgana. Foto: Xinhua.<\/p>\n<\/div>\n<p><strong>Organizaciones humanitarias, ONGs y Programas Internacionales centran sus esfuerzos en la fr\u00e1gil situaci\u00f3n de la poblaci\u00f3n afgana<\/strong>, tanto de quienes permanecer\u00e1n en el pa\u00eds como de los que buscan huir por cualquier medio tras el triunfo talib\u00e1n, y en la tensa situaci\u00f3n que se vive en el pa\u00eds asi\u00e1tico por los desplazamientos internos y ante la inminente imposici\u00f3n de la sharia (ley isl\u00e1mica).<\/p>\n<p>Este contexto podr\u00eda complicarse a\u00fan m\u00e1s ya que se registraron <strong><a href=\"https:\/\/www.telam.com.ar\/notas\/202108\/565756-afganistan-crisis-talibanes.html\" target=\"_blank\" rel=\"noopener\">los primeros combates entre fuerzas leales al Gobierno derrocado y los talibanes<\/a><\/strong>, ahora en control del pa\u00eds, lo que abona los temores, expresados por analistas locales e internacionales, de una nueva guerra civil como la que devast\u00f3 al territorio despu\u00e9s de la retirada sovi\u00e9tica, a finales de los a\u00f1os 80.<\/p>\n<p>Fuerzas leales al derrocado vicepresidente de Afganist\u00e1n, Amrullah Saleh, as\u00ed como a otros l\u00edderes del norte del pa\u00eds, <strong>anunciaron que los talibanes fueron expulsados de tres distritos de la provincia de Baglan<\/strong>, al norte de Kabul, la capital.<\/p>\n<p>&#8220;Los distritos de Puli Hisar, Dih Salah y Banu en Bagl\u00e1n fueron ocupados por las fuerzas de resistencia popular. La resistencia sigue viva&#8221;, escribi\u00f3 el ministro de Defensa del Gobierno derrocado, general Bismillah Khan Mohammadi en su cuenta de Twitter.<\/p>\n<p>Seg\u00fan fuentes locales citadas por el diario New York Times, l<strong>os talibanes fueron desplazados tras la muerte de 15 de sus efectivos, en tanto otros diez habr\u00edan sido capturados<\/strong>.<\/p>\n<div class=\"js-code\" readability=\"8.2132564841499\">\n<blockquote class=\"twitter-tweet\" readability=\"10.677233429395\">\n<p lang=\"en\" dir=\"ltr\"><a href=\"https:\/\/twitter.com\/hashtag\/Afghanistan?src=hash&amp;ref_src=twsrc%5Etfw\">#Afghanistan<\/a>, 18-19 August 2021.<\/p>\n<p>General food distribution in <a href=\"https:\/\/twitter.com\/hashtag\/Faizabad?src=hash&amp;ref_src=twsrc%5Etfw\">#Faizabad<\/a>.<\/p>\n<p>Despite security and logistics challenges, WFP maintains access to most of the country. Our utmost priority is to continue to support those who count on us for food assistance during these trying times. <a href=\"https:\/\/t.co\/Zj7u0RmXWt\">pic.twitter.com\/Zj7u0RmXWt<\/a><\/p>\n<p>\u2014 World Food Programme (@WFP) <a href=\"https:\/\/twitter.com\/WFP\/status\/1428723243347812352?ref_src=twsrc%5Etfw\">August 20, 2021<\/a><\/p><\/blockquote><\/div>\n<p>Ni estos primeros combates ni las escenas de caos, violencia y desesperaci\u00f3n que a\u00fan hoy se viven en los alrededores del aeropuerto de Kabul para escapar del temor a una ola represiva, ni la lluvia de cr\u00edticas internas y externas que le cay\u00f3 en los \u00faltimos d\u00edas, cambiaron la posici\u00f3n del Gobierno de Estados Unidos.<\/p>\n<p>&#8220;Si hace 15 a\u00f1os hubi\u00e9semos decidido irnos, hubiese sido muy dif\u00edcil. Si hubiese sido hace 10, tambi\u00e9n. No hab\u00eda otra manera de hacerlo sin algunas de las escenas que vieron en estos d\u00edas&#8221;, asegur\u00f3 el presidente Joe Biden en una conferencia de prensa difundida por las redes sociales de la Casa Blanca, acompa\u00f1ado por su vicepresidenta, Kamala Harris, y su secretario de Estado, Antony Blinken.<\/p>\n<p>&#8220;Si yo hubiese dicho que no nos vamos, \u00bfalguien duda que hubiese tenido que mandar a muchos m\u00e1s militares estadounidenses? Y, \u00bfpara qu\u00e9? La \u00fanica opci\u00f3n era reposicionar a los militares que estaban all\u00ed para acelerar las operaciones de evacuaci\u00f3n&#8221;, agreg\u00f3, y asegur\u00f3 que su Gobierno ya evacu\u00f3 a 13.000 personas desde el aeropuerto de Kabul, el \u00fanico lugar del pa\u00eds que a\u00fan controla.<\/p>\n<div class=\"js-code\" readability=\"7.487460815047\">\n<blockquote class=\"twitter-tweet\" readability=\"8.8087774294671\">\n<p lang=\"en\" dir=\"ltr\">UNHCR welcomes the efforts of several states to protect at-risk Afghan nationals through bilateral evacuation programmes. These bilateral evacuation programmes should not, however, overshadow or substitute for an urgent, wider humanitarian response.<a href=\"https:\/\/t.co\/WbQGkzyXTb\">https:\/\/t.co\/WbQGkzyXTb<\/a><\/p>\n<p>\u2014 UNHCR News (@RefugeesMedia) <a href=\"https:\/\/twitter.com\/RefugeesMedia\/status\/1428653617431687169?ref_src=twsrc%5Etfw\">August 20, 2021<\/a><\/p><\/blockquote><\/div>\n<p>Desde Reino Unido, el primer ministro brit\u00e1nico, Boris Johnson, uno de sus principales aliados en la misi\u00f3n de la OTAN en Afganist\u00e1n, defendi\u00f3 la decisi\u00f3n de Biden.<\/p>\n<p>&#8220;Creo que siempre estuvo claro que el compromiso del Ej\u00e9rcito de Estados Unidos iba a terminar. Este nunca iba a ser un momento f\u00e1cil&#8221;, asegur\u00f3 Johnson y, como su par estadounidense, prometi\u00f3 &#8220;trabajar lo m\u00e1s r\u00e1pido posible&#8221; para completar las evacuaciones&#8221;, seg\u00fan inform\u00f3 la cadena Sky News y reprodujo la agencia de noticias Europa Press.<\/p>\n<p>Biden sostuvo que existe un acuerdo con los talibanes para que permitan el paso de todo ciudadano estadounidense que quiera llegar al aeropuerto de Kabul, pero la situaci\u00f3n de otros miles de personas que intentan desesperadamente abandonar el pa\u00eds porque temen represalias bajo el nuevo Gobierno o la imposici\u00f3n de un sistema legal ultraconservador no est\u00e1 clara.<\/p>\n<p>Mientras el ojo de los Gobiernos parece puesto en ese sector, los organismos internacionales est\u00e1n mirando m\u00e1s all\u00e1 de Kabul y el aeropuerto, ya que el pa\u00eds ya viv\u00eda una dif\u00edcil situaci\u00f3n humanitaria mucho antes del avance talib\u00e1n de las \u00faltimas semanas.<\/p>\n<p>La cadena p\u00fablica alemana Deutsche Welle inform\u00f3 que el familiar de un periodista que trabajaba para ellos en Afganist\u00e1n y que ya se encuentra en Alemania fue asesinado por los talibanes.<\/p>\n<p>&#8220;El p\u00e1nico y el miedo&#8221; reinan entre los periodistas afganos, en particular las mujeres, inform\u00f3 la Federaci\u00f3n Internacional de Periodistas (FIJ), que dijo haber recibido &#8220;centenares de demandas de ayuda&#8221;.<\/p>\n<p>Durante su visita a Rusia, la canciller alemana, Angela Merkel, tambi\u00e9n dej\u00f3 en evidencia su frustraci\u00f3n: \u201cAhora habr\u00e1 que dialogar con los talibanes (\u2026) e intentar salvar a aquellos cuya vida est\u00e1 amenazada para que puedan abandonar el pa\u00eds.\u201d<\/p>\n<p>A su lado, el presidente ruso Vladimir Putin opt\u00f3 por dar otro mensaje: pidi\u00f3 evitar el &#8220;colapso&#8221; de Afganist\u00e1n y advirti\u00f3 que debe impedirse que los &#8220;terroristas&#8221; salgan del pa\u00eds, ocultos como refugiados, en referencia a milicianos de grupos como el Estado Isl\u00e1mico.<\/p>\n<p>La Misi\u00f3n de Asistencia de la ONU en Afganist\u00e1n (Unama) ya establece contactos con representantes talibanes para seguir prestando servicios a la poblaci\u00f3n, declar\u00f3 la directora de la misi\u00f3n, la diplom\u00e1tica canadiense Deborah Lyons.<\/p>\n<p>La Unama y algunas otras agencias de las Naciones Unidas fueron trasladadas provisionalmente de Afganist\u00e1n a Almaty (Kazajist\u00e1n) por razones de seguridad y volver\u00e1n en Afganist\u00e1n en cuanto se estabilice la situaci\u00f3n.<\/p>\n<p>En tanto, l<strong>a representante del Programa Mundial de Alimentos (PMA) en Afganist\u00e1n, Mary-Ellen McGroarty, advirti\u00f3 que uno de cada tres afganos sufre inseguridad alimentaria debido a los efectos combinados de la guerra<\/strong>.<\/p>\n<p>La responsable del PMA asegura que quiso quedarse en el pa\u00eds para mantener, en la medida de lo posible, la ayuda a la poblaci\u00f3n m\u00e1s afectada por la insurrecci\u00f3n talib\u00e1n y los desplazamientos internos que provoca.<\/p>\n<p>El Alto Comisionado de la ONU para los Refugiados (Acnur), por su parte, advirti\u00f3 que ning\u00fan pa\u00eds debe negar la entrada de los afganos que huyan en busca de asilo, &#8220;tanto dentro como fuera de la regi\u00f3n&#8221;, e hizo hincapi\u00e9 en que los planes de evacuaci\u00f3n urgente lanzados en estos \u00faltimos d\u00edas no pueden eximir a los Gobiernos de seguir ayudando a Afganist\u00e1n.<\/p>\n<p>&#8220;Estos programas bilaterales de evacuaci\u00f3n no deber\u00edan empa\u00f1ar o sustituir a una respuesta humanitaria internacional urgente y m\u00e1s amplia&#8221;, dijo la portavoz de la agencia, Shabia Mantoo, que advirti\u00f3 que la situaci\u00f3n sigue siendo &#8220;extremadamente variable&#8221;.<\/p>\n<p>Estas evacuaciones, agreg\u00f3, &#8220;tampoco deber\u00edan obstaculizar o impedir que los afganos busquen asilo en otros pa\u00edses&#8221;, tanto por cauces regulares como por otros &#8220;espont\u00e1neos&#8221;.<\/p>\n<p>La &#8220;gran mayor\u00eda&#8221; de los afganos, de hecho, no pueden salir del pa\u00eds por v\u00edas regulares como podr\u00edan ser las evacuaciones, seg\u00fan Acnur, que estima en m\u00e1s de medio mill\u00f3n los desplazados internos y pide a los pa\u00edses vecinos tener las fronteras abiertas.<\/p>\n<p>Tambi\u00e9n reclam\u00f3 ayuda econ\u00f3mica a la comunidad internacional, en la medida en que se requerir\u00edan 62,8 millones de d\u00f3lares (53 millones de euros) solo para atender las necesidades urgentes en Afganist\u00e1n. En total, la ONU valora su plan de ayuda para el pa\u00eds asi\u00e1tico en 351 millones de d\u00f3lares, de los que solo ha recibido alrededor de la mitad.<\/p>\n<div class=\"js-code\" readability=\"7.4088397790055\">\n<blockquote class=\"twitter-tweet\" readability=\"9.0552486187845\">\n<p lang=\"es\" dir=\"ltr\">\u00a1Afganist\u00e1n nos necesita! <\/p>\n<p>Familias enteras han tenido que huir tan solo con la ropa que tienen puesta. Necesitamos de tu ayuda para asegurar suficientes suministros para todas las familias; con tu donaci\u00f3n ayudar\u00e1s a salvar vidas.<\/p>\n<p>Por favor dona hoy: <a href=\"https:\/\/t.co\/ddrYzzEkh2\">https:\/\/t.co\/ddrYzzEkh2<\/a> <a href=\"https:\/\/t.co\/oAIjkjesYv\">pic.twitter.com\/oAIjkjesYv<\/a><\/p>\n<p>\u2014 Acnur\/Unhcr Am\u00e9ricas (@ACNURamericas) <a href=\"https:\/\/twitter.com\/ACNURamericas\/status\/1428763903685808128?ref_src=twsrc%5Etfw\">August 20, 2021<\/a><\/p><\/blockquote><\/div>\n<p>El Gobierno alem\u00e1n anunci\u00f3 que destinara 100 millones de euros (117 millones de d\u00f3lares) a la ayuda de emergencia para afganos que se hayan refugiado en pa\u00edses vecinos tras el avance de las milicias islamistas.<\/p>\n<div class=\"js-code\" readability=\"6.8405797101449\">\n<blockquote class=\"twitter-tweet\" readability=\"7.695652173913\">\n<p lang=\"de\" dir=\"ltr\">Wir setzen unsere Rettungsaktion in <a href=\"https:\/\/twitter.com\/hashtag\/Afghanistan?src=hash&amp;ref_src=twsrc%5Etfw\">#Afghanistan<\/a> fort. Gleichzeitig m\u00fcssen wir die Nachbarl\u00e4nder unterst\u00fctzen, in die viele verzweifelte Menschen fliehen. Deshalb bringen wir jetzt eine Soforthilfe von 100 Millionen Euro f\u00fcr internationale Hilfsorganisationen auf den Weg. <a href=\"https:\/\/t.co\/35taKkkcVI\">https:\/\/t.co\/35taKkkcVI<\/a><\/p>\n<p>\u2014 Olaf Scholz (@OlafScholz) <a href=\"https:\/\/twitter.com\/OlafScholz\/status\/1428624302044221440?ref_src=twsrc%5Etfw\">August 20, 2021<\/a><\/p><\/blockquote><\/div>\n","protected":false},"excerpt":{"rendered":"<p>Los organismos humanitarios refuerzan los trabajos para proteger a la poblaci\u00f3n afgana. Foto: Xinhua. Organizaciones humanitarias, ONGs y Programas Internacionales centran sus esfuerzos en la fr\u00e1gil situaci\u00f3n de la poblaci\u00f3n afgana, tanto de quienes permanecer\u00e1n en el pa\u00eds como de los que buscan huir por cualquier medio tras el triunfo talib\u00e1n, y en la tensa [&hellip;]<\/p>\n","protected":false},"author":1,"featured_media":14858,"comment_status":"closed","ping_status":"closed","sticky":false,"template":"","format":"standard","meta":[],"categories":[24],"tags":[],"_links":{"self":[{"href":"http:\/\/cordobadirecto.com\/index.php\/wp-json\/wp\/v2\/posts\/14857"}],"collection":[{"href":"http:\/\/cordobadirecto.com\/index.php\/wp-json\/wp\/v2\/posts"}],"about":[{"href":"http:\/\/cordobadirecto.com\/index.php\/wp-json\/wp\/v2\/types\/post"}],"author":[{"embeddable":true,"href":"http:\/\/cordobadirecto.com\/index.php\/wp-json\/wp\/v2\/users\/1"}],"replies":[{"embeddable":true,"href":"http:\/\/cordobadirecto.com\/index.php\/wp-json\/wp\/v2\/comments?post=14857"}],"version-history":[{"count":0,"href":"http:\/\/cordobadirecto.com\/index.php\/wp-json\/wp\/v2\/posts\/14857\/revisions"}],"wp:featuredmedia":[{"embeddable":true,"href":"http:\/\/cordobadirecto.com\/index.php\/wp-json\/wp\/v2\/media\/14858"}],"wp:attachment":[{"href":"http:\/\/cordobadirecto.com\/index.php\/wp-json\/wp\/v2\/media?parent=14857"}],"wp:term":[{"taxonomy":"category","embeddable":true,"href":"http:\/\/cordobadirecto.com\/index.php\/wp-json\/wp\/v2\/categories?post=14857"},{"taxonomy":"post_tag","embeddable":true,"href":"http:\/\/cordobadirecto.com\/index.php\/wp-json\/wp\/v2\/tags?post=14857"}],"curies":[{"name":"wp","href":"https:\/\/api.w.org\/{rel}","templated":true}]}}