{"id":148993,"date":"2024-04-12T19:47:35","date_gmt":"2024-04-12T19:47:35","guid":{"rendered":"https:\/\/cordoba.gob.ar\/?p=56894"},"modified":"2024-04-12T19:47:35","modified_gmt":"2024-04-12T19:47:35","slug":"economia-circular-en-marzo-el-centro-verde-telas-recolecto-casi-12-toneladas-de-residuos-textiles","status":"publish","type":"post","link":"http:\/\/cordobadirecto.com\/index.php\/2024\/04\/12\/economia-circular-en-marzo-el-centro-verde-telas-recolecto-casi-12-toneladas-de-residuos-textiles\/","title":{"rendered":"Econom\u00eda Circular: en marzo, el Centro Verde Telas recolect\u00f3 casi 12 toneladas de residuos textiles"},"content":{"rendered":"<div><img src=\"http:\/\/cordobadirecto.com\/wp-content\/uploads\/2024\/04\/economia-circular-en-marzo-el-centro-verde-telas-recolecto-casi-12-toneladas-de-residuos-textiles.jpg\" class=\"ff-og-image-inserted\"><\/div>\n<ul>\n<li><strong><strong>El predio se encuentra abierto de lunes a viernes en el horario de 08:00 a 17:00 horas.<\/strong><\/strong><br \/>\n<hr>\n<\/li>\n<\/ul>\n<p>Durante el mes de marzo, el Centro Verde Telas, una iniciativa impulsada por la Municipalidad de C\u00f3rdoba a trav\u00e9s del Ente C\u00f3rdoba Obras y Servicios (COyS), logr\u00f3 recolectar un total de 11,73 toneladas de residuos textiles.<\/p>\n<p>Esta cifra se logra gracias al aporte y compromiso de los vecinas y vecinas, otras entidades de reciclaje, empresas locales y emprendimientos.<\/p>\n<p>Estos residuos recolectados luego se transforman en insumos gratuitos para emprendedores y productores locales para que los utilicen como materia prima en sus proyectos, promoviendo as\u00ed la Econom\u00eda Circular y reduciendo el desperdicio.<\/p>\n<p>Para entregar y solicitar insumos, los interesados deben presentarse al centro con una muestra de su producto de lunes a viernes en el horario de 08:00 a 17:00 horas.<\/p>\n<p>Ubicado en la avenida Agust\u00edn Tosco 9561, en el barrio 1\u00b0 de Mayo, el Centro Verde Telas opera en un predio de 1.000 m\u00b2, equipado con tecnolog\u00eda adecuada para procesar los descartes textiles provenientes tanto de los hogares como de las industrias.<\/p>\n<p>El objetivo principal del Centro Verde Telas es catalizar un cambio hacia una econom\u00eda m\u00e1s sostenible. Al enfocarse en la recolecci\u00f3n y procesamiento de residuos textiles, una de las industrias m\u00e1s contaminantes a nivel mundial.<\/p>\n","protected":false},"excerpt":{"rendered":"<p>El predio se encuentra abierto de lunes a viernes en el horario de 08:00 a 17:00 horas. Durante el mes de marzo, el Centro Verde Telas, una iniciativa impulsada por la Municipalidad de C\u00f3rdoba a trav\u00e9s del Ente C\u00f3rdoba Obras y Servicios (COyS), logr\u00f3 recolectar un total de 11,73 toneladas de residuos textiles. Esta cifra [&hellip;]<\/p>\n","protected":false},"author":1,"featured_media":148994,"comment_status":"closed","ping_status":"closed","sticky":false,"template":"","format":"standard","meta":[],"categories":[44],"tags":[],"_links":{"self":[{"href":"http:\/\/cordobadirecto.com\/index.php\/wp-json\/wp\/v2\/posts\/148993"}],"collection":[{"href":"http:\/\/cordobadirecto.com\/index.php\/wp-json\/wp\/v2\/posts"}],"about":[{"href":"http:\/\/cordobadirecto.com\/index.php\/wp-json\/wp\/v2\/types\/post"}],"author":[{"embeddable":true,"href":"http:\/\/cordobadirecto.com\/index.php\/wp-json\/wp\/v2\/users\/1"}],"replies":[{"embeddable":true,"href":"http:\/\/cordobadirecto.com\/index.php\/wp-json\/wp\/v2\/comments?post=148993"}],"version-history":[{"count":0,"href":"http:\/\/cordobadirecto.com\/index.php\/wp-json\/wp\/v2\/posts\/148993\/revisions"}],"wp:featuredmedia":[{"embeddable":true,"href":"http:\/\/cordobadirecto.com\/index.php\/wp-json\/wp\/v2\/media\/148994"}],"wp:attachment":[{"href":"http:\/\/cordobadirecto.com\/index.php\/wp-json\/wp\/v2\/media?parent=148993"}],"wp:term":[{"taxonomy":"category","embeddable":true,"href":"http:\/\/cordobadirecto.com\/index.php\/wp-json\/wp\/v2\/categories?post=148993"},{"taxonomy":"post_tag","embeddable":true,"href":"http:\/\/cordobadirecto.com\/index.php\/wp-json\/wp\/v2\/tags?post=148993"}],"curies":[{"name":"wp","href":"https:\/\/api.w.org\/{rel}","templated":true}]}}